{"id":742,"date":"2025-04-14T08:30:07","date_gmt":"2025-04-14T12:30:07","guid":{"rendered":"https:\/\/radiopoloniawinnipeg.com\/index.php\/2025\/04\/14\/swiat-reaguje-na-barbarzynski-rosyjski-atak-w-sumach\/"},"modified":"2025-04-14T08:30:07","modified_gmt":"2025-04-14T12:30:07","slug":"swiat-reaguje-na-barbarzynski-rosyjski-atak-w-sumach","status":"publish","type":"post","link":"https:\/\/radiopoloniawinnipeg.com\/index.php\/2025\/04\/14\/swiat-reaguje-na-barbarzynski-rosyjski-atak-w-sumach\/","title":{"rendered":"\u015awiat reaguje na barbarzy\u0144ski rosyjski atak w Sumach"},"content":{"rendered":"<p>Mi\u0119dzynarodowa opinia publiczna stanowczo pot\u0119pi\u0142a rosyjski atak rakietowy na Sumy, do kt\u00f3rego dosz\u0142o w Niedziel\u0119 Palmow\u0105. G\u0142os w sprawie zabrali m.in. premier Donald Tusk, szefowa unijnej dyplomacji Kaja Kallas, prezydent Mo\u0142dawii Maia Sandu oraz szef Rady Europejskiej Antonio Costa. G\u0142os zabra\u0142 r\u00f3wnie\u017c prezydent USA Donald Trump. Premier Donald Tusk odni\u00f3s\u0142 si\u0119 do tragicznych wydarze\u0144 podczas obchod\u00f3w 85. rocznicy Zbrodni Katy\u0144skiej: \u2013 Z\u0142o, kt\u00f3re by\u0142o \u017ar\u00f3d\u0142em tamtej zbrodni, nadal czai si\u0119 wok\u00f3\u0142 nas \u2013 m\u00f3wi\u0142. \u2013 Niedziela Palmowa. Przed chwil\u0105 zako\u0144czy\u0142a si\u0119 msza. W mie\u015bcie Sumy na modl\u0105cych si\u0119 \u2013 kobiety, dzieci, m\u0119\u017cczyzn \u2013 spad\u0142y rosyjskie rakiety. Na ulicach le\u017c\u0105 cia\u0142a tych, kt\u00f3rzy zgin\u0119li w tak szczeg\u00f3lnym dniu. \u015amierci\u0105 tak samo tragiczn\u0105, bo zadan\u0105 przez to samo z\u0142o. Bez sensu, bez lito\u015bci. To z\u0142o jest wci\u0105\u017c obecne \u2013 zagro\u017cenie dla naszych s\u0105siad\u00f3w, pokoju, dla Polski i ca\u0142ej Europy. Wed\u0142ug danych Pa\u0144stwowej S\u0142u\u017cby Ukrainy ds. Sytuacji Nadzwyczajnych, w ataku zgin\u0119\u0142o 31 os\u00f3b, w tym dwoje dzieci. Rannych zosta\u0142y 84 osoby, w tym 10 dzieci. Mi\u0119dzynarodowe pot\u0119pienie rosyjskiej agresji Szefowa unijnej dyplomacji Kaja Kallas okre\u015bli\u0142a wydarzenia w Sumach mianem \u201eprzera\u017caj\u0105cych scen\u201d. Przypomnia\u0142a, \u017ce Ukraina og\u0142osi\u0142a bezwarunkowe zawieszenie broni, podczas gdy Rosja odpowiedzia\u0142a eskalacj\u0105 przemocy. Oburzenie wyrazi\u0142 r\u00f3wnie\u017c przewodnicz\u0105cy Rady Europejskiej Antonio Costa: \u2013 Rosja kontynuuje kampani\u0119 przemocy, pokazuj\u0105c po raz kolejny, \u017ce ta wojna trwa tylko dlatego, \u017ce Rosja tego chce. Unia Europejska zawsze b\u0119dzie sta\u0107 po stronie bohaterskiego narodu Ukrainy. Sprawcy musz\u0105 zosta\u0107 poci\u0105gni\u0119ci do odpowiedzialno\u015bci \u2013 napisa\u0142. Prezydent Mo\u0142dawii Maia Sandu r\u00f3wnie\u017c zabra\u0142a g\u0142os: \u2013 Niedziela Palmowa to dzie\u0144 pokoju. Dzi\u015b rano, gdy ludzie zebrali si\u0119 na modlitwie, Rosja zbombardowa\u0142a Sumy \u2013 zabijaj\u0105c i rani\u0105c cywil\u00f3w. Mo\u0142dawia p\u0142acze wraz z Ukrain\u0105 i wzywa do wzmocnienia obrony powietrznej, aby ratowa\u0107 ludzkie \u017cycie. Agresor musi ponie\u015b\u0107 konsekwencje. Nie ma usprawiedliwienia dla takiego z\u0142a. Ukraina apeluje o pomoc, USA komentuj\u0105 Ministerstwo Spraw Zagranicznych Rumunii r\u00f3wnie\u017c pot\u0119pi\u0142o atak, wskazuj\u0105c, \u017ce \u201ezamiast przestrzegania zawieszenia broni, Rosja oferuje jedynie kolejne akty przemocy\u201d. Wezwa\u0142o do zaprzestania zbrodni i wyrazi\u0142o solidarno\u015b\u0107 z Ukrain\u0105. Tymczasem ukrai\u0144ska dyplomacja apeluje do Zachodu o zwi\u0119kszenie presji na Moskw\u0119 i wzmocnienie system\u00f3w obrony powietrznej. Reakcj\u0119 wyrazi\u0142y tak\u017ce Stany Zjednoczone. Specjalny wys\u0142annik Donalda Trumpa ds. Ukrainy, emerytowany genera\u0142 Keith Kellogg, napisa\u0142: \u2013 Dzisiejszy atak si\u0142 rosyjskich w Niedziel\u0119 Palmow\u0105 na cele cywilne w Sumach przekracza wszelkie granice przyzwoito\u015bci. Jako by\u0142y dow\u00f3dca wojskowy wiem, jak wybiera si\u0119 cele \u2013 to by\u0142o absolutnie niew\u0142a\u015bciwe. Kontrowersje wok\u00f3\u0142 s\u0142\u00f3w Kellogga i komentarz Trumpa Keith Kellogg Dwa dni wcze\u015bniej Kellogg wzbudzi\u0142 kontrowersje wypowiedzi\u0105 dla dziennika \u201eTimes\u201d, w kt\u00f3rej zasugerowa\u0142 mo\u017cliwo\u015b\u0107 podzia\u0142u Ukrainy na wz\u00f3r Berlina po II wojnie \u015bwiatowej. M\u00f3wi\u0142 o utworzeniu stref kontrolowanych przez wojska brytyjskie, francuskie, rosyjskie i ukrai\u0144skie. Po burzy medialnej wyja\u015bni\u0142 w mediach spo\u0142eczno\u015bciowych, \u017ce jego s\u0142owa zosta\u0142y \u017ale zinterpretowane, a jego intencj\u0105 by\u0142o wspieranie suwerenno\u015bci Ukrainy. Do rosyjskiego ataku odni\u00f3s\u0142 si\u0119 tak\u017ce Donald Trump, wracaj\u0105c z Florydy do Waszyngtonu: \u2013 My\u015bl\u0119, \u017ce to by\u0142o straszne. Powiedziano mi, \u017ce Rosjanie pope\u0142nili b\u0142\u0105d, ale uwa\u017cam, \u017ce ta wojna nigdy nie powinna si\u0119 rozpocz\u0105\u0107. To wojna Bidena, nie moja. Gdybym by\u0142 prezydentem, do niej by nie dosz\u0142o \u2013 stwierdzi\u0142. Dopytywany o \u201eb\u0142\u0105d\u201d Rosjan, Trump odpar\u0142 jedynie: \u2013 Po prostu pope\u0142nili b\u0142\u0105d. Podkre\u015bli\u0142, \u017ce miliony ludzi nie powinny zgin\u0105\u0107, a odpowiedzialno\u015bci\u0105 za wojn\u0119 obarczy\u0142 fa\u0142szerstwa wyborcze i brak szacunku Putina dla obecnych lider\u00f3w. Sekretarz stanu Marco Rubio w bardziej pow\u015bci\u0105gliwym komentarzu nazwa\u0142 atak \u201eprzera\u017caj\u0105cym\u201d i wyrazi\u0142 wsp\u00f3\u0142czucie dla ofiar. Podkre\u015bli\u0142, \u017ce to tragiczne przypomnienie, dlaczego administracja Trumpa podejmuje wysi\u0142ki, by zako\u0144czy\u0107 konflikt i osi\u0105gn\u0105\u0107 trwa\u0142y pok\u00f3j. Na podst. PAP, Reuters, AP<\/p>\n","protected":false},"excerpt":{"rendered":"<p>Mi\u0119dzynarodowa opinia publiczna stanowczo pot\u0119pi\u0142a rosyjski atak rakietowy na Sumy, do kt\u00f3rego dosz\u0142o w Niedziel\u0119 Palmow\u0105. G\u0142os w sprawie zabrali m.in. premier Donald Tusk, szefowa&hellip;<\/p>\n","protected":false},"author":3,"featured_media":743,"comment_status":"open","ping_status":"open","sticky":false,"template":"","format":"standard","meta":{"footnotes":""},"categories":[15],"tags":[],"class_list":["post-742","post","type-post","status-publish","format-standard","has-post-thumbnail","hentry","category-swiat"],"_links":{"self":[{"href":"https:\/\/radiopoloniawinnipeg.com\/index.php\/wp-json\/wp\/v2\/posts\/742","targetHints":{"allow":["GET"]}}],"collection":[{"href":"https:\/\/radiopoloniawinnipeg.com\/index.php\/wp-json\/wp\/v2\/posts"}],"about":[{"href":"https:\/\/radiopoloniawinnipeg.com\/index.php\/wp-json\/wp\/v2\/types\/post"}],"author":[{"embeddable":true,"href":"https:\/\/radiopoloniawinnipeg.com\/index.php\/wp-json\/wp\/v2\/users\/3"}],"replies":[{"embeddable":true,"href":"https:\/\/radiopoloniawinnipeg.com\/index.php\/wp-json\/wp\/v2\/comments?post=742"}],"version-history":[{"count":0,"href":"https:\/\/radiopoloniawinnipeg.com\/index.php\/wp-json\/wp\/v2\/posts\/742\/revisions"}],"wp:featuredmedia":[{"embeddable":true,"href":"https:\/\/radiopoloniawinnipeg.com\/index.php\/wp-json\/wp\/v2\/media\/743"}],"wp:attachment":[{"href":"https:\/\/radiopoloniawinnipeg.com\/index.php\/wp-json\/wp\/v2\/media?parent=742"}],"wp:term":[{"taxonomy":"category","embeddable":true,"href":"https:\/\/radiopoloniawinnipeg.com\/index.php\/wp-json\/wp\/v2\/categories?post=742"},{"taxonomy":"post_tag","embeddable":true,"href":"https:\/\/radiopoloniawinnipeg.com\/index.php\/wp-json\/wp\/v2\/tags?post=742"}],"curies":[{"name":"wp","href":"https:\/\/api.w.org\/{rel}","templated":true}]}}