{"id":744,"date":"2025-04-14T10:30:06","date_gmt":"2025-04-14T14:30:06","guid":{"rendered":"https:\/\/radiopoloniawinnipeg.com\/index.php\/2025\/04\/14\/dramat-pilkarza-slaska-wroclaw-z-meczu-na-stol-operacyjny\/"},"modified":"2025-04-14T10:30:06","modified_gmt":"2025-04-14T14:30:06","slug":"dramat-pilkarza-slaska-wroclaw-z-meczu-na-stol-operacyjny","status":"publish","type":"post","link":"https:\/\/radiopoloniawinnipeg.com\/index.php\/2025\/04\/14\/dramat-pilkarza-slaska-wroclaw-z-meczu-na-stol-operacyjny\/","title":{"rendered":"Dramat pi\u0142karza \u015al\u0105ska Wroc\u0142aw. Z meczu na st\u00f3\u0142 operacyjny"},"content":{"rendered":"<p>Kapitan \u015al\u0105ska Wroc\u0142aw, Petr Schwarz, tu\u017c po zako\u0144czonym meczu z Cracovi\u0105 trafi\u0142 do szpitala, gdzie przeszed\u0142 piln\u0105 operacj\u0119. Jak poinformowa\u0142 klub, konieczne by\u0142o natychmiastowe otwarcie jamy brzusznej w trybie ostrym. Wroc\u0142awianie, walcz\u0105cy o utrzymanie w pi\u0142karskiej ekstraklasie, odnie\u015bli w sobot\u0119 wyjazdowe zwyci\u0119stwo nad Cracovi\u0105 4:2. By\u0142a to dopiero pi\u0105ta wygrana \u015al\u0105ska w tym sezonie, ale niezwykle cenna \u2013 dzi\u0119ki niej dru\u017cyna opu\u015bci\u0142a ostatnie miejsce w ligowej tabeli. Sukces ten zosta\u0142 jednak okupiony powa\u017cnym uszczerbkiem na zdrowiu kapitana zespo\u0142u. W ko\u0144c\u00f3wce spotkania Schwarz zderzy\u0142 si\u0119 z Ajdinem Hasicem, zawodnikiem gospodarzy. Cho\u0107 zdo\u0142a\u0142 dogra\u0107 mecz do ko\u0144ca i nie zg\u0142asza\u0142 \u017cadnych dolegliwo\u015bci ani na boisku, ani bezpo\u015brednio po jego zako\u0144czeniu, problemy zdrowotne pojawi\u0142y si\u0119 w drodze powrotnej do Wroc\u0142awia. Kapitan trafi\u0142 do szpitala \u201ePi\u0142karz skar\u017cy\u0142 si\u0119 na silne b\u00f3le brzucha i pod opiek\u0105 klubowego lekarza oraz fizjoterapeut\u00f3w zosta\u0142 przewieziony na Szpitalny Oddzia\u0142 Ratunkowy\u201d \u2013 przekazano w oficjalnym komunikacie. Przeprowadzone badania wykaza\u0142y, \u017ce niezb\u0119dna jest natychmiastowa operacja. Klub poinformowa\u0142, \u017ce wykonano \u201ezabieg operacyjnego otwarcia jamy brzusznej w trybie ostrym\u201d. Na ten moment nie wiadomo, co dok\u0142adnie dolega Schwarzowi. Pi\u0142karz wci\u0105\u017c przebywa w szpitalu. \u201eO stanie zdrowia kapitana b\u0119dziemy informowa\u0107 na bie\u017c\u0105co\u201d \u2013 zadeklarowa\u0142 klub. Petr Schwarz rozegra\u0142 w bie\u017c\u0105cym sezonie 28 spotka\u0144 w barwach \u015al\u0105ska Wroc\u0142aw i zdoby\u0142 pi\u0119\u0107 bramek. Na podst. Polsat News<\/p>\n","protected":false},"excerpt":{"rendered":"<p>Kapitan \u015al\u0105ska Wroc\u0142aw, Petr Schwarz, tu\u017c po zako\u0144czonym meczu z Cracovi\u0105 trafi\u0142 do szpitala, gdzie przeszed\u0142 piln\u0105 operacj\u0119. Jak poinformowa\u0142 klub, konieczne by\u0142o natychmiastowe otwarcie&hellip;<\/p>\n","protected":false},"author":3,"featured_media":745,"comment_status":"open","ping_status":"open","sticky":false,"template":"","format":"standard","meta":{"footnotes":""},"categories":[14],"tags":[],"class_list":["post-744","post","type-post","status-publish","format-standard","has-post-thumbnail","hentry","category-polska"],"_links":{"self":[{"href":"https:\/\/radiopoloniawinnipeg.com\/index.php\/wp-json\/wp\/v2\/posts\/744","targetHints":{"allow":["GET"]}}],"collection":[{"href":"https:\/\/radiopoloniawinnipeg.com\/index.php\/wp-json\/wp\/v2\/posts"}],"about":[{"href":"https:\/\/radiopoloniawinnipeg.com\/index.php\/wp-json\/wp\/v2\/types\/post"}],"author":[{"embeddable":true,"href":"https:\/\/radiopoloniawinnipeg.com\/index.php\/wp-json\/wp\/v2\/users\/3"}],"replies":[{"embeddable":true,"href":"https:\/\/radiopoloniawinnipeg.com\/index.php\/wp-json\/wp\/v2\/comments?post=744"}],"version-history":[{"count":0,"href":"https:\/\/radiopoloniawinnipeg.com\/index.php\/wp-json\/wp\/v2\/posts\/744\/revisions"}],"wp:featuredmedia":[{"embeddable":true,"href":"https:\/\/radiopoloniawinnipeg.com\/index.php\/wp-json\/wp\/v2\/media\/745"}],"wp:attachment":[{"href":"https:\/\/radiopoloniawinnipeg.com\/index.php\/wp-json\/wp\/v2\/media?parent=744"}],"wp:term":[{"taxonomy":"category","embeddable":true,"href":"https:\/\/radiopoloniawinnipeg.com\/index.php\/wp-json\/wp\/v2\/categories?post=744"},{"taxonomy":"post_tag","embeddable":true,"href":"https:\/\/radiopoloniawinnipeg.com\/index.php\/wp-json\/wp\/v2\/tags?post=744"}],"curies":[{"name":"wp","href":"https:\/\/api.w.org\/{rel}","templated":true}]}}