{"id":762,"date":"2025-04-15T07:15:03","date_gmt":"2025-04-15T11:15:03","guid":{"rendered":"https:\/\/radiopoloniawinnipeg.com\/index.php\/2025\/04\/15\/debata-w-konskich-sztab-trzaskowskiego-zawiadamia-prokurature\/"},"modified":"2025-04-15T07:15:03","modified_gmt":"2025-04-15T11:15:03","slug":"debata-w-konskich-sztab-trzaskowskiego-zawiadamia-prokurature","status":"publish","type":"post","link":"https:\/\/radiopoloniawinnipeg.com\/index.php\/2025\/04\/15\/debata-w-konskich-sztab-trzaskowskiego-zawiadamia-prokurature\/","title":{"rendered":"Debata w Ko\u0144skich. Sztab Trzaskowskiego zawiadamia prokuratur\u0119"},"content":{"rendered":"<p>Szefowa sztabu Rafa\u0142a Trzaskowskiego, Wioletta Paprocka, poinformowa\u0142a o skierowaniu zawiadomienia do prokuratury w zwi\u0105zku z wydarzeniami, kt\u00f3re mia\u0142y miejsce w Ko\u0144skich tu\u017c przed rozpocz\u0119ciem debaty prezydenckiej. Jej zdaniem dosz\u0142o tam do \u201epr\u00f3by brutalnego zak\u0142\u00f3cenia demokratycznego wydarzenia\u201d. \u201eAgresja, zastraszanie i prowokacje nie mog\u0105 by\u0107 akceptowane\u201d \u2013 napisa\u0142a Paprocka na platformie X, podkre\u015blaj\u0105c, \u017ce sytuacja wymaga zdecydowanej reakcji prawnej i spo\u0142ecznej. Jak relacjonuje wsp\u00f3\u0142pracowniczka polityka Koalicji Obywatelskiej, dosz\u0142o m.in. do zniszczenia hali, pr\u00f3b si\u0142owego wtargni\u0119cia do budynku mimo apeli o zaprzestanie dzia\u0142a\u0144, a tak\u017ce do awantur i akt\u00f3w agresji, kt\u00f3re \u2013 wed\u0142ug niej \u2013 by\u0142y dzie\u0142em sympatyk\u00f3w PiS oraz dziennikarzy Telewizji Republika, dzia\u0142aj\u0105cych wsp\u00f3lnie. \u201eW pa\u0144stwie prawa takie dzia\u0142ania musz\u0105 spotka\u0107 si\u0119 z jednoznaczn\u0105 i stanowcz\u0105 reakcj\u0105. Demokracja wymaga szacunku, uczciwo\u015bci i zasad \u2013 a nie przemocy i politycznego teatru. Polki i Polacy oczekuj\u0105 debaty prowadzonej z klas\u0105, bez atmosfery nagonki i chaosu\u201d \u2013 zaznaczy\u0142a Paprocka. PiS r\u00f3wnie\u017c zawiadamia prokuratur\u0119 W odpowiedzi na zarzuty sztabu Trzaskowskiego, politycy Prawa i Sprawiedliwo\u015bci r\u00f3wnie\u017c zapowiedzieli z\u0142o\u017cenie zawiadomienia do prokuratury. Andrzej \u015aliwka z PiS o\u015bwiadczy\u0142, \u017ce debata w Ko\u0144skich zosta\u0142a sfinansowana ze \u015brodk\u00f3w komitetu wyborczego Rafa\u0142a Trzaskowskiego, a koszty nie zosta\u0142y dot\u0105d rozliczone. Jak podkre\u015bli\u0142, partia uzyska\u0142a dokumenty \u015bwiadcz\u0105ce o zawarciu umowy pomi\u0119dzy zarz\u0105dem Obiekt\u00f3w Sportowych i Rekreacyjnych (OSiR) w Ko\u0144skich a sp\u00f3\u0142k\u0105 Dom Mediowy AM Studio Sp. z o.o., kt\u00f3rej w\u0142a\u015bcicielem jest Andrzej Mobus. \u015aliwka zaznaczy\u0142, \u017ce Mobus jest \u201eprzyjacielem Donalda Tuska i S\u0142awomira Nowaka\u201d, a jego firma od lat organizuje wydarzenia Platformy Obywatelskiej. Doda\u0142 r\u00f3wnie\u017c, \u017ce AM Studio prowadzi kampani\u0119 wyborcz\u0105 Trzaskowskiego, a wed\u0142ug doniesie\u0144 \u201eDziennika Gazety Prawnej\u201d odpowiada r\u00f3wnie\u017c za organizacj\u0119 \u201ePikniku 1000-lecia\u201d. Na podst. Polsat News<\/p>\n","protected":false},"excerpt":{"rendered":"<p>Szefowa sztabu Rafa\u0142a Trzaskowskiego, Wioletta Paprocka, poinformowa\u0142a o skierowaniu zawiadomienia do prokuratury w zwi\u0105zku z wydarzeniami, kt\u00f3re mia\u0142y miejsce w Ko\u0144skich tu\u017c przed rozpocz\u0119ciem debaty&hellip;<\/p>\n","protected":false},"author":3,"featured_media":763,"comment_status":"open","ping_status":"open","sticky":false,"template":"","format":"standard","meta":{"footnotes":""},"categories":[14],"tags":[],"class_list":["post-762","post","type-post","status-publish","format-standard","has-post-thumbnail","hentry","category-polska"],"_links":{"self":[{"href":"https:\/\/radiopoloniawinnipeg.com\/index.php\/wp-json\/wp\/v2\/posts\/762","targetHints":{"allow":["GET"]}}],"collection":[{"href":"https:\/\/radiopoloniawinnipeg.com\/index.php\/wp-json\/wp\/v2\/posts"}],"about":[{"href":"https:\/\/radiopoloniawinnipeg.com\/index.php\/wp-json\/wp\/v2\/types\/post"}],"author":[{"embeddable":true,"href":"https:\/\/radiopoloniawinnipeg.com\/index.php\/wp-json\/wp\/v2\/users\/3"}],"replies":[{"embeddable":true,"href":"https:\/\/radiopoloniawinnipeg.com\/index.php\/wp-json\/wp\/v2\/comments?post=762"}],"version-history":[{"count":0,"href":"https:\/\/radiopoloniawinnipeg.com\/index.php\/wp-json\/wp\/v2\/posts\/762\/revisions"}],"wp:featuredmedia":[{"embeddable":true,"href":"https:\/\/radiopoloniawinnipeg.com\/index.php\/wp-json\/wp\/v2\/media\/763"}],"wp:attachment":[{"href":"https:\/\/radiopoloniawinnipeg.com\/index.php\/wp-json\/wp\/v2\/media?parent=762"}],"wp:term":[{"taxonomy":"category","embeddable":true,"href":"https:\/\/radiopoloniawinnipeg.com\/index.php\/wp-json\/wp\/v2\/categories?post=762"},{"taxonomy":"post_tag","embeddable":true,"href":"https:\/\/radiopoloniawinnipeg.com\/index.php\/wp-json\/wp\/v2\/tags?post=762"}],"curies":[{"name":"wp","href":"https:\/\/api.w.org\/{rel}","templated":true}]}}