{"id":766,"date":"2025-04-15T10:15:06","date_gmt":"2025-04-15T14:15:06","guid":{"rendered":"https:\/\/radiopoloniawinnipeg.com\/index.php\/2025\/04\/15\/stracil-mowe-dostal-rekordowe-odszkodowanie\/"},"modified":"2025-04-15T10:15:06","modified_gmt":"2025-04-15T14:15:06","slug":"stracil-mowe-dostal-rekordowe-odszkodowanie","status":"publish","type":"post","link":"https:\/\/radiopoloniawinnipeg.com\/index.php\/2025\/04\/15\/stracil-mowe-dostal-rekordowe-odszkodowanie\/","title":{"rendered":"Straci\u0142 mow\u0119, dosta\u0142 rekordowe odszkodowanie"},"content":{"rendered":"<p>W Polsce przyznano rekordowe odszkodowanie w wysoko\u015bci ponad 200 tysi\u0119cy z\u0142otych pacjentowi, kt\u00f3ry na skutek b\u0142\u0119d\u00f3w diagnostycznych straci\u0142 mow\u0119. Decyzj\u0119 o przyznaniu \u015bwiadczenia podj\u0105\u0142 Rzecznik Praw Pacjenta, a \u015brodki wyp\u0142acono z Funduszu Kompensacyjnego Zdarze\u0144 Medycznych. Rzecznik Praw Pacjenta, Bart\u0142omiej Chmielowiec, poinformowa\u0142 o najwy\u017cszym dot\u0105d odszkodowaniu przyznanym z Funduszu. Sprawa dotyczy m\u0119\u017cczyzny, kt\u00f3ry zg\u0142asza\u0142 problemy z chrypk\u0105, chrapaniem i trudno\u015bciami w oddychaniu. Jak si\u0119 p\u00f3\u017aniej okaza\u0142o, dolegliwo\u015bci te by\u0142y objawami raka krtani. Niestety, wskutek nieprawid\u0142owego post\u0119powania diagnostycznego rozpoznanie nowotworu op\u00f3\u017ani\u0142o si\u0119 o ponad 15 miesi\u0119cy. Op\u00f3\u017aniona diagnoza sprawi\u0142a, \u017ce konieczne by\u0142o ca\u0142kowite usuni\u0119cie krtani, co w konsekwencji doprowadzi\u0142o do trwa\u0142ej utraty mowy. \u201eW zwi\u0105zku z trwa\u0142ym uszczerbkiem na zdrowiu, uci\u0105\u017cliwo\u015bci\u0105 leczenia oraz pogorszeniem jako\u015bci \u017cycia, Rzecznik Praw Pacjenta przyzna\u0142 pacjentowi z Funduszu Kompensacyjnego Zdarze\u0144 Medycznych kwot\u0119 w wysoko\u015bci 202 971 z\u0142otych\u201d \u2013 przekazano w oficjalnym komunikacie. Dodatkowo pacjent otrzyma\u0142 za\u015bwiadczenie, kt\u00f3re umo\u017cliwia mu korzystanie poza kolejno\u015bci\u0105 ze \u015bwiadcze\u0144 zdrowotnych oraz us\u0142ug farmaceutycznych dost\u0119pnych w aptekach. Fundusz Kompensacyjny Zdarze\u0144 Medycznych Dzia\u0142aj\u0105cy od wrze\u015bnia 2023 roku Fundusz Kompensacyjny Zdarze\u0144 Medycznych umo\u017cliwia pacjentom uzyskanie rekompensaty bez konieczno\u015bci prowadzenia wieloletnich proces\u00f3w s\u0105dowych. Ma on na celu ochron\u0119 praw pacjent\u00f3w oraz zapewnienie im sprawiedliwego wsparcia w przypadku niepo\u017c\u0105danych zdarze\u0144 medycznych. \u201eFundusz zapewnia realne wsparcie poszkodowanym pacjentom i ich rodzinom. Ma r\u00f3wnie\u017c znaczenie dla lekarzy, poniewa\u017c ogranicza konieczno\u015b\u0107 anga\u017cowania si\u0119 w d\u0142ugie post\u0119powania s\u0105dowe. W d\u0142u\u017cszej perspektywie analiza zg\u0142aszanych przypadk\u00f3w pozwoli lepiej zrozumie\u0107 \u017ar\u00f3d\u0142a b\u0142\u0119d\u00f3w medycznych, co przyczyni si\u0119 do poprawy standard\u00f3w opieki zdrowotnej w Polsce\u201d \u2013 zaznaczono w komunikacie. Z danych przedstawionych przez Rzecznika Praw Pacjenta wynika, \u017ce od momentu uruchomienia Funduszu przyznano ju\u017c ponad 19 milion\u00f3w z\u0142otych dla 318 os\u00f3b. A\u017c 99 proc. pacjent\u00f3w i wnioskodawc\u00f3w zaakceptowa\u0142o przyznane \u015bwiadczenia, a \u015brednia ich wysoko\u015b\u0107 wynios\u0142a niemal 61 tysi\u0119cy z\u0142otych. Na podst. Polsat News<\/p>\n","protected":false},"excerpt":{"rendered":"<p>W Polsce przyznano rekordowe odszkodowanie w wysoko\u015bci ponad 200 tysi\u0119cy z\u0142otych pacjentowi, kt\u00f3ry na skutek b\u0142\u0119d\u00f3w diagnostycznych straci\u0142 mow\u0119. Decyzj\u0119 o przyznaniu \u015bwiadczenia podj\u0105\u0142 Rzecznik&hellip;<\/p>\n","protected":false},"author":3,"featured_media":767,"comment_status":"open","ping_status":"open","sticky":false,"template":"","format":"standard","meta":{"footnotes":""},"categories":[14],"tags":[],"class_list":["post-766","post","type-post","status-publish","format-standard","has-post-thumbnail","hentry","category-polska"],"_links":{"self":[{"href":"https:\/\/radiopoloniawinnipeg.com\/index.php\/wp-json\/wp\/v2\/posts\/766","targetHints":{"allow":["GET"]}}],"collection":[{"href":"https:\/\/radiopoloniawinnipeg.com\/index.php\/wp-json\/wp\/v2\/posts"}],"about":[{"href":"https:\/\/radiopoloniawinnipeg.com\/index.php\/wp-json\/wp\/v2\/types\/post"}],"author":[{"embeddable":true,"href":"https:\/\/radiopoloniawinnipeg.com\/index.php\/wp-json\/wp\/v2\/users\/3"}],"replies":[{"embeddable":true,"href":"https:\/\/radiopoloniawinnipeg.com\/index.php\/wp-json\/wp\/v2\/comments?post=766"}],"version-history":[{"count":0,"href":"https:\/\/radiopoloniawinnipeg.com\/index.php\/wp-json\/wp\/v2\/posts\/766\/revisions"}],"wp:featuredmedia":[{"embeddable":true,"href":"https:\/\/radiopoloniawinnipeg.com\/index.php\/wp-json\/wp\/v2\/media\/767"}],"wp:attachment":[{"href":"https:\/\/radiopoloniawinnipeg.com\/index.php\/wp-json\/wp\/v2\/media?parent=766"}],"wp:term":[{"taxonomy":"category","embeddable":true,"href":"https:\/\/radiopoloniawinnipeg.com\/index.php\/wp-json\/wp\/v2\/categories?post=766"},{"taxonomy":"post_tag","embeddable":true,"href":"https:\/\/radiopoloniawinnipeg.com\/index.php\/wp-json\/wp\/v2\/tags?post=766"}],"curies":[{"name":"wp","href":"https:\/\/api.w.org\/{rel}","templated":true}]}}