{"id":7676,"date":"2026-03-10T10:15:04","date_gmt":"2026-03-10T14:15:04","guid":{"rendered":"https:\/\/radiopoloniawinnipeg.com\/index.php\/2026\/03\/10\/dzien-pamieci-zolnierzy-wykletych-w-toronto\/"},"modified":"2026-03-10T10:15:04","modified_gmt":"2026-03-10T14:15:04","slug":"dzien-pamieci-zolnierzy-wykletych-w-toronto","status":"publish","type":"post","link":"https:\/\/radiopoloniawinnipeg.com\/index.php\/2026\/03\/10\/dzien-pamieci-zolnierzy-wykletych-w-toronto\/","title":{"rendered":"Dzie\u0144 Pami\u0119ci \u201e\u017bo\u0142nierzy Wykl\u0119tych\u201d w Toronto"},"content":{"rendered":"<p><img decoding=\"async\" loading=\"lazy\" class=\"aligncenter size-custom-full-size wp-image-238553\" src=\"https:\/\/bejsment.com\/wp-content\/uploads\/2026\/03\/IMG_0632-636x477.jpg\" alt=\"\" width=\"636\" height=\"477\" \/><\/p>\n<p><strong>Na obchody\u00a0Narodowego Dnia Pami\u0119ci \u201c\u017bo\u0142nierzy Wykl\u0119tych\u201d, zorganizowane w\u00a0niedziel\u0119 1 marca 2026 r. przez Kongres Polonii Kanadyjskiej Okr\u0119g Toronto, zostali zaproszeni przedstawiciele Konsulatu Generalnego RP w Toronto, organizacje, poczty sztandarowe i ca\u0142a Polonia.<\/strong><\/p>\n<p>O godz.\u00a010.00,\u00a0w ko\u015bciele \u015bw. Stanis\u0142awa Kostki przy 12 Denison Ave w Toronto, odprawiona\u00a0zosta\u0142a uroczysta Msza \u015awi\u0119ta przez O. S\u0142awomira Ob\u0142\u0105ka OMI z mocn\u0105 patriotyczn\u0105 homili\u0105 po\u015bwi\u0119con\u0105 pami\u0119ci niez\u0142omnych \u017co\u0142nierzy, dla kt\u00f3rych Polska by\u0142a jak w\u0142asna Matka, kt\u00f3r\u0105 kochali i kt\u00f3rej nie mo\u017cna porzuci\u0107.<\/p>\n<p><img decoding=\"async\" loading=\"lazy\" class=\"aligncenter size-custom-full-size wp-image-238559\" src=\"https:\/\/bejsment.com\/wp-content\/uploads\/2026\/03\/IMG_0650-636x477.jpg\" alt=\"\" width=\"636\" height=\"477\" \/><\/p>\n<p>Po Mszy \u015awi\u0119tej odby\u0142a si\u0119 oficjalna uroczysto\u015b\u0107 w sali parafialnej. Otwarcia dokona\u0142 i wyg\u0142osi\u0142 s\u0142owo wst\u0119pne prowadz\u0105cy to spotkanie prezes KPK OT p. Jan Cytowski, po czym, wsp\u00f3lnie z zas\u0142u\u017con\u0105 dla polskiej kultury piosenkark\u0105 p. Teres\u0105 Klimuszko, wszyscy od\u015bpiewali polski hymn i minut\u0105 ciszy uczcili pami\u0119\u0107 bohater\u00f3w.<\/p>\n<p>Nast\u0119pnie zostali powitani: konsul RP p. Justyna Frelak, weteran Powstania Warszawskiego, prezes Ko\u0142a b. \u017bo\u0142nierzy Armii Krajowej p. Stanis\u0142aw Wo\u017aniak, poczty sztandarowe Zwi\u0105zku Narodowego Polskiego w Kanadzie z prezesem Gminy 1 p. J\u00f3zefem Aleksandrowiczem i cz\u0142onkiem zarz\u0105du p. Bogdanem Jakubowskim, poczty sztandarowe Stowarzyszenia Weteran\u00f3w Polskich w Ameryce z komendantem Plac\u00f3wki 114 p. Adamem Dawidkiem oraz cz\u0142onkami i Korpusem Pomocniczym Pa\u0144, Ko\u0142o Pa\u0144 \u201eNadzieja\u201d, uczniowie Szko\u0142y Polskiej przy Konsulacie RP w Toronto im. Gen. J\u00f3zefa Hallera z dyrektor p. Sylwi\u0105 Krup\u0105, redaktor naczelny tygodnika \u201eGoniec\u201d p. Andrzej Kumor i wszyscy go\u015bcie.<\/p>\n<p>Wyg\u0142oszone z kolei przem\u00f3wienia by\u0142y pe\u0142ne historycznej tre\u015bci, refleksji i troski o pami\u0119\u0107 o Niez\u0142omnych Bohaterach.<\/p>\n<p>Prezes Jan Cytowski odni\u00f3s\u0142 si\u0119 do okre\u015blenia s\u0142\u00f3w \u201eNiez\u0142omni\u201d w przeciwie\u0144stwie do \u201eWykl\u0119ci\u201d i przybli\u017cy\u0142 fakty i okoliczno\u015bci, kt\u00f3re doprowadzi\u0142y do ustanowienia Dnia Pami\u0119ci \u201e\u017bo\u0142nierzy Wykl\u0119tych\u201d. M\u00f3wi\u0142: \u201eNajbardziej smutne dla nas, Polonii, jest to, \u017ce dzisiaj, a zw\u0142aszcza po 13 grudnia, problem od\u017cy\u0142. S\u0105 \u015brodowiska, kt\u00f3re szczyc\u0105 si\u0119 tym, \u017ce nie b\u0119dzie upami\u0119tniania \u017bo\u0142nierzy Wykl\u0119tych. Wykre\u015bla si\u0119 Ink\u0119, Kurasia (\u201eOgnia\u201d) i wielu Wykl\u0119tych\u201d. Zako\u0144czy\u0142: &#8220;Wierz\u0119, \u017ce nast\u0105pi otrze\u017awienie i patriotyczna ocena historii, zgodna z Polsk\u0105 Racj\u0105 Stanu. Ten dzie\u0144 to dzie\u0144 refleksji nad dziejami wsp\u00f3\u0142czesnej naszej Ojczyzny\u201d.<\/p>\n<p>O konieczno\u015bci przekazywania wiedzy i prawdy historycznej m\u0142odemu pokoleniu m\u00f3wi\u0142a konsul RP p. Justyna Frelak.<\/p>\n<p>Uzupe\u0142nieniem uroczysto\u015bci by\u0142\u00a0patriotyczny program s\u0142owno-muzyczny przygotowany i prezentowany przez uczni\u00f3w Szko\u0142y\u00a0Polskiej przy Konsulacie Generalnym RP w Toronto pod kierunkiem dyr. p. Sylwii Krupy.<\/p>\n<p>Narodowy Dzie\u0144 Pami\u0119ci \u201e\u017bo\u0142nierzy Wykl\u0119tych\u201d jest obchodzony corocznie\u00a01 marca\u00a0od 2011 roku. Obchody tego Dnia w Toronto maj\u0105 ju\u017c kilkuletni\u0105 tradycj\u0119 i do\u0142\u0105czy\u0142y do sta\u0142ych wydarze\u0144 organizowanych przez KPK OT dla ca\u0142ej Polonii, aby pami\u0119\u0107 o \u017cyciu, czynach i \u015bmierci naszych bohater\u00f3w trwa\u0142a i by\u0142a lekcj\u0105 dla pokole\u0144.<\/p>\n<p><img decoding=\"async\" loading=\"lazy\" class=\"aligncenter size-custom-full-size wp-image-238558\" src=\"https:\/\/bejsment.com\/wp-content\/uploads\/2026\/03\/IMG_0509-rotated.jpg\" alt=\"\" width=\"480\" height=\"640\" \/><\/p>\n<p><img decoding=\"async\" loading=\"lazy\" class=\"aligncenter size-custom-full-size wp-image-238557\" src=\"https:\/\/bejsment.com\/wp-content\/uploads\/2026\/03\/IMG_0541-rotated.jpg\" alt=\"\" width=\"480\" height=\"640\" \/><\/p>\n<p><img decoding=\"async\" loading=\"lazy\" class=\"aligncenter size-custom-full-size wp-image-238557\" src=\"https:\/\/bejsment.com\/wp-content\/uploads\/2026\/03\/IMG_0541-rotated.jpg\" alt=\"\" width=\"480\" height=\"640\" \/><\/p>\n<p><img decoding=\"async\" loading=\"lazy\" class=\"aligncenter size-custom-full-size wp-image-238556\" src=\"https:\/\/bejsment.com\/wp-content\/uploads\/2026\/03\/IMG_0495-rotated.jpg\" alt=\"\" width=\"480\" height=\"640\" \/><\/p>\n<p><img decoding=\"async\" loading=\"lazy\" class=\"aligncenter size-custom-full-size wp-image-238555\" src=\"https:\/\/bejsment.com\/wp-content\/uploads\/2026\/03\/IMG_0544-rotated.jpg\" alt=\"\" width=\"480\" height=\"640\" \/><\/p>\n<p><img decoding=\"async\" loading=\"lazy\" class=\"aligncenter size-custom-full-size wp-image-238554\" src=\"https:\/\/bejsment.com\/wp-content\/uploads\/2026\/03\/IMG_0631-636x477.jpg\" alt=\"\" width=\"636\" height=\"477\" \/><\/p>\n<p><img decoding=\"async\" loading=\"lazy\" class=\"aligncenter size-custom-full-size wp-image-238552\" src=\"https:\/\/bejsment.com\/wp-content\/uploads\/2026\/03\/IMG_0644-636x477.jpg\" alt=\"\" width=\"636\" height=\"477\" \/><\/p>\n<p><img decoding=\"async\" loading=\"lazy\" class=\"aligncenter size-custom-full-size wp-image-238551\" src=\"https:\/\/bejsment.com\/wp-content\/uploads\/2026\/03\/IMG_0623-636x477.jpg\" alt=\"\" width=\"636\" height=\"477\" \/><\/p>\n<p style=\"text-align: right\"><em><strong>Krystyna Sroczy\u0144ska, KPK OT.<\/strong><\/em><br \/>\n<em><strong>\u00a0Zdj\u0119cia: Aniela Ga\u0144czak, KPK OT.<\/strong><\/em><\/p>\n","protected":false},"excerpt":{"rendered":"<p>Na obchody\u00a0Narodowego Dnia Pami\u0119ci \u201c\u017bo\u0142nierzy Wykl\u0119tych\u201d, zorganizowane w\u00a0niedziel\u0119 1 marca 2026 r. przez Kongres Polonii Kanadyjskiej Okr\u0119g Toronto, zostali zaproszeni przedstawiciele Konsulatu Generalnego RP w&hellip;<\/p>\n","protected":false},"author":3,"featured_media":7677,"comment_status":"open","ping_status":"open","sticky":false,"template":"","format":"standard","meta":{"footnotes":""},"categories":[20],"tags":[],"class_list":["post-7676","post","type-post","status-publish","format-standard","has-post-thumbnail","hentry","category-polacy-w-kanadzie"],"_links":{"self":[{"href":"https:\/\/radiopoloniawinnipeg.com\/index.php\/wp-json\/wp\/v2\/posts\/7676","targetHints":{"allow":["GET"]}}],"collection":[{"href":"https:\/\/radiopoloniawinnipeg.com\/index.php\/wp-json\/wp\/v2\/posts"}],"about":[{"href":"https:\/\/radiopoloniawinnipeg.com\/index.php\/wp-json\/wp\/v2\/types\/post"}],"author":[{"embeddable":true,"href":"https:\/\/radiopoloniawinnipeg.com\/index.php\/wp-json\/wp\/v2\/users\/3"}],"replies":[{"embeddable":true,"href":"https:\/\/radiopoloniawinnipeg.com\/index.php\/wp-json\/wp\/v2\/comments?post=7676"}],"version-history":[{"count":0,"href":"https:\/\/radiopoloniawinnipeg.com\/index.php\/wp-json\/wp\/v2\/posts\/7676\/revisions"}],"wp:featuredmedia":[{"embeddable":true,"href":"https:\/\/radiopoloniawinnipeg.com\/index.php\/wp-json\/wp\/v2\/media\/7677"}],"wp:attachment":[{"href":"https:\/\/radiopoloniawinnipeg.com\/index.php\/wp-json\/wp\/v2\/media?parent=7676"}],"wp:term":[{"taxonomy":"category","embeddable":true,"href":"https:\/\/radiopoloniawinnipeg.com\/index.php\/wp-json\/wp\/v2\/categories?post=7676"},{"taxonomy":"post_tag","embeddable":true,"href":"https:\/\/radiopoloniawinnipeg.com\/index.php\/wp-json\/wp\/v2\/tags?post=7676"}],"curies":[{"name":"wp","href":"https:\/\/api.w.org\/{rel}","templated":true}]}}