{"id":7686,"date":"2026-03-10T16:30:03","date_gmt":"2026-03-10T20:30:03","guid":{"rendered":"https:\/\/radiopoloniawinnipeg.com\/index.php\/2026\/03\/10\/zamyka-sie-pewien-rozdzial-ksiegarni-pegaz\/"},"modified":"2026-03-10T16:30:03","modified_gmt":"2026-03-10T20:30:03","slug":"zamyka-sie-pewien-rozdzial-ksiegarni-pegaz","status":"publish","type":"post","link":"https:\/\/radiopoloniawinnipeg.com\/index.php\/2026\/03\/10\/zamyka-sie-pewien-rozdzial-ksiegarni-pegaz\/","title":{"rendered":"Zamyka si\u0119 pewien rozdzia\u0142 ksi\u0119garni Pegaz"},"content":{"rendered":"<p><em><a href=\"https:\/\/bejsment.com\/wp-content\/uploads\/2026\/03\/pegaz-str2.jpg\"><img decoding=\"async\" loading=\"lazy\" class=\"aligncenter size-custom-full-size wp-image-238645\" src=\"https:\/\/bejsment.com\/wp-content\/uploads\/2026\/03\/pegaz-str2-636x369.jpg\" alt=\"\" width=\"636\" height=\"369\" \/><\/a><\/em><\/p>\n<p><em><span style=\"font-weight: 400\">Ze wzgl\u0119du na ma\u0142o przychylne czasy dla s\u0142owa drukowanego zmuszeni jeste\u015bmy ograniczy\u0107 dzia\u0142alno\u015b\u0107 w Starsky 2.<br \/>\n<\/span><\/em><em><span style=\"font-weight: 400\">Dzi\u0119kujemy Wam bardzo serdecznie za te kilkana\u015bcie lat wsp\u00f3\u0142pracy \u2665\ufe0f<br \/>\n<\/span><\/em><em><span style=\"font-weight: 400\">To by\u0142y niezwyk\u0142e tygodnie, miesi\u0105ce i lata.\u00a0<\/span><\/em><\/p>\n<p><em><span style=\"font-weight: 400\">Niestety dobre czasy dla takich miejsc ju\u017c dawno si\u0119 sko\u0144czy\u0142y, a walka o kolejny miesi\u0105c przetrwania ju\u017c dawno przekroczy\u0142a nasze mo\u017cliwo\u015bci.<br \/>\n<\/span><\/em><em><span style=\"font-weight: 400\">Nie \u017cegnamy si\u0119 jednak z Wami <\/p>\n","protected":false},"excerpt":{"rendered":"<p>Ze wzgl\u0119du na ma\u0142o przychylne czasy dla s\u0142owa drukowanego zmuszeni jeste\u015bmy ograniczy\u0107 dzia\u0142alno\u015b\u0107 w Starsky 2. Dzi\u0119kujemy Wam bardzo serdecznie za te kilkana\u015bcie lat wsp\u00f3\u0142pracy&hellip;<\/p>\n","protected":false},"author":3,"featured_media":7687,"comment_status":"open","ping_status":"open","sticky":false,"template":"","format":"standard","meta":{"footnotes":""},"categories":[20],"tags":[],"class_list":["post-7686","post","type-post","status-publish","format-standard","has-post-thumbnail","hentry","category-polacy-w-kanadzie"],"_links":{"self":[{"href":"https:\/\/radiopoloniawinnipeg.com\/index.php\/wp-json\/wp\/v2\/posts\/7686","targetHints":{"allow":["GET"]}}],"collection":[{"href":"https:\/\/radiopoloniawinnipeg.com\/index.php\/wp-json\/wp\/v2\/posts"}],"about":[{"href":"https:\/\/radiopoloniawinnipeg.com\/index.php\/wp-json\/wp\/v2\/types\/post"}],"author":[{"embeddable":true,"href":"https:\/\/radiopoloniawinnipeg.com\/index.php\/wp-json\/wp\/v2\/users\/3"}],"replies":[{"embeddable":true,"href":"https:\/\/radiopoloniawinnipeg.com\/index.php\/wp-json\/wp\/v2\/comments?post=7686"}],"version-history":[{"count":0,"href":"https:\/\/radiopoloniawinnipeg.com\/index.php\/wp-json\/wp\/v2\/posts\/7686\/revisions"}],"wp:featuredmedia":[{"embeddable":true,"href":"https:\/\/radiopoloniawinnipeg.com\/index.php\/wp-json\/wp\/v2\/media\/7687"}],"wp:attachment":[{"href":"https:\/\/radiopoloniawinnipeg.com\/index.php\/wp-json\/wp\/v2\/media?parent=7686"}],"wp:term":[{"taxonomy":"category","embeddable":true,"href":"https:\/\/radiopoloniawinnipeg.com\/index.php\/wp-json\/wp\/v2\/categories?post=7686"},{"taxonomy":"post_tag","embeddable":true,"href":"https:\/\/radiopoloniawinnipeg.com\/index.php\/wp-json\/wp\/v2\/tags?post=7686"}],"curies":[{"name":"wp","href":"https:\/\/api.w.org\/{rel}","templated":true}]}}