{"id":774,"date":"2025-04-16T07:30:05","date_gmt":"2025-04-16T11:30:05","guid":{"rendered":"https:\/\/radiopoloniawinnipeg.com\/index.php\/2025\/04\/16\/nowe-taryfy-na-energie-elektryczna\/"},"modified":"2025-04-16T07:30:05","modified_gmt":"2025-04-16T11:30:05","slug":"nowe-taryfy-na-energie-elektryczna","status":"publish","type":"post","link":"https:\/\/radiopoloniawinnipeg.com\/index.php\/2025\/04\/16\/nowe-taryfy-na-energie-elektryczna\/","title":{"rendered":"Nowe taryfy na energi\u0119 elektryczn\u0105"},"content":{"rendered":"<p>Nowe taryfy za pr\u0105d op\u00f3\u017anione o trzy miesi\u0105ce. Oficjalnie rz\u0105d chce da\u0107 czas na spadki cen, ale prawdopodobnie tak naprawd\u0119 nie chce dra\u017cni\u0107 podwy\u017ckami ludzi w czasie wybor\u00f3w. Dlatego rz\u0105d przyj\u0105\u0142 nowelizacj\u0119 ustawy o ochronie odbiorc\u00f3w energii, kt\u00f3ra zak\u0142ada op\u00f3\u017anienie wej\u015bcia w \u017cycie nowych taryf na energi\u0119 elektryczn\u0105. Zgodnie z decyzj\u0105 Rady Ministr\u00f3w, nowe stawki b\u0119d\u0105 obowi\u0105zywa\u0107 dopiero od 1 pa\u017adziernika 2025 roku, a nie \u2013 jak pierwotnie zak\u0142adano \u2013 od 1 lipca. \u2013 Chronili\u015bmy i b\u0119dziemy chroni\u0107 polskie rodziny przed wzrostem cen energii elektrycznej \u2013 podkre\u015bli\u0142a w komunikacie ministra klimatu i \u015brodowiska Paulina Hennig-Kloska. Jak zaznaczy\u0142a, decyzja o przesuni\u0119ciu terminu ma na celu umo\u017cliwienie przeniesienia spadk\u00f3w cen hurtowych na odbiorc\u00f3w ko\u0144cowych. Czas na z\u0142o\u017cenie wniosk\u00f3w wyd\u0142u\u017cony Zgodnie z obowi\u0105zuj\u0105cymi przepisami, sprzedawcy energii mieli do 30 kwietnia z\u0142o\u017cy\u0107 do Prezesa Urz\u0119du Regulacji Energetyki wnioski o zmian\u0119 taryf, kt\u00f3re mia\u0142yby wej\u015b\u0107 w \u017cycie z pocz\u0105tkiem lipca. Nowelizacja wyd\u0142u\u017ca ten termin do 31 lipca, co pozwoli firmom energetycznym uwzgl\u0119dni\u0107 aktualn\u0105 sytuacj\u0119 na rynku. W uzasadnieniu do projektu wskazano, \u017ce obecnie ceny hurtowe energii elektrycznej kszta\u0142tuj\u0105 si\u0119 na poziomie od 400 do 500 z\u0142 za megawatogodzin\u0119 (MWh). To wyra\u017anie mniej ni\u017c obecne ceny taryfowe, wynosz\u0105ce \u015brednio 622,80 z\u0142 za MWh. Rz\u0105d liczy na spadek cen Ministerstwo klimatu przewiduje, \u017ce nowe taryfy, kt\u00f3re zaczn\u0105 obowi\u0105zywa\u0107 od 1 pa\u017adziernika, b\u0119d\u0105 ni\u017csze ni\u017c obecnie. Ma to przynie\u015b\u0107 ulg\u0119 gospodarstwom domowym, zw\u0142aszcza w obliczu stale malej\u0105cych cen na rynku hurtowym. \u2013 Odsuwamy wej\u015bcie w \u017cycie nowych taryf, by spadki cen na rynku hurtowym prze\u0142o\u017cy\u0142y si\u0119 r\u00f3wnie\u017c na ich wysoko\u015b\u0107 \u2013 zaznaczy\u0142a ministra Hennig-Kloska. Przysz\u0142o\u015b\u0107 zamro\u017conych cen niepewna Do ko\u0144ca wrze\u015bnia 2025 roku gospodarstwa domowe wci\u0105\u017c b\u0119d\u0105 korzysta\u0107 z zamro\u017conej ceny energii elektrycznej na poziomie 500 z\u0142 za MWh. Rz\u0105d nie og\u0142osi\u0142 jeszcze, czy zamierza przed\u0142u\u017cy\u0107 obowi\u0105zywanie tej regulacji po tym terminie. Na podst. Polsat News<\/p>\n","protected":false},"excerpt":{"rendered":"<p>Nowe taryfy za pr\u0105d op\u00f3\u017anione o trzy miesi\u0105ce. Oficjalnie rz\u0105d chce da\u0107 czas na spadki cen, ale prawdopodobnie tak naprawd\u0119 nie chce dra\u017cni\u0107 podwy\u017ckami ludzi&hellip;<\/p>\n","protected":false},"author":3,"featured_media":775,"comment_status":"open","ping_status":"open","sticky":false,"template":"","format":"standard","meta":{"footnotes":""},"categories":[14],"tags":[],"class_list":["post-774","post","type-post","status-publish","format-standard","has-post-thumbnail","hentry","category-polska"],"_links":{"self":[{"href":"https:\/\/radiopoloniawinnipeg.com\/index.php\/wp-json\/wp\/v2\/posts\/774","targetHints":{"allow":["GET"]}}],"collection":[{"href":"https:\/\/radiopoloniawinnipeg.com\/index.php\/wp-json\/wp\/v2\/posts"}],"about":[{"href":"https:\/\/radiopoloniawinnipeg.com\/index.php\/wp-json\/wp\/v2\/types\/post"}],"author":[{"embeddable":true,"href":"https:\/\/radiopoloniawinnipeg.com\/index.php\/wp-json\/wp\/v2\/users\/3"}],"replies":[{"embeddable":true,"href":"https:\/\/radiopoloniawinnipeg.com\/index.php\/wp-json\/wp\/v2\/comments?post=774"}],"version-history":[{"count":0,"href":"https:\/\/radiopoloniawinnipeg.com\/index.php\/wp-json\/wp\/v2\/posts\/774\/revisions"}],"wp:featuredmedia":[{"embeddable":true,"href":"https:\/\/radiopoloniawinnipeg.com\/index.php\/wp-json\/wp\/v2\/media\/775"}],"wp:attachment":[{"href":"https:\/\/radiopoloniawinnipeg.com\/index.php\/wp-json\/wp\/v2\/media?parent=774"}],"wp:term":[{"taxonomy":"category","embeddable":true,"href":"https:\/\/radiopoloniawinnipeg.com\/index.php\/wp-json\/wp\/v2\/categories?post=774"},{"taxonomy":"post_tag","embeddable":true,"href":"https:\/\/radiopoloniawinnipeg.com\/index.php\/wp-json\/wp\/v2\/tags?post=774"}],"curies":[{"name":"wp","href":"https:\/\/api.w.org\/{rel}","templated":true}]}}