{"id":778,"date":"2025-04-16T09:45:03","date_gmt":"2025-04-16T13:45:03","guid":{"rendered":"https:\/\/radiopoloniawinnipeg.com\/index.php\/2025\/04\/16\/problemy-finansowe-kanadyjczykow-rosna\/"},"modified":"2025-04-16T09:45:03","modified_gmt":"2025-04-16T13:45:03","slug":"problemy-finansowe-kanadyjczykow-rosna","status":"publish","type":"post","link":"https:\/\/radiopoloniawinnipeg.com\/index.php\/2025\/04\/16\/problemy-finansowe-kanadyjczykow-rosna\/","title":{"rendered":"Problemy finansowe Kanadyjczyk\u00f3w  rosn\u0105"},"content":{"rendered":"<p>Coraz wi\u0119cej mieszka\u0144c\u00f3w Kanady boryka si\u0119 z trudno\u015bciami finansowymi. Niepewno\u015b\u0107 gospodarcza, niestabilno\u015b\u0107 polityczna i rosn\u0105ce koszty \u017cycia sprawiaj\u0105, \u017ce nawet osoby wcze\u015bniej radz\u0105ce sobie bez problem\u00f3w, dzi\u015b szukaj\u0105 pomocy i wsparcia. W\u0142a\u015bciciele dom\u00f3w pod presj\u0105 Mason Cox, dyrektor dzia\u0142u doradztwa w Credit Counselling Society, zauwa\u017ca, \u017ce do organizacji zg\u0142asza si\u0119 coraz wi\u0119cej w\u0142a\u015bcicieli nieruchomo\u015bci, kt\u00f3rzy wcze\u015bniej mieli wi\u0119cej mo\u017cliwo\u015bci finansowego manewru. \u2013 Widzimy ludzi, kt\u00f3rzy nigdy wcze\u015bniej nie musieli prosi\u0107 o pomoc, a teraz s\u0105 przyparci do muru \u2013 m\u00f3wi Cox. Emeryci trac\u0105 oszcz\u0119dno\u015bci, m\u0142odzi walcz\u0105 o przetrwanie Obecna niestabilno\u015b\u0107 rynk\u00f3w szczeg\u00f3lnie dotyka osoby starsze. W wyniku spadk\u00f3w ich oszcz\u0119dno\u015bci emerytalne trac\u0105 na warto\u015bci, co rodzi niepok\u00f3j o przysz\u0142o\u015b\u0107. M\u0142odsze pokolenia zmagaj\u0105 si\u0119 z innymi wyzwaniami: wysokie ceny mieszka\u0144 i wynajmu, koszty utrzymania rodziny, niskie zarobki i konieczno\u015b\u0107 pracy na kilku etatach. Zad\u0142u\u017cenie przeci\u0119tnego gospodarstwa domowego Cox zwraca uwag\u0119, \u017ce kluczowym problemem jest narastaj\u0105ce zad\u0142u\u017cenie. Przeci\u0119tne gospodarstwo domowe w Kanadzie ma d\u0142ugi si\u0119gaj\u0105ce dziesi\u0105tek tysi\u0119cy dolar\u00f3w, nawet je\u015bli oboje doros\u0142ych pracuje na pe\u0142ny etat. \u2013 Koszt \u017cycia to nie tylko jedzenie i paliwo. To tak\u017ce op\u0142aty za mieszkanie, kt\u00f3rych wysoko\u015b\u0107 od lat jest tematem publicznej debaty \u2013 podkre\u015bla ekspert. Pokolenie w potrzasku: dzieci i seniorzy pod jednym dachem Osoby w wieku od 35 do 54 lat s\u0105 dzi\u015b jedn\u0105 z najbardziej obci\u0105\u017conych grup spo\u0142ecznych. Wychowuj\u0105 dzieci i opiekuj\u0105 si\u0119 starzej\u0105cymi si\u0119 rodzicami \u2013 cz\u0119sto jednocze\u015bnie. \u2013 Ka\u017cda kolejna warstwa odpowiedzialno\u015bci tylko zwi\u0119ksza presj\u0119. To codzienno\u015b\u0107 wielu rodzin w Kanadzie \u2013 t\u0142umaczy Cox. Coraz wi\u0119cej os\u00f3b szuka pomocy finansowej Pomimo wci\u0105\u017c istniej\u0105cych stereotyp\u00f3w wok\u00f3\u0142 korzystania z doradztwa finansowego, coraz wi\u0119cej os\u00f3b zaczyna szuka\u0107 profesjonalnego wsparcia. \u2013 Pieni\u0105dze to temat, kt\u00f3ry b\u0119dzie obecny przez ca\u0142e \u017cycie. Lepiej zmierzy\u0107 si\u0119 z problemem wcze\u015bniej ni\u017c p\u00f3\u017aniej \u2013 radzi Cox. Ekspert zach\u0119ca, by podej\u015b\u0107 do swojej sytuacji finansowej realistycznie: je\u015bli nie sta\u0107 ci\u0119 na wakacje czy letni ob\u00f3z dla dzieci \u2013 warto skupi\u0107 si\u0119 na sp\u0142acie d\u0142ug\u00f3w i tworzeniu podstawowych oszcz\u0119dno\u015bci. Dane z raportu o zad\u0142u\u017ceniu konsumenckim 2025 Zgodnie z najnowszym raportem: 44% Kanadyjczyk\u00f3w uwa\u017ca, \u017ce wzrost st\u00f3p procentowych utrudnia zarz\u0105dzanie zad\u0142u\u017ceniem, prawie 25% respondent\u00f3w przyznaje, \u017ce z tego powodu ma problemy ze snem. Inflacja nieco w d\u00f3\u0142, ale nie rozwi\u0105zuje problemu We wtorek og\u0142oszono, \u017ce inflacja spad\u0142a w marcu do 2,3%, g\u0142\u00f3wnie dzi\u0119ki ni\u017cszym cenom paliwa: ceny benzyny spad\u0142y o 1,6% w ci\u0105gu miesi\u0105ca, bilety lotnicze by\u0142y o 12% ta\u0144sze ni\u017c rok wcze\u015bniej, co jest zwi\u0105zane z ograniczeniem podr\u00f3\u017cy do USA. Mimo tych pozytywnych sygna\u0142\u00f3w, sytuacja finansowa wielu rodzin pozostaje trudna, a obci\u0105\u017cenia zwi\u0105zane z codziennym \u017cyciem \u2013 wysokie jak nigdy wcze\u015bniej. Na podst. Canadian Press<\/p>\n","protected":false},"excerpt":{"rendered":"<p>Coraz wi\u0119cej mieszka\u0144c\u00f3w Kanady boryka si\u0119 z trudno\u015bciami finansowymi. Niepewno\u015b\u0107 gospodarcza, niestabilno\u015b\u0107 polityczna i rosn\u0105ce koszty \u017cycia sprawiaj\u0105, \u017ce nawet osoby wcze\u015bniej radz\u0105ce sobie bez&hellip;<\/p>\n","protected":false},"author":3,"featured_media":779,"comment_status":"open","ping_status":"open","sticky":false,"template":"","format":"standard","meta":{"footnotes":""},"categories":[12],"tags":[],"class_list":["post-778","post","type-post","status-publish","format-standard","has-post-thumbnail","hentry","category-kanada"],"_links":{"self":[{"href":"https:\/\/radiopoloniawinnipeg.com\/index.php\/wp-json\/wp\/v2\/posts\/778","targetHints":{"allow":["GET"]}}],"collection":[{"href":"https:\/\/radiopoloniawinnipeg.com\/index.php\/wp-json\/wp\/v2\/posts"}],"about":[{"href":"https:\/\/radiopoloniawinnipeg.com\/index.php\/wp-json\/wp\/v2\/types\/post"}],"author":[{"embeddable":true,"href":"https:\/\/radiopoloniawinnipeg.com\/index.php\/wp-json\/wp\/v2\/users\/3"}],"replies":[{"embeddable":true,"href":"https:\/\/radiopoloniawinnipeg.com\/index.php\/wp-json\/wp\/v2\/comments?post=778"}],"version-history":[{"count":0,"href":"https:\/\/radiopoloniawinnipeg.com\/index.php\/wp-json\/wp\/v2\/posts\/778\/revisions"}],"wp:featuredmedia":[{"embeddable":true,"href":"https:\/\/radiopoloniawinnipeg.com\/index.php\/wp-json\/wp\/v2\/media\/779"}],"wp:attachment":[{"href":"https:\/\/radiopoloniawinnipeg.com\/index.php\/wp-json\/wp\/v2\/media?parent=778"}],"wp:term":[{"taxonomy":"category","embeddable":true,"href":"https:\/\/radiopoloniawinnipeg.com\/index.php\/wp-json\/wp\/v2\/categories?post=778"},{"taxonomy":"post_tag","embeddable":true,"href":"https:\/\/radiopoloniawinnipeg.com\/index.php\/wp-json\/wp\/v2\/tags?post=778"}],"curies":[{"name":"wp","href":"https:\/\/api.w.org\/{rel}","templated":true}]}}