{"id":780,"date":"2025-04-16T10:30:04","date_gmt":"2025-04-16T14:30:04","guid":{"rendered":"https:\/\/radiopoloniawinnipeg.com\/index.php\/2025\/04\/16\/trzaskowski-ma-problem-jestem-troche-podlamany\/"},"modified":"2025-04-16T10:30:04","modified_gmt":"2025-04-16T14:30:04","slug":"trzaskowski-ma-problem-jestem-troche-podlamany","status":"publish","type":"post","link":"https:\/\/radiopoloniawinnipeg.com\/index.php\/2025\/04\/16\/trzaskowski-ma-problem-jestem-troche-podlamany\/","title":{"rendered":"Trzaskowski ma problem. \u201eJestem troch\u0119 pod\u0142amany&#8221;"},"content":{"rendered":"<p>Cho\u0107 Rafa\u0142 Trzaskowski w sonda\u017cach prezydenckich utrzymuje pozycj\u0119 lidera, jego spotkania z wyborcami nie zawsze przyci\u0105gaj\u0105 t\u0142umy. Coraz cz\u0119\u015bciej pojawiaj\u0105 si\u0119 g\u0142osy o niskiej frekwencji, co kontrastuje ze scenami z wiec\u00f3w innych kandydat\u00f3w, szczeg\u00f3lnie S\u0142awomira Mentzena. Kampania kandydata Koalicji Obywatelskiej trwa \u2013 Trzaskowski odwiedza kolejne miasta w Polsce. Jednak jak zauwa\u017ca \u201eWirtualna Polska\u201d, liczba uczestnik\u00f3w jego spotka\u0144 pozostawia wiele do \u017cyczenia, zw\u0142aszcza w por\u00f3wnaniu z wydarzeniami organizowanymi przez Mentzena, czy Nawrockiego, kt\u00f3re regularnie gromadz\u0105 setki, a nawet tysi\u0105ce sympatyk\u00f3w. \u2013 Te\u017c si\u0119 zastanawiam, czemu tak jest. Zobaczymy, jak b\u0119dzie dzi\u015b, ludzie si\u0119 jeszcze schodz\u0105, ale jestem troch\u0119 pod\u0142amany, \u017ce frekwencja jest tak niska. M\u0142odzi daj\u0105 si\u0119 Mentzenowi nakr\u0119ci\u0107. My ju\u017c swoje prze\u017cyli\u015bmy i wiemy, w jakim kierunku i\u015b\u0107 \u2013 m\u00f3wi\u0142 Wies\u0142aw Andrusiuk, uczestnik jednego ze spotka\u0144 Trzaskowskiego w Janowie Podlaskim. Z kolei Krzysztof Kowaluk z Bia\u0142ej Podlaskiej wskazuje, \u017ce niska frekwencja nie musi oznacza\u0107 spadku poparcia. \u2013 Je\u017celi kto\u015b ju\u017c wie, na kogo chce g\u0142osowa\u0107, to po co ma przychodzi\u0107? \u2013 zastanawia si\u0119. https:\/\/twitter.com\/KONFEDERACJA_\/status\/1911366975898395100 Jak podaje WP, mimo obaw, na jednym z ostatnich spotka\u0144 z Rafa\u0142em Trzaskowskim pojawi\u0142o si\u0119 kilkaset os\u00f3b, co pozwoli\u0142o unikn\u0105\u0107 kompromitacji. Na ni\u017csz\u0105 frekwencj\u0119 w kampanii kandydata KO zwracaj\u0105 te\u017c uwag\u0119 politycy Konfederacji, zestawiaj\u0105c j\u0105 z popularno\u015bci\u0105 swojego lidera. Tylko jedna debata z udzia\u0142em Trzaskowskiego Za kandydatami ju\u017c trzy debaty prezydenckie, jednak Rafa\u0142 Trzaskowski wzi\u0105\u0142 udzia\u0142 tylko w jednej z nich \u2013 tej organizowanej wsp\u00f3lnie przez TVP, TVN i Polsat. Cho\u0107 mia\u0142a ona najwi\u0119cej medialnego zasi\u0119gu, nie spotka\u0142a si\u0119 z jednoznacznie pozytywnym odbiorem. Pierwsza debata odby\u0142a si\u0119 w Ko\u0144skich i by\u0142a wsp\u00f3lnym przedsi\u0119wzi\u0119ciem TV Republika, wPolsce24 i TV Trwam. Tego samego dnia przeprowadzono drug\u0105, wsp\u00f3\u0142organizowan\u0105 przez media g\u0142\u00f3wnego nurtu, kt\u00f3rej prowadzenie i spos\u00f3b finansowania wzbudzi\u0142y du\u017ce kontrowersje \u2013 tak\u017ce w\u015br\u00f3d konkurencyjnych sztab\u00f3w. Ostatnia z debat mia\u0142a miejsce w poniedzia\u0142ek w siedzibie TV Republika. Trzaskowski nie pojawi\u0142 si\u0119 na niej \u2013 zamiast niego jeden z kandydat\u00f3w, Marek Jakubiak, przyni\u00f3s\u0142 i ustawi\u0142 za pulpitem tekturow\u0105 posta\u0107 lidera KO. Ten symboliczny gest mia\u0142 podkre\u015bli\u0107 jego nieobecno\u015b\u0107 w debacie. Na podst. WP<\/p>\n","protected":false},"excerpt":{"rendered":"<p>Cho\u0107 Rafa\u0142 Trzaskowski w sonda\u017cach prezydenckich utrzymuje pozycj\u0119 lidera, jego spotkania z wyborcami nie zawsze przyci\u0105gaj\u0105 t\u0142umy. Coraz cz\u0119\u015bciej pojawiaj\u0105 si\u0119 g\u0142osy o niskiej frekwencji,&hellip;<\/p>\n","protected":false},"author":3,"featured_media":781,"comment_status":"open","ping_status":"open","sticky":false,"template":"","format":"standard","meta":{"footnotes":""},"categories":[14],"tags":[],"class_list":["post-780","post","type-post","status-publish","format-standard","has-post-thumbnail","hentry","category-polska"],"_links":{"self":[{"href":"https:\/\/radiopoloniawinnipeg.com\/index.php\/wp-json\/wp\/v2\/posts\/780","targetHints":{"allow":["GET"]}}],"collection":[{"href":"https:\/\/radiopoloniawinnipeg.com\/index.php\/wp-json\/wp\/v2\/posts"}],"about":[{"href":"https:\/\/radiopoloniawinnipeg.com\/index.php\/wp-json\/wp\/v2\/types\/post"}],"author":[{"embeddable":true,"href":"https:\/\/radiopoloniawinnipeg.com\/index.php\/wp-json\/wp\/v2\/users\/3"}],"replies":[{"embeddable":true,"href":"https:\/\/radiopoloniawinnipeg.com\/index.php\/wp-json\/wp\/v2\/comments?post=780"}],"version-history":[{"count":0,"href":"https:\/\/radiopoloniawinnipeg.com\/index.php\/wp-json\/wp\/v2\/posts\/780\/revisions"}],"wp:featuredmedia":[{"embeddable":true,"href":"https:\/\/radiopoloniawinnipeg.com\/index.php\/wp-json\/wp\/v2\/media\/781"}],"wp:attachment":[{"href":"https:\/\/radiopoloniawinnipeg.com\/index.php\/wp-json\/wp\/v2\/media?parent=780"}],"wp:term":[{"taxonomy":"category","embeddable":true,"href":"https:\/\/radiopoloniawinnipeg.com\/index.php\/wp-json\/wp\/v2\/categories?post=780"},{"taxonomy":"post_tag","embeddable":true,"href":"https:\/\/radiopoloniawinnipeg.com\/index.php\/wp-json\/wp\/v2\/tags?post=780"}],"curies":[{"name":"wp","href":"https:\/\/api.w.org\/{rel}","templated":true}]}}