{"id":790,"date":"2025-04-16T21:45:02","date_gmt":"2025-04-17T01:45:02","guid":{"rendered":"https:\/\/radiopoloniawinnipeg.com\/index.php\/2025\/04\/16\/debata-liderow-szefowi-ndp-wylaczono-mikrofon\/"},"modified":"2025-04-16T21:45:02","modified_gmt":"2025-04-17T01:45:02","slug":"debata-liderow-szefowi-ndp-wylaczono-mikrofon","status":"publish","type":"post","link":"https:\/\/radiopoloniawinnipeg.com\/index.php\/2025\/04\/16\/debata-liderow-szefowi-ndp-wylaczono-mikrofon\/","title":{"rendered":"Debata lider\u00f3w &#8211; szefowi NDP wy\u0142\u0105czono mikrofon"},"content":{"rendered":"<p>Lider Partii Liberalnej, Mark Carney, podczas \u015brodowej debaty prowadzonej w j\u0119zyku francuskim spotka\u0142 si\u0119 z krytyk\u0105 rywali, kt\u00f3rzy zarzucili mu brak kontaktu z rzeczywisto\u015bci\u0105 zwyk\u0142ych ludzi oraz brak wyra\u017anej r\u00f3\u017cnicy wobec polityki jego poprzednika. Carney odrzuci\u0142 te oskar\u017cenia, argumentuj\u0105c, \u017ce jest najlepiej przygotowany do stawienia czo\u0142a kryzysowi gospodarczemu i rosn\u0105cemu zagro\u017ceniu ze strony USA. Lider konserwatyst\u00f3w Pierre Poilievre zarzuci\u0142 Carneyowi, \u017ce by\u0142 doradc\u0105 ekonomicznym Justina Trudeau, a ponowne wybranie libera\u0142\u00f3w po raz czwarty z rz\u0119du tylko utrwali\u0142oby dotychczasow\u0105 sytuacj\u0105. Podkre\u015bli\u0142, \u017ce Carney wsp\u00f3\u0142pracowa\u0142 z poprzednim rz\u0105dem w czasie pandemii, a p\u00f3\u017aniej tak\u017ce jako doradca na cz\u0119\u015b\u0107 etatu. \u201eProblem polega na tym, panie Carney, \u017ce wasza partia rz\u0105dzi od dekady. Pan jest jak Trudeau. Potrzeba zmian\u201d \u2014 powiedzia\u0142 Poilievre. Carney powiedzia\u0142:\u00a0 \u201eNie jestem Justinem Trudeau i pan r\u00f3wnie\u017c nim nie jest. To nie o niego chodzi. Pytanie brzmi, kto potrafi stawi\u0107 czo\u0142a Trumpowi i przeprowadzi\u0107 nas przez ten kryzys\u201d \u2014 podkre\u015bli\u0142. Doda\u0142, \u017ce kraj potrzebuje rz\u0105du zdolnego do szybkiego i zdecydowanego dzia\u0142ania, a on sam skupi si\u0119 na odbudowie gospodarki. Poilievre dalej naciska\u0142, pytaj\u0105c Carneya, czy nie wstydzi si\u0119 prosi\u0107 obywateli o kolejn\u0105 kadencj\u0119 po latach niepowodze\u0144, jak rosn\u0105ca przest\u0119pczo\u015b\u0107 czy problemy gospodarcze. Zasugerowa\u0142 te\u017c, \u017ce polityka \u015brodowiskowa libera\u0142\u00f3w zaszkodzi\u0142a przemys\u0142owi naftowemu i gazowemu oraz doprowadzi\u0142a do napi\u0119\u0107 mi\u0119dzy regionami kraju. Carney odpar\u0142, \u017ce nie ponosi odpowiedzialno\u015bci za b\u0142\u0119dy poprzednik\u00f3w i przypomnia\u0142, \u017ce liderem zosta\u0142 dopiero miesi\u0105c temu. W tym kr\u00f3tkim czasie \u2014 jak zaznaczy\u0142 \u2014 zd\u0105\u017cy\u0142 m.in. obni\u017cy\u0107 podatek w\u0119glowy, zacie\u015bni\u0107 wsp\u00f3\u0142prac\u0119 z prowincjami w kwestii handlu wewn\u0119trznego, nawi\u0105za\u0107 porozumienie wojskowe z Australi\u0105 oraz rozpocz\u0105\u0107 rozmowy handlowe z Francj\u0105 i Wielk\u0105 Brytani\u0105. Na pytanie po debacie, czy uwa\u017ca Justina Trudeau za dobrego premiera, Carney odpowiedzia\u0142, \u017ce jego poprzednik mia\u0142 istotny wk\u0142ad w rozw\u00f3j kraju, szczeg\u00f3lnie w zakresie pojednania z rdzenn\u0105 ludno\u015bci\u0105 i polityki r\u00f3wno\u015bci. Jednocze\u015bnie zaznaczy\u0142, \u017ce jako nowy lider zamierza postawi\u0107 zdecydowanie wi\u0119kszy nacisk na rozw\u00f3j gospodarczy. Poilievre odrzuci\u0142 por\u00f3wnania do Trumpa i zapewni\u0142, \u017ce jest got\u00f3w szybko doj\u015b\u0107 do porozumienia z Amerykanami w sprawie zako\u0144czenia sporu handlowego. Krytykowa\u0142 r\u00f3wnie\u017c liberaln\u0105 polityk\u0119 zagraniczn\u0105, m\u00f3wi\u0105c, \u017ce uczyni\u0142a Kanad\u0119 s\u0142absz\u0105 i bardziej zale\u017cn\u0105 od USA. Singh z kolei zarzuci\u0142 Poilievre\u2019owi, \u017ce jego polityka doprowadzi\u0142aby do \u201ezamerykanizowania\u201d Kanady. \u201eKanada pozostanie suwerenna\u201d \u2014 zapewni\u0142 konserwatysta. Poilievre zapowiedzia\u0142 r\u00f3wnie\u017c deregulacj\u0119 sektora energetycznego, zniesienie restrykcji \u015brodowiskowych oraz intensyfikacj\u0119 wydobycia ropy i gazu, by uczyni\u0107 z Kanady pot\u0119g\u0119 energetyczn\u0105. W debacie pojawi\u0142 si\u0119 te\u017c temat imigracji. Poilievre oskar\u017cy\u0142 libera\u0142\u00f3w o doprowadzenie systemu do chaosu, wskazuj\u0105c na ogromny nap\u0142yw zagranicznych student\u00f3w i pracownik\u00f3w. Carney zgodzi\u0142 si\u0119, \u017ce sytuacja wymkn\u0119\u0142a si\u0119 spod kontroli po pandemii i zapowiedzia\u0142 ograniczenie wzrostu populacji, by odci\u0105\u017cy\u0107 s\u0142u\u017cb\u0119 zdrowia i u\u0142atwi\u0107 integracj\u0119 przyjezdnych. W odpowiedzi na zapowiedzi Poilievre\u2019a o zamkni\u0119ciu granicy dla Haita\u0144czyk\u00f3w szukaj\u0105cych azylu w Quebecu, Carney przyzna\u0142, \u017ce s\u0105 to jedni z najbardziej potrzebuj\u0105cych pomocy, ale kraj ma swoje ograniczenia i musi dzia\u0142a\u0107 w ramach porozumie\u0144 mi\u0119dzynarodowych. Podczas debaty lider NDP Jagmeet Singh nie szcz\u0119dzi\u0142 gorzkich s\u0142\u00f3w. W pewnym momencie moderator wy\u0142\u0105czy\u0142 mu mikrofon, by umo\u017cliwi\u0107 innym doj\u015bcie do g\u0142osu. Singh oskar\u017cy\u0142 moderatora o cenzur\u0119, gdy pr\u00f3bowa\u0142 m\u00f3wi\u0107 o ochronie zdrowia \u2014 temacie, kt\u00f3rego zabrak\u0142o w programie debaty. Wezwa\u0142 mieszka\u0144c\u00f3w Quebecu do porzucenia Bloku Quebecu, argumentuj\u0105c, \u017ce partia Blancheta jest nieskuteczna z \u0142aw opozycji. \u201ePanie Blanchet, pokaza\u0142 pan w ostatniej kadencji, \u017ce jest pan r\u00f3wnie nieprzydatny jak monarchia\u201d \u2014 powiedzia\u0142 Singh, krytykuj\u0105c sprzeciw Bloku wobec ustawy NDP o lekach refundowanych. Singh zarzuci\u0142 r\u00f3wnie\u017c Poilievre\u2019owi planowanie drastycznych ci\u0119\u0107 us\u0142ug publicznych w celu sfinansowania obni\u017cek podatk\u00f3w oraz ostrzeg\u0142, \u017ce takie dzia\u0142ania zaszkodz\u0105 ochronie zdrowia i pomocy dla najubo\u017cszych. Poilievre zaprzeczy\u0142 planom ci\u0119\u0107 w kluczowych programach spo\u0142ecznych, m\u00f3wi\u0105c, \u017ce pieni\u0105dze znajdzie, ograniczaj\u0105c wydatki na konsultant\u00f3w i zmniejszaj\u0105c pomoc zagraniczn\u0105. Na koniec Singh skrytykowa\u0142 Carneya za spotkanie z kr\u00f3lem Karolem, zarzucaj\u0105c mu, \u017ce nie zadba\u0142 o wi\u0119ksze wsparcie dla bezrobotnych. Skrytykowa\u0142 te\u017c Poilievre\u2019a za jego ostr\u0105 retoryk\u0119 wobec UNRWA \u2014 agencji ONZ pomagaj\u0105cej mieszka\u0144com Gazy \u2014 nazywaj\u0105c jego wypowiedzi nienawistnymi i nieakceptowalnymi.<\/p>\n","protected":false},"excerpt":{"rendered":"<p>Lider Partii Liberalnej, Mark Carney, podczas \u015brodowej debaty prowadzonej w j\u0119zyku francuskim spotka\u0142 si\u0119 z krytyk\u0105 rywali, kt\u00f3rzy zarzucili mu brak kontaktu z rzeczywisto\u015bci\u0105 zwyk\u0142ych&hellip;<\/p>\n","protected":false},"author":3,"featured_media":791,"comment_status":"open","ping_status":"open","sticky":false,"template":"","format":"standard","meta":{"footnotes":""},"categories":[12],"tags":[],"class_list":["post-790","post","type-post","status-publish","format-standard","has-post-thumbnail","hentry","category-kanada"],"_links":{"self":[{"href":"https:\/\/radiopoloniawinnipeg.com\/index.php\/wp-json\/wp\/v2\/posts\/790","targetHints":{"allow":["GET"]}}],"collection":[{"href":"https:\/\/radiopoloniawinnipeg.com\/index.php\/wp-json\/wp\/v2\/posts"}],"about":[{"href":"https:\/\/radiopoloniawinnipeg.com\/index.php\/wp-json\/wp\/v2\/types\/post"}],"author":[{"embeddable":true,"href":"https:\/\/radiopoloniawinnipeg.com\/index.php\/wp-json\/wp\/v2\/users\/3"}],"replies":[{"embeddable":true,"href":"https:\/\/radiopoloniawinnipeg.com\/index.php\/wp-json\/wp\/v2\/comments?post=790"}],"version-history":[{"count":0,"href":"https:\/\/radiopoloniawinnipeg.com\/index.php\/wp-json\/wp\/v2\/posts\/790\/revisions"}],"wp:featuredmedia":[{"embeddable":true,"href":"https:\/\/radiopoloniawinnipeg.com\/index.php\/wp-json\/wp\/v2\/media\/791"}],"wp:attachment":[{"href":"https:\/\/radiopoloniawinnipeg.com\/index.php\/wp-json\/wp\/v2\/media?parent=790"}],"wp:term":[{"taxonomy":"category","embeddable":true,"href":"https:\/\/radiopoloniawinnipeg.com\/index.php\/wp-json\/wp\/v2\/categories?post=790"},{"taxonomy":"post_tag","embeddable":true,"href":"https:\/\/radiopoloniawinnipeg.com\/index.php\/wp-json\/wp\/v2\/tags?post=790"}],"curies":[{"name":"wp","href":"https:\/\/api.w.org\/{rel}","templated":true}]}}