{"id":792,"date":"2025-04-17T07:15:03","date_gmt":"2025-04-17T11:15:03","guid":{"rendered":"https:\/\/radiopoloniawinnipeg.com\/index.php\/2025\/04\/17\/grzegorz-braun-probowal-zatrzymac-lekarke-dokonujaca-aborcji\/"},"modified":"2025-04-17T07:15:03","modified_gmt":"2025-04-17T11:15:03","slug":"grzegorz-braun-probowal-zatrzymac-lekarke-dokonujaca-aborcji","status":"publish","type":"post","link":"https:\/\/radiopoloniawinnipeg.com\/index.php\/2025\/04\/17\/grzegorz-braun-probowal-zatrzymac-lekarke-dokonujaca-aborcji\/","title":{"rendered":"Grzegorz Braun pr\u00f3bowa\u0142 zatrzyma\u0107 lekark\u0119 dokonuj\u0105c\u0105 aborcji"},"content":{"rendered":"<p>Prokuratura wszcz\u0119\u0142a \u015bledztwo w sprawie zdarze\u0144, do kt\u00f3rych dosz\u0142o w \u015brod\u0119, 16 kwietnia w Powiatowym Zespole Szpitali w Ole\u015bnicy. Kandydat na prezydenta RP Grzegorz Braun (Konfederacja Korony Polskiej) wtargn\u0105\u0142 do plac\u00f3wki, pr\u00f3buj\u0105c dokona\u0107 tzw. zatrzymania obywatelskiego jednej z lekarek \u2014 ginekolog Gizeli Jagielskiej \u2014 w zwi\u0105zku z przeprowadzon\u0105 w szpitalu aborcj\u0105 w zaawansowanej ci\u0105\u017cy. Jak poinformowa\u0142 rzecznik Prokuratury Krajowej, prokurator Przemys\u0142aw Nowak, \u015bledztwo dotyczy m.in. naruszenia nietykalno\u015bci cielesnej i zniewa\u017cenia lekarza, kt\u00f3ry \u2014 zgodnie z przepisami \u2014 korzysta z ochrony przys\u0142uguj\u0105cej funkcjonariuszowi publicznemu. Zgodnie z komunikatem prokuratury, Braun mia\u0142 uniemo\u017cliwi\u0107 lekarce opuszczenie gabinetu i wykonywanie obowi\u0105zk\u00f3w s\u0142u\u017cbowych, dopu\u015bci\u0107 si\u0119 wobec niej przemocy fizycznej (popychanie) oraz u\u017cywa\u0107 wobec niej s\u0142\u00f3w uznanych za obel\u017cywe. Dodatkowo \u015bledztwo obejmuje zarzuty dotycz\u0105ce pom\u00f3wienia lekarki oraz nara\u017cenia pacjentek szpitala na bezpo\u015brednie niebezpiecze\u0144stwo utraty \u017cycia lub ci\u0119\u017ckiego uszczerbku na zdrowiu poprzez uniemo\u017cliwienie jej sprawowania opieki medycznej. Sprawa dotyczy kontrowersyjnego zabiegu przerwania ci\u0105\u017cy w 37. tygodniu, kt\u00f3ry mia\u0142 miejsce w ole\u015bnickim szpitalu. U dziecka podejrzewano powa\u017cne schorzenie \u2013 \u0142amliwo\u015b\u0107 ko\u015bci \u2013 jednak matce zaproponowano specjalistyczne leczenie. Ostatecznie kobieta zdecydowa\u0142a si\u0119 na usuni\u0119cie ci\u0105\u017cy. Media informuj\u0105, \u017ce dziecku podano chlorek potasu, kt\u00f3ry mia\u0142 doprowadzi\u0107 do zatrzymania akcji serca. P\u00f3\u017aniej okaza\u0142o si\u0119, \u017ce diagnoza lekarska mog\u0142a by\u0107 wadliwa i dziecko mog\u0142oby urodzi\u0107 si\u0119 zdrowe. https:\/\/twitter.com\/GodekKajaU\/status\/1912458479517720957 W opublikowanym nagraniu z incydentu Grzegorz Braun, obecny w szpitalu, argumentowa\u0142 swoje dzia\u0142ania \u201etrosk\u0105 o bezpiecze\u0144stwo pacjent\u00f3w\u201d i wezwa\u0142 policjant\u00f3w do odsuni\u0119cia lekarki od dalszych kontakt\u00f3w z chorymi. \u2014 Dokonuj\u0119 zatrzymania obywatelskiego i wzywam funkcjonariuszy, by nie dopu\u015bcili do kontaktu tej pani z pacjentami \u2014 m\u00f3wi\u0142 polityk. Policja potwierdzi\u0142a swoj\u0105 obecno\u015b\u0107 na miejscu. \u2014 Zabezpieczamy teren szpitala, by nie dosz\u0142o do przepychanek ani sytuacji, kt\u00f3re mog\u0142yby zagrozi\u0107 bezpiecze\u0144stwu pacjent\u00f3w i personelu \u2014 poinformowa\u0142a sier\u017c. sztab. Karolina Walczak, pe\u0142ni\u0105ca obowi\u0105zki rzeczniczki lokalnej policji. Jak doda\u0142a, funkcjonariusze odpowiedzieli na zg\u0142oszenie z\u0142o\u017cone przez europos\u0142a Brauna, kt\u00f3ry wskaza\u0142, \u017ce na terenie szpitala przebywa osoba maj\u0105ca \u2013 wed\u0142ug niego \u2013 dopu\u015bci\u0107 si\u0119 przest\u0119pstwa. \u2014 Nasze dzia\u0142ania mia\u0142y na celu zapewnienie porz\u0105dku i bezpiecze\u0144stwa. Nikt nie zosta\u0142 zatrzymany ani aresztowany \u2014 przekaza\u0142a policjantka Gazecie Wroc\u0142awskiej. Odr\u0119bne \u015bledztwo prowadzi Prokuratura Rejonowa w Ole\u015bnicy. Dotyczy ono legalno\u015bci samego zabiegu przerwania ci\u0105\u017cy przeprowadzonego w szpitalu. Na podst. Polsat News i Gazeta Wroc\u0142awska<\/p>\n","protected":false},"excerpt":{"rendered":"<p>Prokuratura wszcz\u0119\u0142a \u015bledztwo w sprawie zdarze\u0144, do kt\u00f3rych dosz\u0142o w \u015brod\u0119, 16 kwietnia w Powiatowym Zespole Szpitali w Ole\u015bnicy. Kandydat na prezydenta RP Grzegorz Braun&hellip;<\/p>\n","protected":false},"author":3,"featured_media":793,"comment_status":"open","ping_status":"open","sticky":false,"template":"","format":"standard","meta":{"footnotes":""},"categories":[14],"tags":[],"class_list":["post-792","post","type-post","status-publish","format-standard","has-post-thumbnail","hentry","category-polska"],"_links":{"self":[{"href":"https:\/\/radiopoloniawinnipeg.com\/index.php\/wp-json\/wp\/v2\/posts\/792","targetHints":{"allow":["GET"]}}],"collection":[{"href":"https:\/\/radiopoloniawinnipeg.com\/index.php\/wp-json\/wp\/v2\/posts"}],"about":[{"href":"https:\/\/radiopoloniawinnipeg.com\/index.php\/wp-json\/wp\/v2\/types\/post"}],"author":[{"embeddable":true,"href":"https:\/\/radiopoloniawinnipeg.com\/index.php\/wp-json\/wp\/v2\/users\/3"}],"replies":[{"embeddable":true,"href":"https:\/\/radiopoloniawinnipeg.com\/index.php\/wp-json\/wp\/v2\/comments?post=792"}],"version-history":[{"count":0,"href":"https:\/\/radiopoloniawinnipeg.com\/index.php\/wp-json\/wp\/v2\/posts\/792\/revisions"}],"wp:featuredmedia":[{"embeddable":true,"href":"https:\/\/radiopoloniawinnipeg.com\/index.php\/wp-json\/wp\/v2\/media\/793"}],"wp:attachment":[{"href":"https:\/\/radiopoloniawinnipeg.com\/index.php\/wp-json\/wp\/v2\/media?parent=792"}],"wp:term":[{"taxonomy":"category","embeddable":true,"href":"https:\/\/radiopoloniawinnipeg.com\/index.php\/wp-json\/wp\/v2\/categories?post=792"},{"taxonomy":"post_tag","embeddable":true,"href":"https:\/\/radiopoloniawinnipeg.com\/index.php\/wp-json\/wp\/v2\/tags?post=792"}],"curies":[{"name":"wp","href":"https:\/\/api.w.org\/{rel}","templated":true}]}}