{"id":817,"date":"2025-04-19T07:00:09","date_gmt":"2025-04-19T11:00:09","guid":{"rendered":"https:\/\/radiopoloniawinnipeg.com\/index.php\/2025\/04\/19\/wiceprezydent-usa-vance-uczestniczyl-w-liturgii-meki-panskiej-w-watykanie\/"},"modified":"2025-04-19T07:00:09","modified_gmt":"2025-04-19T11:00:09","slug":"wiceprezydent-usa-vance-uczestniczyl-w-liturgii-meki-panskiej-w-watykanie","status":"publish","type":"post","link":"https:\/\/radiopoloniawinnipeg.com\/index.php\/2025\/04\/19\/wiceprezydent-usa-vance-uczestniczyl-w-liturgii-meki-panskiej-w-watykanie\/","title":{"rendered":"Wiceprezydent USA Vance uczestniczy\u0142 w liturgii M\u0119ki Pa\u0144skiej w Watykanie"},"content":{"rendered":"<p>Wiceprezydent Stan\u00f3w Zjednoczonych J.D. Vance wzi\u0105\u0142 udzia\u0142 w Liturgii M\u0119ki Pa\u0144skiej odprawionej w Bazylice \u015bw. Piotra. Uroczysto\u015bci przewodniczy\u0142 kard. Claudio Gugerotti, prefekt Dykasterii ds. Ko\u015bcio\u0142\u00f3w Wschodnich. Vance, kt\u00f3ry przebywa z wizyt\u0105 w Rzymie, przyby\u0142 do bazyliki wraz z rodzin\u0105 i liczn\u0105 delegacj\u0105. Jak poinformowa\u0142a w\u0142oska agencja katolicka SIR, w sobot\u0119 ma si\u0119 spotka\u0107 z watyka\u0144skim sekretarzem stanu, kard. Pietro Parolinem. Wielki Pi\u0105tek \u2013 dzie\u0144 Krzy\u017ca Wielki Pi\u0105tek to szczeg\u00f3lny dzie\u0144 w liturgii Ko\u015bcio\u0142a katolickiego \u2013 dzie\u0144 adoracji Krzy\u017ca. Po po\u0142udniu odprawiana jest wyj\u0105tkowa Liturgia M\u0119ki Pa\u0144skiej, rozpoczynaj\u0105ca si\u0119 w ciszy. Celebrans i asysta wchodz\u0105 do \u015bwi\u0105tyni bez s\u0142\u00f3w, a przed o\u0142tarzem przez chwil\u0119 le\u017c\u0105 krzy\u017cem. Nast\u0119pnie odczytywane s\u0105 fragmenty Pisma \u015awi\u0119tego: proroctwo o Cierpi\u0105cym S\u0142udze Jahwe oraz fragment Listu do Hebrajczyk\u00f3w, a tak\u017ce \u2013 z regu\u0142y w formie inscenizowanego czytania \u2013 opis M\u0119ki Pa\u0144skiej wed\u0142ug \u015bw. Jana. Po homilii nast\u0119puje uroczysta modlitwa powszechna, podczas kt\u00f3rej Ko\u015bci\u00f3\u0142 poleca Bogu siebie i ca\u0142y \u015bwiat, wyra\u017caj\u0105c pragnienie zbawienia wszystkich ludzi. Szczeg\u00f3lny wyd\u017awi\u0119k maj\u0105 modlitwy o jedno\u015b\u0107 chrze\u015bcijan, za niewierz\u0105cych oraz za nar\u00f3d \u017cydowski. Centralnym momentem liturgii jest adoracja Krzy\u017ca. Krzy\u017c, okryty fioletowym suknem, zostaje uroczy\u015bcie wniesiony przed o\u0142tarz. Celebrans stopniowo ods\u0142ania jego ramiona, trzykrotnie intonuj\u0105c: \u201eOto drzewo Krzy\u017ca, na kt\u00f3rym zawis\u0142o zbawienie \u015bwiata\u201d, na co wierni odpowiadaj\u0105: \u201eP\u00f3jd\u017amy z pok\u0142onem\u201d. Po zako\u0144czeniu liturgii Krzy\u017c pozostaje w centralnym miejscu \u015bwi\u0105tyni, dost\u0119pny do osobistej adoracji \u2013 a\u017c do Wigilii Paschalnej. Wierni oddaj\u0105 mu cze\u015b\u0107, przykl\u0119kaj\u0105c, podobnie jak wobec Naj\u015bwi\u0119tszego Sakramentu. Po adoracji Krzy\u017ca, z tzw. ciemnicy przynosi si\u0119 Naj\u015bwi\u0119tszy Sakrament i udziela si\u0119 Komunii \u015awi\u0119tej. Symbolika i zwyczaje wielkopi\u0105tkowe Liturgi\u0119 Wielkiego Pi\u0105tku ko\u0144czy procesja do Grobu Pa\u0144skiego. Naj\u015bwi\u0119tszy Sakrament zostaje wystawiony na o\u0142tarzu przy symbolicznej kaplicy grobu lub specjalnym tronie, w monstrancji okrytej bia\u0142ym, przejrzystym welonem \u2013 symbolem ca\u0142unu, w kt\u00f3ry owini\u0119to cia\u0142o Chrystusa. Ca\u0142y wystr\u00f3j tej kaplicy koncentruje uwag\u0119 na obecno\u015bci Cia\u0142a Pa\u0144skiego, a adoracja trwa cz\u0119sto przez ca\u0142\u0105 noc. Tego dnia w wielu ko\u015bcio\u0142ach odprawiane s\u0105 r\u00f3wnie\u017c nabo\u017ce\u0144stwa Drogi Krzy\u017cowej, szczeg\u00f3lnie o godzinie 15.00 \u2013 wed\u0142ug tradycji, to w\u0142a\u015bnie wtedy Jezus umar\u0142 na Krzy\u017cu. J.D. Vance: \u201eJestem chrze\u015bcijaninem i jestem pro-life\u201d J.D. Vance, od momentu wej\u015bcia do polityki w 2022 roku, wielokrotnie publicznie podkre\u015bla\u0142 swoj\u0105 wiar\u0119. \u2013 Jestem chrze\u015bcijaninem i jestem pro-life \u2013 m\u00f3wi\u0142. W jego ocenie administracja prezydenta Trumpa powinna przekonywa\u0107 obywateli, \u017ce ka\u017cde, nawet nienarodzone \u017cycie, jest \u015bwi\u0119te w oczach Boga i powinno by\u0107 \u015bwi\u0119te r\u00f3wnie\u017c w oczach ludzi. \u2013 Chrze\u015bcija\u0144stwo to dawanie dobrego przyk\u0142adu i pami\u0119\u0107 o historii Syna Bo\u017cego. Nie powinni\u015bmy ba\u0107 si\u0119 \u015bmierci \u2013 s\u0105 rzeczy gorsze ni\u017c jej utrata, na przyk\u0142ad utrata duszy. Dlatego walczymy o \u017cycie nienarodzonych, o pok\u00f3j i bezpiecze\u0144stwo. Chc\u0119 \u017cy\u0107 w spo\u0142ecze\u0144stwie, w kt\u00f3rym moje dzieci wyrosn\u0105 na dobrych chrze\u015bcijan. W kraju, gdzie ojcowie i matki mog\u0105 wychowywa\u0107 dzieci w wierze \u2013 powiedzia\u0142 Vance. Podkre\u015bli\u0142 r\u00f3wnie\u017c, \u017ce chrze\u015bcijanie staraj\u0105 si\u0119 kontynuowa\u0107 dzie\u0142o Bo\u017ce na ziemi, cho\u0107 przyzna\u0142, \u017ce historia Ko\u015bcio\u0142a ma zar\u00f3wno jasne, jak i mroczne okresy. Zaznaczy\u0142, \u017ce jednym z priorytet\u00f3w Donalda Trumpa by\u0142o powstrzymanie praktyk zmiany p\u0142ci u dzieci, wynikaj\u0105cych \u2013 jak okre\u015bli\u0142 \u2013 z ideologicznych nacisk\u00f3w. \u2013 B\u00f3g stworzy\u0142 m\u0119\u017cczyzn\u0119 i kobiet\u0119. \u017bycz\u0119 wszystkim, aby mogli by\u0107 sob\u0105 i \u017cy\u0107 w zgodzie ze swoj\u0105 to\u017csamo\u015bci\u0105. To wa\u017cne dla prezydenta Trumpa \u2013 zaznaczy\u0142 wiceprezydent USA. Droga Krzy\u017cowa w\u00a0Koloseum W wydarzeniu wzi\u0119\u0142o udzia\u0142 ok. 18 tys. ludzi. Przewodniczy\u0142 jej, w\u00a0zast\u0119pstwie Ojca \u015awi\u0119tego, wikariusz generalny diecezji rzymskiej, kard. Baldo Reina. Papieskie rozwa\u017cania dotyczy\u0142y m.in. wolno\u015b\u0107, egoizmu, odpowiedzialno\u015bci, wiary, hipokryzji, upokorzenia. \u201eDroga oferowana ka\u017cdemu cz\u0142owiekowi \u2013\u00a0podr\u00f3\u017c do\u00a0wewn\u0105trz, rachunek sumienia, zatrzymanie si\u0119 na\u00a0cierpieniach Chrystusa w\u00a0drodze na\u00a0Kalwari\u0119&#8221; \u2013\u00a0podkre\u015bli\u0142 Franciszek i\u00a0wskaza\u0142, \u017ce\u00a0Droga Krzy\u017cowa jest rzeczywi\u015bcie zej\u015bciem Jezusa \u201eku temu \u015bwiatu, kt\u00f3ry B\u00f3g kocha&#8221;\u00a0(Stacja II). Jest tak\u017ce \u201eodpowiedzi\u0105, przyj\u0119ciem odpowiedzialno\u015bci&#8221; przez Chrystusa. On, \u201eprzybity do\u00a0krzy\u017ca&#8221;, wstawia si\u0119, stawiaj\u0105c si\u0119 &#8220;mi\u0119dzy sk\u0142\u00f3conymi stronami&#8221; (stacja XI) i\u00a0prowadzi je\u00a0do\u00a0Boga, poniewa\u017c Jego \u201ekrzy\u017c burzy mury, anuluje d\u0142ugi, uniewa\u017cnia wyroki, ustanawia pojednanie&#8221;. Jezus, \u201eprawdziwy Jubileusz&#8221;, odarty z\u00a0szat i\u00a0objawiony nawet &#8220;tym, kt\u00f3rzy patrz\u0105, jak umiera&#8221;, patrzy na\u00a0nich \u201ejak na\u00a0umi\u0142owanych powierzonych przez Ojca&#8221;, ukazuj\u0105c swoje pragnienie zbawienia \u201enas wszystkich, ka\u017cdego z\u00a0osobna&#8221; (Stacja X). Bo\u017ca ekonomia Papie\u017c Franciszek zach\u0119ci\u0142 do\u00a0uwolnienia si\u0119 od\u00a0naszych w\u0142asnych schemat\u00f3w i\u00a0do zrozumienia \u201eBo\u017cej ekonomii&#8221;, kt\u00f3ra \u201enie zabija, nie\u00a0odrzuca ani nie\u00a0mia\u017cd\u017cy. Jest pokorna, wierna ziemi&#8221; \u2013\u00a0i\u00a0do pod\u0105\u017cania drog\u0105 Jezusa, drog\u0105 \u201eB\u0142ogos\u0142awie\u0144stw&#8221;, kt\u00f3re \u201enie mia\u017cd\u017c\u0105, ale\u00a0piel\u0119gnuj\u0105, naprawiaj\u0105 i\u00a0chroni\u0105&#8221; (Stacja III). Jednak to\u00a0\u201eBoska ekonomia&#8221; (Stacja VII) \u2013\u00a0tak r\u00f3\u017cna od\u00a0dzisiejszych ekonomii \u201ekalkulacji i\u00a0algorytm\u00f3w, zimnej logiki i\u00a0nieub\u0142aganych interes\u00f3w&#8221; \u2013\u00a0jest tym, nad czym Franciszek si\u0119 zatrzymuje. Dla\u00a0ludzko\u015bci Chrystus przyj\u0105\u0142 krzy\u017c, a\u00a0jego ci\u0119\u017car m\u00f3wi o\u00a0tchnieniu Ducha, \u201ekt\u00f3ry jest Panem i\u00a0daje \u017cycie&#8221; (Stacja II). Nam natomiast \u201ebrakuje tchu z\u00a0powodu unikania odpowiedzialno\u015bci&#8221;. Ale, zach\u0119ci\u0142 papie\u017c, \u201etrzeba przesta\u0107 ucieka\u0107 i\u00a0pozosta\u0107 w\u00a0towarzystwie tych, kt\u00f3rych nam da\u0142e\u015b, w\u00a0sytuacjach, w\u00a0kt\u00f3rych nas postawi\u0142e\u015b&#8221;; tylko wtedy przestaniemy \u201eby\u0107 wi\u0119\u017aniami&#8221; samych siebie. To, co\u00a0naprawd\u0119 nas obci\u0105\u017ca, to\u00a0\u201eegoizm&#8221; i\u00a0\u201eoboj\u0119tno\u015b\u0107&#8221;. Ludzka wolno\u015b\u0107 Skazanie Jezusa na\u00a0\u015bmier\u0107 sk\u0142ania do\u00a0refleksji nad \u201edramatyczn\u0105 gr\u0105 naszych indywidualnych wolno\u015bci&#8221; (Stacja I). Z\u00a0nieodwo\u0142alnego zaufania, z\u00a0jakim B\u00f3g oddaje si\u0119 \u201ew\u00a0nasze r\u0119ce&#8221;, przynosz\u0105c \u201e\u015bwi\u0119ty niepok\u00f3j&#8221;, mog\u0105 wy\u0142oni\u0107 si\u0119 cuda: \u201euwalniaj\u0105c niesprawiedliwie oskar\u017conych, rozeznaj\u0105c z\u0142o\u017cono\u015b\u0107 sytuacji, przeciwstawiaj\u0105c si\u0119 os\u0105dom, kt\u00f3re zabijaj\u0105&#8221;. Pozostajemy jednak \u201ewi\u0119\u017aniami&#8221; r\u00f3l, kt\u00f3rych si\u0119 trzymamy, boj\u0105c si\u0119 niedogodno\u015bci zwi\u0105zanych ze\u00a0zmian\u0105 kierunku naszego \u017cycia. Cz\u0119sto dopuszczamy mo\u017cliwo\u015b\u0107 drogi krzy\u017cowej. Chrystus, \u201emilcz\u0105cy przed nami w\u00a0ka\u017cdej siostrze i\u00a0bracie nara\u017conym na\u00a0os\u0105d i\u00a0uprzedzenia&#8221;, rzuca nam wyzwanie \u2013\u00a0ale\u00a0tysi\u0105ce powod\u00f3w (\u201eargumenty religijne, spory prawne&#8221; i\u00a0\u201etak zwany zdrowy rozs\u0105dek, kt\u00f3ry unika zaanga\u017cowania w\u00a0losy innych&#8221;) przeci\u0105gaj\u0105 nas na\u00a0stron\u0119 Heroda, kap\u0142an\u00f3w, Pi\u0142ata i\u00a0t\u0142umu. Mimo to\u00a0Jezus nie\u00a0umywa r\u0105k; kocha \u201ew\u00a0milczeniu&#8221;. W\u00a0Stacji XI, przybity gwo\u017adziami, \u201epokazuje nam, \u017ce\u00a0w\u00a0ka\u017cdych okoliczno\u015bciach mo\u017cna dokona\u0107 wyboru&#8221; \u2013\u00a0\u201ezadziwiaj\u0105c\u0105 rzeczywisto\u015b\u0107 naszej wolno\u015bci&#8221; \u2013\u00a0gdy towarzyszy obu przest\u0119pcom, przepuszczaj\u0105c obelgi jednego i\u00a0przyjmuj\u0105c pro\u015bb\u0119 drugiego, a\u00a0nawet wstawiaj\u0105c si\u0119 za\u00a0tymi, kt\u00f3rzy Go ukrzy\u017cowali: \u201eOjcze, przebacz im, bo\u00a0nie wiedz\u0105, co\u00a0czyni\u0105&#8221;. Upadek i\u00a0powstanie W Trzeciej Stacji Jezus \u201eupada po\u00a0raz pierwszy&#8221;, nauczaj\u0105c, \u017ce\u00a0\u201eDroga Krzy\u017cowa przebiega blisko ziemi: mo\u017cni wycofuj\u0105 si\u0119 z\u00a0niej, t\u0119skni\u0105c za\u00a0niebem. Jednak niebo wisi nisko i\u00a0mo\u017cemy je\u00a0znale\u017a\u0107 nawet w\u00a0naszych upadkach&#8221;. Podczas drugiego upadku (Stacja VII) Chrystus pokazuje nam \u201eupadek i\u00a0zmartwychwstanie&#8221;, ludzk\u0105 przygod\u0119 grzechu i\u00a0nawr\u00f3cenia. \u201eWahamy si\u0119, b\u0142\u0105dzimy, gubimy si\u0119&#8221;, ale\u00a0do\u015bwiadczamy te\u017c rado\u015bci \u2013\u00a0\u201erado\u015bci nowych pocz\u0105tk\u00f3w, rado\u015bci odrodzenia&#8221;. Ludzie s\u0105 \u201er\u0119kodzie\u0142em&#8221; \u2013\u00a0unikaln\u0105 mieszank\u0105 \u0142aski i\u00a0odpowiedzialno\u015bci. Jezus, uczyniony \u201ejednym z\u00a0nas&#8221;, nie\u00a0ba\u0142 si\u0119 potkn\u0105\u0107. My\u00a0jednak cz\u0119sto ukrywamy nasze upadki, odrzucaj\u0105c drog\u0119, kt\u00f3r\u0105 wybra\u0142 Chrystus. Bo\u017ca ekonomia, w\u00a0kt\u00f3rej \u201edziewi\u0119\u0107dziesi\u0105t dziewi\u0119\u0107 liczy si\u0119 bardziej ni\u017c\u00a0jeden&#8221;, jest nieludzka: dzisiejszy \u015bwiat jest zbudowany na\u00a0takiej logice \u201ekalkulacji i\u00a0algorytm\u00f3w, zimnej logiki i\u00a0nieub\u0142aganych interes\u00f3w&#8221;. Natomiast \u201eboska ekonomia&#8221; jest inna. Zwr\u00f3cenie si\u0119 ku\u00a0Chrystusowi, kt\u00f3ry upada i\u00a0powstaje, jest \u201ezmian\u0105 kursu i\u00a0tempa \u2013\u00a0nawr\u00f3ceniem, kt\u00f3re przywraca rado\u015b\u0107 i\u00a0sprowadza nas do\u00a0domu&#8221;. Jak Cyrenejczycy W Szymonie z\u00a0Cyreny (Stacja V), powracaj\u0105cym z\u00a0pola, \u201ew\u0142o\u017cyli na\u00a0niego krzy\u017c&#8221;, co\u00a0ilustruje, jak niespodziewanie mo\u017cemy natkn\u0105\u0107 si\u0119 na\u00a0Boga. Cho\u0107 Szymon nie\u00a0prosi\u0142 o\u00a0krzy\u017c, wzi\u0105\u0142 go\u00a0na siebie. Jarzmo Chrystusa jest ci\u0119\u017ckie, a\u00a0On uwielbia anga\u017cowa\u0107 nas w\u00a0swoje dzie\u0142o, \u201ekt\u00f3re orze ziemi\u0119, aby\u00a0zasia\u0107 j\u0105 na\u00a0nowo&#8221;. Potrzebujemy tej zaskakuj\u0105cej lekko\u015bci. Bez Boga trud jest daremny; \u201eNa\u00a0drodze krzy\u017ca wznosi si\u0119 nowe Jeruzalem&#8221;. Kobiety na\u00a0drodze do\u00a0Kalwarii Stacje IV, VI i\u00a0VIII po\u015bwi\u0119cone s\u0105 kobietom: Maryi, Weronice i\u00a0c\u00f3rkom jerozolimskim. Bycie uczniem Maryi \u201enie jest ofiar\u0105, ale\u00a0ci\u0105g\u0142ym odkrywaniem&#8221;. Ona, \u201epierwsza uczennica&#8221;, pokazuje, \u017ce\u00a0\u201ew\u00a0Bogu s\u0142owa s\u0105 czynami, obietnice rzeczywisto\u015bci\u0105&#8221;. Chusta Weroniki nosi twarz Chrystusa \u2013\u00a0dow\u00f3d \u201eJego decyzji, by\u00a0kocha\u0107 nas do\u00a0ostatniego tchnienia, a\u00a0nawet d\u0142u\u017cej&#8221;, poniewa\u017c \u201emi\u0142o\u015b\u0107 jest silna jak \u015bmier\u0107&#8221;. A\u00a0c\u00f3rki Jerozolimy, poruszone do\u00a0p\u0142aczu, s\u0105 wezwane do\u00a0p\u0142aczu \u201eza siebie i\u00a0swoje dzieci&#8221;, poniewa\u017c nasze zranione wsp\u00f3\u0142istnienie, nasz zepsuty \u015bwiat wymaga &#8220;\u0142ez, kt\u00f3re s\u0105 szczere, a\u00a0nie tylko zdawkowe&#8221;. Jezus jest w\u015br\u00f3d tych, kt\u00f3rzy maj\u0105 nadziej\u0119 W stacji XIII J\u00f3zef z\u00a0Arymatei, \u201ecz\u0142owiek dobry i\u00a0sprawiedliwy (&#8230;) oczekuj\u0105cy kr\u00f3lestwa Bo\u017cego\u201d, bierze cia\u0142o Jezusa. Chrystus jest \u201ew\u00a0r\u0119kach kogo\u015b, kto nadal ma\u00a0nadziej\u0119, jednego z\u00a0tych, kt\u00f3rzy nie\u00a0chc\u0105 my\u015ble\u0107, \u017ce\u00a0niesprawiedliwo\u015b\u0107 zawsze zwyci\u0119\u017ca&#8221;, powierzaj\u0105c \u201ewielk\u0105 odpowiedzialno\u015b\u0107&#8221;, o\u015bmielaj\u0105c nas. Wreszcie, w\u00a0stacji XIV, szabatowa cisza Wielkiej Soboty: \u201eNaucz nas nic nie\u00a0robi\u0107 w\u00a0tych chwilach, kiedy wymaga si\u0119 od\u00a0nas jedynie czekania. Naucz nas wra\u017cliwo\u015bci na\u00a0pory roku na\u00a0ziemi&#8221;. Jezus, \u201ez\u0142o\u017cony w\u00a0grobie&#8221;, dzieli nasz\u0105 ludzk\u0105 kondycj\u0119, zst\u0119puj\u0105c w\u00a0g\u0142\u0119biny, kt\u00f3rych si\u0119 boimy, ucz\u0105c odpoczynku, oczekiwania i\u00a0przygotowuj\u0105c ca\u0142e stworzenie na\u00a0pok\u00f3j zmartwychwstania. Modlitwa ko\u0144cowa Na zako\u0144czenie papie\u017c wezwa\u0142: \u201e\u00abLaudato si&#8217;, mi&#8217; Signore\u00bb \u2013\u00a0Pochwalony b\u0105d\u017a, Panie m\u00f3j, \u015bpiewa\u0142 \u015bwi\u0119ty Franciszek z\u00a0Asy\u017cu. W\u00a0tej pi\u0119knej pie\u015bni przypomnia\u0142, \u017ce\u00a0nasz wsp\u00f3lny dom jest jak siostra . Ta\u00a0siostra protestuje z\u00a0powodu z\u0142a, jakie jej wyrz\u0105dzamy. \u00abFratelli tutti\u00bb, napisa\u0142 \u015bw. Franciszek z\u00a0Asy\u017cu, zwracaj\u0105c si\u0119 do\u00a0wszystkich braci i\u00a0si\u00f3str i\u00a0proponuj\u0105c im\u00a0form\u0119 \u017cycia, maj\u0105c\u0105 posmak Ewangelii&#8221;. &#8216;Umi\u0142owa\u0142 nas&#8217; \u2013\u00a0m\u00f3wi \u015bw. Pawe\u0142 odnosz\u0105c si\u0119 do\u00a0Chrystusa aby\u015bmy odkryli, \u017ce\u00a0od\u00a0tej mi\u0142o\u015bci nic \u00abnie zdo\u0142a nas od\u0142\u0105czy\u0107\u00bb Przeszli\u015bmy Drog\u0119 Krzy\u017cow\u0105; zwr\u00f3cili\u015bmy si\u0119 ku\u00a0mi\u0142o\u015bci, od\u00a0kt\u00f3rej nic nie\u00a0mo\u017ce nas od\u0142\u0105czy\u0107. Teraz, gdy Kr\u00f3l \u015bpi, a\u00a0wielka cisza zst\u0119puje na\u00a0ca\u0142\u0105 ziemi\u0119, czyni\u0105c naszymi s\u0142owa \u015bw. Franciszka, pro\u015bmy o\u00a0dar nawr\u00f3cenia serca&#8221;. Droga Krzy\u017cowa w\u00a0Koloseum zako\u0144czy\u0142a si\u0119 b\u0142ogos\u0142awie\u0144stwem kard. Baldo Reiny. Ilustrowana by\u0142a niezwykle sugestywnymi stacjami namalowanymi przez w\u0142oskiego malarza Gaetano Previatiego w\u00a01902 roku. W\u00a0okresie Wielkiego Postu stacje te, pochodz\u0105ce z\u00a0kolekcji sztuki wsp\u00f3\u0142czesnej Muze\u00f3w Watyka\u0144skich, wystawione by\u0142y w\u00a0Bazylice \u015awi\u0119tego Piotra. Krzy\u017c w\u00a0Koloseum nie\u015bli kolejno: kard. Reina, m\u0142odzie\u017c, cz\u0142onkowie Caritasu, przedstawiciele rodzin, cz\u0142onkowie W\u0142oskiego Krajowego Zwi\u0105zku Transportu Chorych do\u00a0Lourdes i\u00a0Sanktuari\u00f3w Mi\u0119dzynarodowych, osoby konsekrowane, nauczyciele i\u00a0wychowawcy, wdowy konsekrowane \u2013\u00a0Ordo Videorum, spowiednicy, osoby niepe\u0142nosprawne, wolontariusze Roku Jubileuszowego, migranci, sanitariusze. Na podst. AP I KAI<\/p>\n","protected":false},"excerpt":{"rendered":"<p>Wiceprezydent Stan\u00f3w Zjednoczonych J.D. Vance wzi\u0105\u0142 udzia\u0142 w Liturgii M\u0119ki Pa\u0144skiej odprawionej w Bazylice \u015bw. Piotra. Uroczysto\u015bci przewodniczy\u0142 kard. Claudio Gugerotti, prefekt Dykasterii ds. Ko\u015bcio\u0142\u00f3w&hellip;<\/p>\n","protected":false},"author":3,"featured_media":820,"comment_status":"open","ping_status":"open","sticky":false,"template":"","format":"standard","meta":{"footnotes":""},"categories":[15,18],"tags":[],"class_list":["post-817","post","type-post","status-publish","format-standard","has-post-thumbnail","hentry","category-swiat","category-top-news"],"_links":{"self":[{"href":"https:\/\/radiopoloniawinnipeg.com\/index.php\/wp-json\/wp\/v2\/posts\/817","targetHints":{"allow":["GET"]}}],"collection":[{"href":"https:\/\/radiopoloniawinnipeg.com\/index.php\/wp-json\/wp\/v2\/posts"}],"about":[{"href":"https:\/\/radiopoloniawinnipeg.com\/index.php\/wp-json\/wp\/v2\/types\/post"}],"author":[{"embeddable":true,"href":"https:\/\/radiopoloniawinnipeg.com\/index.php\/wp-json\/wp\/v2\/users\/3"}],"replies":[{"embeddable":true,"href":"https:\/\/radiopoloniawinnipeg.com\/index.php\/wp-json\/wp\/v2\/comments?post=817"}],"version-history":[{"count":1,"href":"https:\/\/radiopoloniawinnipeg.com\/index.php\/wp-json\/wp\/v2\/posts\/817\/revisions"}],"predecessor-version":[{"id":819,"href":"https:\/\/radiopoloniawinnipeg.com\/index.php\/wp-json\/wp\/v2\/posts\/817\/revisions\/819"}],"wp:featuredmedia":[{"embeddable":true,"href":"https:\/\/radiopoloniawinnipeg.com\/index.php\/wp-json\/wp\/v2\/media\/820"}],"wp:attachment":[{"href":"https:\/\/radiopoloniawinnipeg.com\/index.php\/wp-json\/wp\/v2\/media?parent=817"}],"wp:term":[{"taxonomy":"category","embeddable":true,"href":"https:\/\/radiopoloniawinnipeg.com\/index.php\/wp-json\/wp\/v2\/categories?post=817"},{"taxonomy":"post_tag","embeddable":true,"href":"https:\/\/radiopoloniawinnipeg.com\/index.php\/wp-json\/wp\/v2\/tags?post=817"}],"curies":[{"name":"wp","href":"https:\/\/api.w.org\/{rel}","templated":true}]}}