{"id":8208,"date":"2026-04-04T06:15:03","date_gmt":"2026-04-04T10:15:03","guid":{"rendered":"https:\/\/radiopoloniawinnipeg.com\/index.php\/2026\/04\/04\/wesolych-swiat-wielkiej-nocy\/"},"modified":"2026-04-04T06:15:03","modified_gmt":"2026-04-04T10:15:03","slug":"wesolych-swiat-wielkiej-nocy","status":"publish","type":"post","link":"https:\/\/radiopoloniawinnipeg.com\/index.php\/2026\/04\/04\/wesolych-swiat-wielkiej-nocy\/","title":{"rendered":"Weso\u0142ych \u015awi\u0105t Wielkiej Nocy!"},"content":{"rendered":"<h3><img decoding=\"async\" loading=\"lazy\" class=\"aligncenter size-custom-full-size wp-image-240549\" src=\"https:\/\/bejsment.com\/wp-content\/uploads\/2026\/04\/Wielkanoc-636x371.jpg\" alt=\"\" width=\"636\" height=\"371\" \/><\/h3>\n<h3><span style=\"color: #008000\"><em><strong>Drodzy Czytelnicy!<\/strong><\/em><\/span><\/h3>\n<h3><span style=\"color: #008000\"><em><strong>Niech \u015awi\u0119ta Wielkiej Nocy przynios\u0105 Pa\u0144stwu spok\u00f3j, nadziej\u0119 i odrodzenie tego, co najwa\u017cniejsze. Niech ten wyj\u0105tkowy czas b\u0119dzie chwil\u0105 wytchnienia od codzienno\u015bci, okazj\u0105 do spotka\u0144 z bliskimi oraz \u017ar\u00f3d\u0142em si\u0142y na nadchodz\u0105ce dni.<\/strong><\/em><\/span><\/h3>\n<h3><span style=\"color: #008000\"><em><strong>Niech rado\u015b\u0107 Zmartwychwstania Pa\u0144skiego nape\u0142ni Pa\u0144stwa serca pokojem, nadziej\u0105 i niezachwian\u0105 wiar\u0105. Niech zwyci\u0119stwo \u017cycia nad \u015bmierci\u0105, \u015bwiat\u0142a nad ciemno\u015bci\u0105 i mi\u0142o\u015bci nad l\u0119kiem stanie si\u0119 \u017ar\u00f3d\u0142em si\u0142y w codziennych zmaganiach.<\/strong><\/em><\/span><\/h3>\n<h3><span style=\"color: #008000\"><em><strong>Niech Chrystus Zmartwychwsta\u0142y obdarza Pa\u0144stwa \u0142ask\u0105, prowadzi drogami dobra i umacnia w tym, co najwa\u017cniejsze. Niech czas \u015awi\u0105t Wielkiej Nocy b\u0119dzie chwil\u0105 duchowej odnowy, g\u0142\u0119bokiej refleksji oraz radosnego prze\u017cywania tajemnicy wiary.<\/strong><\/em><\/span><\/h3>\n<h3><span style=\"color: #008000\"><em><strong>\u017byczymy, aby wiosenne \u015bwiat\u0142o nape\u0142ni\u0142o serca optymizmem, a budz\u0105ca si\u0119 do \u017cycia przyroda przypomnia\u0142a, \u017ce po ka\u017cdej trudno\u015bci przychodzi nowy pocz\u0105tek. Niech nie zabraknie rado\u015bci, \u017cyczliwo\u015bci i wiary w lepsze jutro.<\/strong><\/em><\/span><\/h3>\n<h3><span style=\"color: #008000\"><em><strong>Spokojnych, rodzinnych i pe\u0142nych ciep\u0142a \u015awi\u0105t Wielkiej Nocy.<\/strong><\/em><\/span><\/h3>\n<h3 style=\"text-align: right\"><span style=\"color: #008000\"><em><strong>\u017cyczy redakcja Bejsmentu i Wiadomo\u015bci<\/strong><\/em><\/span><\/h3>\n","protected":false},"excerpt":{"rendered":"<p>Drodzy Czytelnicy! Niech \u015awi\u0119ta Wielkiej Nocy przynios\u0105 Pa\u0144stwu spok\u00f3j, nadziej\u0119 i odrodzenie tego, co najwa\u017cniejsze. Niech ten wyj\u0105tkowy czas b\u0119dzie chwil\u0105 wytchnienia od codzienno\u015bci, okazj\u0105&hellip;<\/p>\n","protected":false},"author":3,"featured_media":8209,"comment_status":"open","ping_status":"open","sticky":false,"template":"","format":"standard","meta":{"footnotes":""},"categories":[12,19,18],"tags":[],"class_list":["post-8208","post","type-post","status-publish","format-standard","has-post-thumbnail","hentry","category-kanada","category-magazyn","category-top-news"],"_links":{"self":[{"href":"https:\/\/radiopoloniawinnipeg.com\/index.php\/wp-json\/wp\/v2\/posts\/8208","targetHints":{"allow":["GET"]}}],"collection":[{"href":"https:\/\/radiopoloniawinnipeg.com\/index.php\/wp-json\/wp\/v2\/posts"}],"about":[{"href":"https:\/\/radiopoloniawinnipeg.com\/index.php\/wp-json\/wp\/v2\/types\/post"}],"author":[{"embeddable":true,"href":"https:\/\/radiopoloniawinnipeg.com\/index.php\/wp-json\/wp\/v2\/users\/3"}],"replies":[{"embeddable":true,"href":"https:\/\/radiopoloniawinnipeg.com\/index.php\/wp-json\/wp\/v2\/comments?post=8208"}],"version-history":[{"count":0,"href":"https:\/\/radiopoloniawinnipeg.com\/index.php\/wp-json\/wp\/v2\/posts\/8208\/revisions"}],"wp:featuredmedia":[{"embeddable":true,"href":"https:\/\/radiopoloniawinnipeg.com\/index.php\/wp-json\/wp\/v2\/media\/8209"}],"wp:attachment":[{"href":"https:\/\/radiopoloniawinnipeg.com\/index.php\/wp-json\/wp\/v2\/media?parent=8208"}],"wp:term":[{"taxonomy":"category","embeddable":true,"href":"https:\/\/radiopoloniawinnipeg.com\/index.php\/wp-json\/wp\/v2\/categories?post=8208"},{"taxonomy":"post_tag","embeddable":true,"href":"https:\/\/radiopoloniawinnipeg.com\/index.php\/wp-json\/wp\/v2\/tags?post=8208"}],"curies":[{"name":"wp","href":"https:\/\/api.w.org\/{rel}","templated":true}]}}