{"id":821,"date":"2025-04-19T07:15:11","date_gmt":"2025-04-19T11:15:11","guid":{"rendered":"https:\/\/radiopoloniawinnipeg.com\/index.php\/2025\/04\/19\/ulicami-warszawy-przeszla-droga-krzyzowa\/"},"modified":"2025-04-19T07:15:11","modified_gmt":"2025-04-19T11:15:11","slug":"ulicami-warszawy-przeszla-droga-krzyzowa","status":"publish","type":"post","link":"https:\/\/radiopoloniawinnipeg.com\/index.php\/2025\/04\/19\/ulicami-warszawy-przeszla-droga-krzyzowa\/","title":{"rendered":"Ulicami Warszawy przesz\u0142a Droga Krzy\u017cowa"},"content":{"rendered":"<p>Metropolita warszawski abp Adrian Galbas przewodniczy\u0142 Centralnej Drodze Krzy\u017cowej, kt\u00f3ra w\u00a0Wielki Pi\u0105tek wieczorem przesz\u0142a ulicami stolicy. Uczestnicy nabo\u017ce\u0144stwa wyruszyli sprzed ko\u015bcio\u0142a akademickiego \u015bw. Anny, by\u00a0zako\u0144czy\u0107 modlitw\u0119 w\u00a0archikatedrze \u015bw. Jana Chrzciciela. Modl\u0105cym si\u0119 towarzyszy\u0142a kopia krzy\u017ca z\u00a0kaplicy Baryczk\u00f3w warszawskiej katedry.\u00a0\u2013\u00a0Ten krzy\u017c jest z\u00a0nami na\u00a0dobre i\u00a0na z\u0142e ju\u017c od\u00a0pi\u0119ciu wiek\u00f3w \u2013\u00a0zaznaczy\u0142 abp Galbas. Odwo\u0142uj\u0105c si\u0119 do\u00a0s\u0142\u00f3w \u015bw. Paw\u0142a, \u017ce\u00a0\u201emi\u0142o\u015b\u0107 nie\u00a0szuka poklasku&#8221;, metropolita warszawski zauwa\u017cy\u0142, \u017ce\u00a0Maryja zyska\u0142a poklask dopiero wtedy, gdy \u2013\u00a0jak to\u00a0pokazuj\u0105 prawos\u0142awne ikony \u2013\u00a0w\u00a0towarzystwie anio\u0142\u00f3w zosta\u0142a wzi\u0119ta do\u00a0nieba. Abp Galbas: To\u00a0\u017ca\u0142osne, gdy cz\u0142owiek jest uzale\u017cniony od\u00a0pochwa\u0142 \u2013\u00a0Niech i\u00a0nam klaszcz\u0105 dopiero nad grobem, niech dopiero wtedy wyg\u0142aszaj\u0105 pochwalne mowy. Nie\u00a0wcze\u015bniej \u2013\u00a0wskaza\u0142 duchowny. \u2013\u00a0Takie to\u00a0\u017ca\u0142osne, gdy cz\u0142owiek nie\u00a0mo\u017ce si\u0119 uwolni\u0107 od\u00a0pragnienia aplauzu, gdy jest uzale\u017cniony od\u00a0pochwa\u0142. Smutne \u017cycie pawia. Dramat lizusa. To\u00a0bardzo zgubne \u2013\u00a0przestrzeg\u0142 abp Galbas. Radzi\u0142 przy tym, by\u00a0mie\u0107 jedn\u0105 ambicj\u0119: podoba\u0107 si\u0119 Bogu, zas\u0142u\u017cy\u0107 na\u00a0Jego poklask, na\u00a0uznanie w\u00a0Jego oczach i\u00a0w\u00a0Jego sercu. \u2013\u00a0Ci, kt\u00f3rzy teraz do\u015bwiadczaj\u0105 ludzkiej mi\u0142o\u015bci, niech id\u0105 w\u00a0tej Drodze Krzy\u017cowej z\u00a0nadziej\u0105, \u017ce\u00a0tak ju\u017c b\u0119dzie zawsze. Ci, kt\u00f3rym takiej mi\u0142o\u015bci teraz brakuje, niech id\u0105 z\u00a0nadziej\u0105, \u017ce\u00a0mi\u0142o\u015b\u0107 przyjdzie \u2013\u00a0m\u00f3wi\u0142 arcybiskup na\u00a0pocz\u0105tku nabo\u017ce\u0144stwa.\u00a0\u2013\u00a0Wszyscy za\u015b, kochani przez ludzi i\u00a0nie, id\u017amy z\u00a0wdzi\u0119czno\u015bci\u0105 za\u00a0Jego mi\u0142o\u015b\u0107, za\u00a0mi\u0142o\u015b\u0107 Chrystusa, szalon\u0105, wielk\u0105, pewn\u0105 i\u00a0sta\u0142\u0105 \u2013\u00a0zach\u0119ca\u0142 zgromadzonych abp Galbas. Rozwa\u017caj\u0105c s\u0142owa \u015bw. Paw\u0142a, \u017ce\u00a0&#8220;mi\u0142o\u015b\u0107 nie\u00a0szuka swego&#8221;, metropolita wskazywa\u0142, \u017ce\u00a0post\u0119powanie wbrew tej m\u0105dro\u015bci jest karykatur\u0105, a\u00a0nawet wi\u0119cej \u2013\u00a0zaprzeczeniem mi\u0142o\u015bci, czyli egoizmem. \u2013\u00a0To tragedia ma\u0142\u017conk\u00f3w, gdy zamiast: \u015blubuj\u0119 ci mi\u0142o\u015b\u0107, nawet kosztem siebie, jest: \u015blubuj\u0119 sobie mi\u0142o\u015b\u0107, nawet kosztem ciebie. Tragedia konsekrowanych, gdy mia\u0142o by\u0107: mi\u0142o\u015b\u0107 Chrystusa przynagla mnie (por. 2\u00a0Kor 5,14), a\u00a0jest: mi\u0142o\u015b\u0107 w\u0142asna przynagla mnie. Tragedia ksi\u0119dza, gdy mia\u0142 by\u0107 celebransem spraw Bo\u017cych, a\u00a0jest celebryt\u0105 spraw swoich. Po\u00a0tym jest gorycz, gdy zostaje si\u0119 samemu \u2013\u00a0przestrzega\u0142 hierarcha. Trasa Centralnej Drogi Krzy\u017cowej Na zako\u0144czenie Drogi Krzy\u017cowej odczytano modlitw\u0119 papie\u017ca Franciszka na\u00a0Rok Jubileuszowy. Zawiera ona m.in. nast\u0119puj\u0105c\u0105 pro\u015bb\u0119: \u201eNiech \u0142aska Jubileuszu o\u017cywi w\u00a0nas, Pielgrzymach nadziei, pragnienie d\u00f3br niebieskich i\u00a0rozleje po\u00a0ca\u0142ej ziemi rado\u015b\u0107 i\u00a0pok\u00f3j naszego Odkupiciela&#8221;. Trasa warszawskiej Drogi Krzy\u017cowej przebiega\u0142a ulicami Miodow\u0105, Senatorsk\u0105, Wierzbow\u0105 nast\u0119pnie przez plac Pi\u0142sudskiego oraz\u00a0ulic\u0119 Kr\u00f3lewsk\u0105, Krakowskie Przedmie\u015bcie i\u00a0Plac Zamkowy do\u00a0ul. \u015awi\u0119toja\u0144skiej. Na podst. KAI<\/p>\n","protected":false},"excerpt":{"rendered":"<p>Metropolita warszawski abp Adrian Galbas przewodniczy\u0142 Centralnej Drodze Krzy\u017cowej, kt\u00f3ra w\u00a0Wielki Pi\u0105tek wieczorem przesz\u0142a ulicami stolicy. Uczestnicy nabo\u017ce\u0144stwa wyruszyli sprzed ko\u015bcio\u0142a akademickiego \u015bw. Anny, by\u00a0zako\u0144czy\u0107&hellip;<\/p>\n","protected":false},"author":3,"featured_media":822,"comment_status":"open","ping_status":"open","sticky":false,"template":"","format":"standard","meta":{"footnotes":""},"categories":[14,18],"tags":[],"class_list":["post-821","post","type-post","status-publish","format-standard","has-post-thumbnail","hentry","category-polska","category-top-news"],"_links":{"self":[{"href":"https:\/\/radiopoloniawinnipeg.com\/index.php\/wp-json\/wp\/v2\/posts\/821","targetHints":{"allow":["GET"]}}],"collection":[{"href":"https:\/\/radiopoloniawinnipeg.com\/index.php\/wp-json\/wp\/v2\/posts"}],"about":[{"href":"https:\/\/radiopoloniawinnipeg.com\/index.php\/wp-json\/wp\/v2\/types\/post"}],"author":[{"embeddable":true,"href":"https:\/\/radiopoloniawinnipeg.com\/index.php\/wp-json\/wp\/v2\/users\/3"}],"replies":[{"embeddable":true,"href":"https:\/\/radiopoloniawinnipeg.com\/index.php\/wp-json\/wp\/v2\/comments?post=821"}],"version-history":[{"count":0,"href":"https:\/\/radiopoloniawinnipeg.com\/index.php\/wp-json\/wp\/v2\/posts\/821\/revisions"}],"wp:featuredmedia":[{"embeddable":true,"href":"https:\/\/radiopoloniawinnipeg.com\/index.php\/wp-json\/wp\/v2\/media\/822"}],"wp:attachment":[{"href":"https:\/\/radiopoloniawinnipeg.com\/index.php\/wp-json\/wp\/v2\/media?parent=821"}],"wp:term":[{"taxonomy":"category","embeddable":true,"href":"https:\/\/radiopoloniawinnipeg.com\/index.php\/wp-json\/wp\/v2\/categories?post=821"},{"taxonomy":"post_tag","embeddable":true,"href":"https:\/\/radiopoloniawinnipeg.com\/index.php\/wp-json\/wp\/v2\/tags?post=821"}],"curies":[{"name":"wp","href":"https:\/\/api.w.org\/{rel}","templated":true}]}}