{"id":827,"date":"2025-04-19T10:30:06","date_gmt":"2025-04-19T14:30:06","guid":{"rendered":"https:\/\/radiopoloniawinnipeg.com\/index.php\/2025\/04\/19\/ciezkie-oskarzenia-kaminskiego-pod-adresem-po-senat-przeprasza\/"},"modified":"2025-04-19T10:30:06","modified_gmt":"2025-04-19T14:30:06","slug":"ciezkie-oskarzenia-kaminskiego-pod-adresem-po-senat-przeprasza","status":"publish","type":"post","link":"https:\/\/radiopoloniawinnipeg.com\/index.php\/2025\/04\/19\/ciezkie-oskarzenia-kaminskiego-pod-adresem-po-senat-przeprasza\/","title":{"rendered":"Ci\u0119\u017ckie oskar\u017cenia Kami\u0144skiego pod adresem PO. Senat przeprasza"},"content":{"rendered":"<p>Micha\u0142 Kami\u0144ski Wicemarsza\u0142ek Senatu Micha\u0142 Kami\u0144ski (Trzecia Droga) zarzuci\u0142 w pi\u0105tek, \u017ce urz\u0119dnicy Kancelarii Senatu podlegli marsza\u0142ek Ma\u0142gorzacie Kidawie-B\u0142o\u0144skiej (KO) mieli pr\u00f3bowa\u0107 nak\u0142oni\u0107 jego kierowc\u0119 do przekazywania informacji na jego temat. \u2013 Dzi\u015b spotka\u0142o mnie co\u015b, czego jeszcze nigdy wcze\u015bniej nie do\u015bwiadczy\u0142em w polityce \u2013 powiedzia\u0142 Kami\u0144ski w programie TVN24. \u2013 M\u00f3j kierowca zosta\u0142 poproszony przez urz\u0119dnik\u00f3w Senatu Rzeczypospolitej, podleg\u0142ych pani marsza\u0142ek Kidawie-B\u0142o\u0144skiej, aby donosi\u0142 na mnie. Wed\u0142ug relacji wicemarsza\u0142ka, kierowca odm\u00f3wi\u0142 wsp\u00f3\u0142pracy. \u2013 O\u015bwiadczy\u0142, \u017ce nie b\u0119dzie informowa\u0142 o moim stanie zdrowia, \u017cyciu prywatnym, miejscach, do kt\u00f3rych je\u017cd\u017c\u0119 ani osobach, z kt\u00f3rymi si\u0119 spotykam. Po tej odmowie mia\u0142 us\u0142ysze\u0107, \u017ce mo\u017ce zosta\u0107 odsuni\u0119ty od wsp\u00f3\u0142pracy ze mn\u0105 \u2013 doda\u0142 Kami\u0144ski. Polityk zapowiedzia\u0142, \u017ce jeszcze tego samego wieczoru opublikuje nagranie na swoim kanale na YouTubie, w kt\u00f3rym ujawni szczeg\u00f3\u0142y tej sprawy. \u2013 Poka\u017c\u0119 ca\u0142ej Polsce, jak pod rz\u0105dami Platformy Obywatelskiej w Senacie pr\u00f3buje si\u0119 wymusza\u0107 na kierowcach ujawnianie prywatnych informacji, w tym dotycz\u0105cych mojego zdrowia \u2013 zapowiedzia\u0142. Zdaniem Kami\u0144skiego, je\u015bli marsza\u0142ek Kidawa-B\u0142o\u0144ska chcia\u0142a pozna\u0107 stan jego zdrowia, mog\u0142a zapyta\u0107 go bezpo\u015brednio. \u2013 Nigdy tego nie zrobi\u0142a. Zamiast tego zdecydowa\u0142a si\u0119 \u2013 jak twierdzi \u2013 wysy\u0142a\u0107 ludzi do mojego kierowcy, by mnie szpiegowali. To nie s\u0105 standardy europejskie \u2013 oceni\u0142. Kidawa-B\u0142o\u0144ska jest \u201ezbulwersowana&#8221; Ma\u0142gorzata Kidawa-B\u0142o\u0144ska Marsza\u0142ek Senatu Ma\u0142gorzata Kidawa-B\u0142o\u0144ska (KO) powiedzia\u0142a w\u00a0rozmowie z\u00a0TVN24, \u017ce\u00a0\u201enie wie, o\u00a0co chodzi&#8221;. \u2013\u00a0Jestem zbulwersowana. Nie\u00a0przypuszcza\u0142am, \u017ce\u00a0pan Kami\u0144ski mo\u017ce tak po\u00a0prostu nerwowo reagowa\u0107 i\u00a0oskar\u017ca\u0107 o\u00a0co\u015b, co\u00a0nie mia\u0142o miejsca \u2013\u00a0o\u015bwiadczy\u0142a. \u2013 A\u00a0co mnie, przepraszam, obchodzi stan zdrowia pana Kami\u0144skiego albo kierowcy? Senator przychodzi do\u00a0pracy, wicemarsza\u0142ek prowadzi obrady, jest na\u00a0posiedzeniach. Naprawd\u0119 chyba za\u00a0du\u017co o\u00a0sobie my\u015bli pan Kami\u0144ski \u2013\u00a0oceni\u0142a. Kidawa-B\u0142o\u0144ska powiedzia\u0142a, \u017ce\u00a0oczekuje od\u00a0niego przeprosin za\u00a0\u201erzucanie takich nieprawdziwych oskar\u017ce\u0144&#8221;. \u2013\u00a0To\u00a0jest jakie\u015b szale\u0144stwo. To\u00a0pismo, kt\u00f3re dosta\u0142 pan Kami\u0144ski, dostali wszyscy marsza\u0142kowie i\u00a0wszyscy, kt\u00f3rzy korzystaj\u0105 z\u00a0samochod\u00f3w s\u0142u\u017cbowych \u2013\u00a0t\u0142umaczy\u0142a. Co by\u0142o w\u00a0pi\u015bmie do\u00a0kierowcy Kami\u0144skiego? Wed\u0142ug ustale\u0144 TVN24 tre\u015b\u0107 pisma, o\u00a0kt\u00f3rymi m\u00f3wi\u0142 Kami\u0144ski, zatytu\u0142owana jest \u201enieobecno\u015b\u0107 wicemarsza\u0142k\u00f3w&#8221;. \u201ePanowie, od\u00a0dnia dzisiejszego zobowi\u0105zuj\u0119 was do\u00a0informowania mnie o\u00a0jakichkolwiek nieobecno\u015bciach wicemarsza\u0142k\u00f3w. Je\u015bli wicemarsza\u0142ek gdzie\u015b leci, jedzie, idzie na\u00a0urlop, jest chory itp., musz\u0119 o\u00a0tym wiedzie\u0107&#8221; \u2013\u00a0czytamy w\u00a0pi\u015bmie, kt\u00f3re otrzymali kierowcy wicemarsza\u0142k\u00f3w Senatu. Pod wiadomo\u015bci\u0105 jest stopka kierownika Kancelarii Senatu, Biuro Administracyjne, Dzia\u0142 Transportu. Afera w\u00a0Senacie. Jest o\u015bwiadczenie O\u015bwiadczenie w\u00a0sprawie wypowiedzi Kami\u0144skiego wyda\u0142a Kancelaria Senatu informuj\u0105c, \u017ce\u00a0\u201ekorespondencja, o\u00a0kt\u00f3rej mowa, prowadzona by\u0142a pomi\u0119dzy dyspozytorem kierowc\u00f3w zatrudnionych w\u00a0Biurze Administracyjnym, a\u00a0kierowcami obs\u0142uguj\u0105cymi wszystkich wicemarsza\u0142k\u00f3w Senatu&#8221;. \u201eCelem tej komunikacji by\u0142o wy\u0142\u0105cznie usprawnienie organizacji pracy i\u00a0efektywne zarz\u0105dzanie czasem kierowc\u00f3w&#8221; \u2013\u00a0czytamy we\u00a0wpisie zamieszczonym na\u00a0profilu Senatu na\u00a0platformie X (dawniej Twitter). \u201eZdecydowanie podkre\u015blamy, \u017ce\u00a0nie mia\u0142a ona na\u00a0celu jakiejkolwiek formy monitorowania aktywno\u015bci wicemarsza\u0142k\u00f3w&#8221; \u2013\u00a0napisano. Dyrektor przeprasza Dyrektor Biura Administracyjnego Senatu Piotr Kosi\u0144ski wys\u0142a\u0142 do\u00a0Kami\u0144skiego wiadomo\u015b\u0107 z\u00a0przeprosinami. \u201eW\u00a0imieniu Biura Administracyjnego Kancelarii Senatu, pragn\u0119 wyrazi\u0107 szczere przeprosiny za\u00a0zaistnia\u0142\u0105 sytuacj\u0119, zwi\u0105zana z\u00a0informacj\u0105 mailow\u0105 kierowan\u0105 do\u00a0kierowc\u00f3w Dzia\u0142u Transportu, a\u00a0wys\u0142an\u0105 przez kierownika tego dzia\u0142u&#8221; \u2013\u00a0brzmi tre\u015b\u0107 wiadomo\u015bci ujawnionej przez TVN24. Dodano w\u00a0niej, \u017ce\u00a0\u201eta sytuacja nie\u00a0powinna mie\u0107 miejsca&#8221;. Na podst. Polsat News i Do Rzeczy<\/p>\n","protected":false},"excerpt":{"rendered":"<p>Micha\u0142 Kami\u0144ski Wicemarsza\u0142ek Senatu Micha\u0142 Kami\u0144ski (Trzecia Droga) zarzuci\u0142 w pi\u0105tek, \u017ce urz\u0119dnicy Kancelarii Senatu podlegli marsza\u0142ek Ma\u0142gorzacie Kidawie-B\u0142o\u0144skiej (KO) mieli pr\u00f3bowa\u0107 nak\u0142oni\u0107 jego kierowc\u0119&hellip;<\/p>\n","protected":false},"author":3,"featured_media":828,"comment_status":"open","ping_status":"open","sticky":false,"template":"","format":"standard","meta":{"footnotes":""},"categories":[14,18],"tags":[],"class_list":["post-827","post","type-post","status-publish","format-standard","has-post-thumbnail","hentry","category-polska","category-top-news"],"_links":{"self":[{"href":"https:\/\/radiopoloniawinnipeg.com\/index.php\/wp-json\/wp\/v2\/posts\/827","targetHints":{"allow":["GET"]}}],"collection":[{"href":"https:\/\/radiopoloniawinnipeg.com\/index.php\/wp-json\/wp\/v2\/posts"}],"about":[{"href":"https:\/\/radiopoloniawinnipeg.com\/index.php\/wp-json\/wp\/v2\/types\/post"}],"author":[{"embeddable":true,"href":"https:\/\/radiopoloniawinnipeg.com\/index.php\/wp-json\/wp\/v2\/users\/3"}],"replies":[{"embeddable":true,"href":"https:\/\/radiopoloniawinnipeg.com\/index.php\/wp-json\/wp\/v2\/comments?post=827"}],"version-history":[{"count":0,"href":"https:\/\/radiopoloniawinnipeg.com\/index.php\/wp-json\/wp\/v2\/posts\/827\/revisions"}],"wp:featuredmedia":[{"embeddable":true,"href":"https:\/\/radiopoloniawinnipeg.com\/index.php\/wp-json\/wp\/v2\/media\/828"}],"wp:attachment":[{"href":"https:\/\/radiopoloniawinnipeg.com\/index.php\/wp-json\/wp\/v2\/media?parent=827"}],"wp:term":[{"taxonomy":"category","embeddable":true,"href":"https:\/\/radiopoloniawinnipeg.com\/index.php\/wp-json\/wp\/v2\/categories?post=827"},{"taxonomy":"post_tag","embeddable":true,"href":"https:\/\/radiopoloniawinnipeg.com\/index.php\/wp-json\/wp\/v2\/tags?post=827"}],"curies":[{"name":"wp","href":"https:\/\/api.w.org\/{rel}","templated":true}]}}