{"id":829,"date":"2025-04-19T11:00:08","date_gmt":"2025-04-19T15:00:08","guid":{"rendered":"https:\/\/radiopoloniawinnipeg.com\/index.php\/2025\/04\/19\/najnowszy-sondaz-trzaskowski-i-mentzen-mocno-w-dol\/"},"modified":"2025-04-19T11:00:08","modified_gmt":"2025-04-19T15:00:08","slug":"najnowszy-sondaz-trzaskowski-i-mentzen-mocno-w-dol","status":"publish","type":"post","link":"https:\/\/radiopoloniawinnipeg.com\/index.php\/2025\/04\/19\/najnowszy-sondaz-trzaskowski-i-mentzen-mocno-w-dol\/","title":{"rendered":"Najnowszy sonda\u017c &#8211; Trzaskowski i Mentzen mocno w d\u00f3\u0142"},"content":{"rendered":"<p>Na miesi\u0105c przed wyborami prezydenckimi Rafa\u0142 Trzaskowski utrzymuje prowadzenie w wy\u015bcigu o najwy\u017cszy urz\u0105d w pa\u0144stwie \u2013 wynika z najnowszego sonda\u017cu IBRiS przeprowadzonego dla Polsat News. Kandydat Koalicji Obywatelskiej mo\u017ce liczy\u0107 na 30,8 proc. poparcia. Na drugim miejscu uplasowa\u0142 si\u0119 Karol Nawrocki z wynikiem 25,6 proc., a trzeci jest S\u0142awomir Mentzen, kt\u00f3rego wskaza\u0142o 12,4 proc. respondent\u00f3w. W por\u00f3wnaniu do poprzedniego badania, Trzaskowski straci\u0142 5,6 punktu procentowego. Niewielki spadek odnotowa\u0142 r\u00f3wnie\u017c Karol Nawrocki \u2013 o 0,3 pkt proc. Z kolei poparcie dla S\u0142awomira Mentzena zmniejszy\u0142o si\u0119 o 5,7 pkt proc. Ro\u015bnie poparcie dla Ho\u0142owni, Biejat i Zandberga Na czwartym miejscu znalaz\u0142 si\u0119 Szymon Ho\u0142ownia z wynikiem 6,6 proc. \u2013 co oznacza wzrost o 1,2 pkt proc. Kolejna w zestawieniu jest Magdalena Biejat z poparciem 5,6 proc. (wzrost o 3 pkt proc.). Adrian Zandberg zdoby\u0142 3,6 proc. (wzrost o 1,1 pkt proc.). Na si\u00f3dmym miejscu, ex aequo, znale\u017ali si\u0119 Krzysztof Stanowski i Grzegorz Braun \u2013 obaj z wynikiem 1,3 proc. Stanowski straci\u0142 0,9 pkt proc., podczas gdy poparcie dla Brauna wzros\u0142o o 0,8 pkt proc. Marek Jakubiak, z wynikiem 1,2 proc., poprawi\u0142 sw\u00f3j wynik o 0,3 pkt proc. Joanna Senyszyn uzyska\u0142a 1 proc. g\u0142os\u00f3w, Artur Bartoszewicz \u2013 0,4 proc., Maciej Maciak \u2013 0,2 proc., a Marek Woch \u2013 0 proc. 9,9 proc. ankietowanych wci\u0105\u017c nie zdecydowa\u0142o, na kogo odda g\u0142os. Druga tura: Trzaskowski faworytem w obu wariantach W przypadku drugiej tury, w kt\u00f3rej zmierzyliby si\u0119 Rafa\u0142 Trzaskowski i Karol Nawrocki, kandydat KO m\u00f3g\u0142by liczy\u0107 na 48,1 proc. g\u0142os\u00f3w, a jego rywal \u2013 na 40,9 proc. 5,6 proc. ankietowanych zadeklarowa\u0142o, \u017ce nie we\u017amie udzia\u0142u w g\u0142osowaniu, a 5,4 proc. nie potrafi\u0142o wskaza\u0107 preferencji. W scenariuszu pojedynku Trzaskowski\u2013Mentzen, kandydat Koalicji Obywatelskiej zdoby\u0142by 48,6 proc. poparcia, a reprezentant Konfederacji \u2013 34 proc. Zdecydowana wi\u0119kszo\u015b\u0107 respondent\u00f3w (97,2 proc.) zadeklarowa\u0142a, \u017ce debaty wyborcze nie mia\u0142y wp\u0142ywu na ich decyzje. Metodologia badania Sonda\u017c zosta\u0142 przeprowadzony przez IBRiS w dniach 16\u201317 kwietnia 2025 roku na reprezentatywnej pr\u00f3bie 1000 os\u00f3b. Badanie zrealizowano metod\u0105 telefonicznych standaryzowanych wywiad\u00f3w kwestionariuszowych wspomaganych komputerowo (CATI). Na podst. Polsat News<\/p>\n","protected":false},"excerpt":{"rendered":"<p>Na miesi\u0105c przed wyborami prezydenckimi Rafa\u0142 Trzaskowski utrzymuje prowadzenie w wy\u015bcigu o najwy\u017cszy urz\u0105d w pa\u0144stwie \u2013 wynika z najnowszego sonda\u017cu IBRiS przeprowadzonego dla Polsat&hellip;<\/p>\n","protected":false},"author":3,"featured_media":830,"comment_status":"open","ping_status":"open","sticky":false,"template":"","format":"standard","meta":{"footnotes":""},"categories":[14,18],"tags":[],"class_list":["post-829","post","type-post","status-publish","format-standard","has-post-thumbnail","hentry","category-polska","category-top-news"],"_links":{"self":[{"href":"https:\/\/radiopoloniawinnipeg.com\/index.php\/wp-json\/wp\/v2\/posts\/829","targetHints":{"allow":["GET"]}}],"collection":[{"href":"https:\/\/radiopoloniawinnipeg.com\/index.php\/wp-json\/wp\/v2\/posts"}],"about":[{"href":"https:\/\/radiopoloniawinnipeg.com\/index.php\/wp-json\/wp\/v2\/types\/post"}],"author":[{"embeddable":true,"href":"https:\/\/radiopoloniawinnipeg.com\/index.php\/wp-json\/wp\/v2\/users\/3"}],"replies":[{"embeddable":true,"href":"https:\/\/radiopoloniawinnipeg.com\/index.php\/wp-json\/wp\/v2\/comments?post=829"}],"version-history":[{"count":0,"href":"https:\/\/radiopoloniawinnipeg.com\/index.php\/wp-json\/wp\/v2\/posts\/829\/revisions"}],"wp:featuredmedia":[{"embeddable":true,"href":"https:\/\/radiopoloniawinnipeg.com\/index.php\/wp-json\/wp\/v2\/media\/830"}],"wp:attachment":[{"href":"https:\/\/radiopoloniawinnipeg.com\/index.php\/wp-json\/wp\/v2\/media?parent=829"}],"wp:term":[{"taxonomy":"category","embeddable":true,"href":"https:\/\/radiopoloniawinnipeg.com\/index.php\/wp-json\/wp\/v2\/categories?post=829"},{"taxonomy":"post_tag","embeddable":true,"href":"https:\/\/radiopoloniawinnipeg.com\/index.php\/wp-json\/wp\/v2\/tags?post=829"}],"curies":[{"name":"wp","href":"https:\/\/api.w.org\/{rel}","templated":true}]}}