{"id":831,"date":"2025-04-19T11:30:03","date_gmt":"2025-04-19T15:30:03","guid":{"rendered":"https:\/\/radiopoloniawinnipeg.com\/index.php\/2025\/04\/19\/kanadyjscy-naukowcy-uzytkownicy-marihuany-czesciej-zapadaja-na-demencje\/"},"modified":"2025-04-19T11:30:03","modified_gmt":"2025-04-19T15:30:03","slug":"kanadyjscy-naukowcy-uzytkownicy-marihuany-czesciej-zapadaja-na-demencje","status":"publish","type":"post","link":"https:\/\/radiopoloniawinnipeg.com\/index.php\/2025\/04\/19\/kanadyjscy-naukowcy-uzytkownicy-marihuany-czesciej-zapadaja-na-demencje\/","title":{"rendered":"Kanadyjscy naukowcy: U\u017cytkownicy marihuany cz\u0119\u015bciej zapadaj\u0105 na demencj\u0119"},"content":{"rendered":"<p>Z opublikowanego w poniedzia\u0142ek badania kanadyjskich naukowc\u00f3w wynika, \u017ce osoby korzystaj\u0105ce w ci\u0105gu kolejnych lat z marihuany, kt\u00f3re trafi\u0142y do szpitala lub na oddzia\u0142 ratunkowy, cz\u0119\u015bciej chorowa\u0142y na demencj\u0119. Analiza, opublikowana na \u0142amach czasopisma JAMA Neurology, obj\u0119\u0142a osoby w wieku 45 lat i starsze, kt\u00f3re w latach 2008\u20132011 by\u0142y hospitalizowane lub zg\u0142osi\u0142y si\u0119 na SOR z powodu u\u017cywania marihuany. W\u015br\u00f3d tej grupy odnotowano wyra\u017anie wy\u017csze ryzyko wyst\u0105pienia demencji w ci\u0105gu 5\u201310 lat w por\u00f3wnaniu z populacj\u0105 og\u00f3ln\u0105. Obserwacje z du\u017cej populacji \u2013 Naszym celem by\u0142o spojrzenie na problem z szerszej perspektywy \u2013 powiedzia\u0142 dr Daniel Myran, g\u0142\u00f3wny autor badania i lekarz zdrowia publicznego z Ottawy, w rozmowie z CTVNews.ca. \u2013 W odr\u00f3\u017cnieniu od bada\u0144 opartych na obrazowaniu m\u00f3zgu, kt\u00f3re obejmuj\u0105 relatywnie ma\u0142e grupy uczestnik\u00f3w, si\u0119gn\u0119li\u015bmy po dane z ca\u0142ej prowincji Ontario, obejmuj\u0105ce ponad sze\u015b\u0107 milion\u00f3w os\u00f3b w \u015brednim i starszym wieku, kt\u00f3re nie mia\u0142y wcze\u015bniejszej diagnozy demencji. Badacze przeanalizowali histori\u0119 medyczn\u0105 ponad 16 tys. os\u00f3b, kt\u00f3re przynajmniej raz trafi\u0142y do szpitala lub na pogotowie z powodu marihuany. Okaza\u0142o si\u0119, \u017ce u 5 proc. z nich zdiagnozowano demencj\u0119 w ci\u0105gu pi\u0119ciu lat, a u 19 proc. \u2013 w ci\u0105gu dekady. Dla por\u00f3wnania, w\u015br\u00f3d os\u00f3b hospitalizowanych z innych powod\u00f3w wska\u017aniki te wynosi\u0142y odpowiednio 3,6 proc. i 14,8 proc., a w ca\u0142ej populacji \u2013 1,3 proc. i 5,5 proc. Rosn\u0105ce u\u017cycie marihuany w\u015br\u00f3d starszych doros\u0142ych Zjawisko to nabiera szczeg\u00f3lnego znaczenia w kontek\u015bcie rosn\u0105cej popularno\u015bci marihuany w\u015br\u00f3d starszych Kanadyjczyk\u00f3w. \u2013 W ci\u0105gu ostatnich 15 lat odnotowali\u015bmy wyra\u017any wzrost u\u017cywania konopi w\u015br\u00f3d os\u00f3b w \u015brednim i starszym wieku \u2013 podkre\u015bli\u0142 Myran. Wed\u0142ug badania, odsetek os\u00f3b po pi\u0119\u0107dziesi\u0105tce, kt\u00f3re deklarowa\u0142y u\u017cywanie marihuany w ci\u0105gu ostatniego roku, wzr\u00f3s\u0142 w Ontario z 5,4 proc. w 2010 r. do 21,8 proc. w 2023 r. Cz\u0119\u015b\u0107 z tych os\u00f3b si\u0119ga po marihuan\u0119 w celach medycznych, na przyk\u0142ad w leczeniu b\u00f3lu, bezsenno\u015bci czy stan\u00f3w l\u0119kowych. \u2013 Wielu ludzi s\u0142yszy, \u017ce mo\u017ce pom\u00f3c, i chce spr\u00f3bowa\u0107, by przekona\u0107 si\u0119, czy rzeczywi\u015bcie przynosi ulg\u0119 \u2013 doda\u0142 Myran. Por\u00f3wnanie z alkoholem Zesp\u00f3\u0142 badawczy por\u00f3wna\u0142 tak\u017ce u\u017cytkownik\u00f3w marihuany z osobami, kt\u00f3re zg\u0142osi\u0142y si\u0119 na pogotowie z powodu nadu\u017cycia alkoholu \u2013 substancji ju\u017c wcze\u015bniej powi\u0105zanej z ryzykiem demencji. Cho\u0107 obie grupy wykaza\u0142y zwi\u0119kszone ryzyko chor\u00f3b neurodegeneracyjnych, w przypadku marihuany by\u0142o ono nieco ni\u017csze ni\u017c w grupie nadu\u017cywaj\u0105cej alkoholu. Badacze podkre\u015blaj\u0105 jednak ograniczenia swojej analizy. \u2013 Nie dysponujemy informacjami na temat d\u0142ugo\u015bci i sposobu u\u017cywania marihuany, ani o innych czynnikach ryzyka, takich jak palenie papieros\u00f3w czy styl \u017cycia \u2013 przyzna\u0142 Myran. Potrzeba dalszych bada\u0144 \u2013 To nie jest badanie, kt\u00f3re dowodzi, \u017ce marihuana powoduje demencj\u0119 \u2013 zaznaczy\u0142 Myran. \u2013 Pokazuje jednak, \u017ce istnieje statystyczny zwi\u0105zek, kt\u00f3rego nie wolno ignorowa\u0107, zw\u0142aszcza bior\u0105c pod uwag\u0119 rosn\u0105c\u0105 popularno\u015b\u0107 tej substancji w\u015br\u00f3d os\u00f3b starszych. Autorzy apeluj\u0105 o dalsze, d\u0142ugoterminowe badania z udzia\u0142em uczestnik\u00f3w, kt\u00f3rych nawyki dotycz\u0105ce u\u017cywek i zdrowia b\u0119d\u0105 szczeg\u00f3\u0142owo \u015bledzone przez wiele lat. \u2013 Je\u015bli chcemy lepiej zrozumie\u0107, jak marihuana wp\u0142ywa na m\u00f3zg, musimy inwestowa\u0107 w du\u017ce, wieloletnie projekty badawcze \u2013 podsumowa\u0142 Myran. Na podst. CTV News<\/p>\n","protected":false},"excerpt":{"rendered":"<p>Z opublikowanego w poniedzia\u0142ek badania kanadyjskich naukowc\u00f3w wynika, \u017ce osoby korzystaj\u0105ce w ci\u0105gu kolejnych lat z marihuany, kt\u00f3re trafi\u0142y do szpitala lub na oddzia\u0142 ratunkowy,&hellip;<\/p>\n","protected":false},"author":3,"featured_media":832,"comment_status":"open","ping_status":"open","sticky":false,"template":"","format":"standard","meta":{"footnotes":""},"categories":[12,18],"tags":[],"class_list":["post-831","post","type-post","status-publish","format-standard","has-post-thumbnail","hentry","category-kanada","category-top-news"],"_links":{"self":[{"href":"https:\/\/radiopoloniawinnipeg.com\/index.php\/wp-json\/wp\/v2\/posts\/831","targetHints":{"allow":["GET"]}}],"collection":[{"href":"https:\/\/radiopoloniawinnipeg.com\/index.php\/wp-json\/wp\/v2\/posts"}],"about":[{"href":"https:\/\/radiopoloniawinnipeg.com\/index.php\/wp-json\/wp\/v2\/types\/post"}],"author":[{"embeddable":true,"href":"https:\/\/radiopoloniawinnipeg.com\/index.php\/wp-json\/wp\/v2\/users\/3"}],"replies":[{"embeddable":true,"href":"https:\/\/radiopoloniawinnipeg.com\/index.php\/wp-json\/wp\/v2\/comments?post=831"}],"version-history":[{"count":0,"href":"https:\/\/radiopoloniawinnipeg.com\/index.php\/wp-json\/wp\/v2\/posts\/831\/revisions"}],"wp:featuredmedia":[{"embeddable":true,"href":"https:\/\/radiopoloniawinnipeg.com\/index.php\/wp-json\/wp\/v2\/media\/832"}],"wp:attachment":[{"href":"https:\/\/radiopoloniawinnipeg.com\/index.php\/wp-json\/wp\/v2\/media?parent=831"}],"wp:term":[{"taxonomy":"category","embeddable":true,"href":"https:\/\/radiopoloniawinnipeg.com\/index.php\/wp-json\/wp\/v2\/categories?post=831"},{"taxonomy":"post_tag","embeddable":true,"href":"https:\/\/radiopoloniawinnipeg.com\/index.php\/wp-json\/wp\/v2\/tags?post=831"}],"curies":[{"name":"wp","href":"https:\/\/api.w.org\/{rel}","templated":true}]}}