{"id":833,"date":"2025-04-19T12:30:06","date_gmt":"2025-04-19T16:30:06","guid":{"rendered":"https:\/\/radiopoloniawinnipeg.com\/index.php\/2025\/04\/19\/perkusista-z-kanady-aresztowany-w-usa-pod-zarzutem-czynow-pedofiskich\/"},"modified":"2025-04-19T12:30:06","modified_gmt":"2025-04-19T16:30:06","slug":"perkusista-z-kanady-aresztowany-w-usa-pod-zarzutem-czynow-pedofiskich","status":"publish","type":"post","link":"https:\/\/radiopoloniawinnipeg.com\/index.php\/2025\/04\/19\/perkusista-z-kanady-aresztowany-w-usa-pod-zarzutem-czynow-pedofiskich\/","title":{"rendered":"Perkusista z Kanady aresztowany w USA pod zarzutem czyn\u00f3w pedofiskich"},"content":{"rendered":"<p>Perkusista Joseph Seiders wraz z zespo\u0142em The New Pornographers wyst\u0119puje na imprezie \u201eCelebrate Brooklyn!\u201d w Prospect Park Bandshell 11 lipca 2015 r. w dzielnicy Brooklyn w Nowym Jorku. Joseph Seiders, perkusista kanadyjskiego zespo\u0142u indie rockowego \u201eThe New Pornographers\u201d, zosta\u0142 aresztowany w Kalifornii pod zarzutem posiadania materia\u0142\u00f3w przedstawiaj\u0105cych seksualne wykorzystywanie dzieci \u2013 poinformowa\u0142y lokalne w\u0142adze. 44-letni muzyk jest oskar\u017cony o potajemne nagrywanie m\u0142odych ch\u0142opc\u00f3w w toalecie restauracji Chick-fil-A w Palm Desert, miejscowo\u015bci po\u0142o\u017conej w Dolinie Coachella, licz\u0105cej oko\u0142o 50 tys. mieszka\u0144c\u00f3w. Policja zosta\u0142a powiadomiona 7 kwietnia po zg\u0142oszeniu podejrzanego zachowania w jednej z restauracji typu fast food. Jak wynika z relacji funkcjonariuszy, 11-letni ch\u0142opiec poinformowa\u0142 ich, \u017ce zosta\u0142 potajemnie nagrany przez m\u0119\u017cczyzn\u0119, gdy korzysta\u0142 z toalety. Dwa dni p\u00f3\u017aniej s\u0142u\u017cby otrzyma\u0142y kolejne zg\u0142oszenie z tej samej lokalizacji. Tym razem podejrzany zosta\u0142 zatrzymany na miejscu \u2013 okaza\u0142 si\u0119 nim Seiders. Policja przeszuka\u0142a jego dom, gdzie odnaleziono dowody \u0142\u0105cz\u0105ce go z obiema sprawami. Muzyk us\u0142ysza\u0142 zarzuty dotycz\u0105ce posiadania materia\u0142\u00f3w zawieraj\u0105cych wykorzystywanie seksualne dzieci, molestowania dziecka oraz naruszenia prywatno\u015bci \u2013 poinformowa\u0142 departament szeryfa hrabstwa Riverside. Publiczny obro\u0144ca Seidersa odm\u00f3wi\u0142 komentarza w tej sprawie. \u015aledczy nie wykluczaj\u0105, \u017ce liczba ofiar mo\u017ce by\u0107 wi\u0119ksza, i kontynuuj\u0105 dochodzenie. W reakcji na doniesienia zesp\u00f3\u0142 \u201eThe New Pornographers\u201d opublikowa\u0142 o\u015bwiadczenie w mediach spo\u0142eczno\u015bciowych, informuj\u0105c o natychmiastowym zerwaniu wsp\u00f3\u0142pracy z perkusist\u0105. \u201eWszyscy cz\u0142onkowie zespo\u0142u s\u0105 g\u0142\u0119boko wstrz\u0105\u015bni\u0119ci, przera\u017ceni i zdruzgotani informacjami o zarzutach postawionych Joe Seidersowi\u201d \u2013 napisano na Instagramie. Seiders do\u0142\u0105czy\u0142 do grupy w 2014 roku. Na podst. Associated Press<\/p>\n","protected":false},"excerpt":{"rendered":"<p>Perkusista Joseph Seiders wraz z zespo\u0142em The New Pornographers wyst\u0119puje na imprezie \u201eCelebrate Brooklyn!\u201d w Prospect Park Bandshell 11 lipca 2015 r. w dzielnicy Brooklyn&hellip;<\/p>\n","protected":false},"author":3,"featured_media":834,"comment_status":"open","ping_status":"open","sticky":false,"template":"","format":"standard","meta":{"footnotes":""},"categories":[15,18],"tags":[],"class_list":["post-833","post","type-post","status-publish","format-standard","has-post-thumbnail","hentry","category-swiat","category-top-news"],"_links":{"self":[{"href":"https:\/\/radiopoloniawinnipeg.com\/index.php\/wp-json\/wp\/v2\/posts\/833","targetHints":{"allow":["GET"]}}],"collection":[{"href":"https:\/\/radiopoloniawinnipeg.com\/index.php\/wp-json\/wp\/v2\/posts"}],"about":[{"href":"https:\/\/radiopoloniawinnipeg.com\/index.php\/wp-json\/wp\/v2\/types\/post"}],"author":[{"embeddable":true,"href":"https:\/\/radiopoloniawinnipeg.com\/index.php\/wp-json\/wp\/v2\/users\/3"}],"replies":[{"embeddable":true,"href":"https:\/\/radiopoloniawinnipeg.com\/index.php\/wp-json\/wp\/v2\/comments?post=833"}],"version-history":[{"count":0,"href":"https:\/\/radiopoloniawinnipeg.com\/index.php\/wp-json\/wp\/v2\/posts\/833\/revisions"}],"wp:featuredmedia":[{"embeddable":true,"href":"https:\/\/radiopoloniawinnipeg.com\/index.php\/wp-json\/wp\/v2\/media\/834"}],"wp:attachment":[{"href":"https:\/\/radiopoloniawinnipeg.com\/index.php\/wp-json\/wp\/v2\/media?parent=833"}],"wp:term":[{"taxonomy":"category","embeddable":true,"href":"https:\/\/radiopoloniawinnipeg.com\/index.php\/wp-json\/wp\/v2\/categories?post=833"},{"taxonomy":"post_tag","embeddable":true,"href":"https:\/\/radiopoloniawinnipeg.com\/index.php\/wp-json\/wp\/v2\/tags?post=833"}],"curies":[{"name":"wp","href":"https:\/\/api.w.org\/{rel}","templated":true}]}}