{"id":844,"date":"2025-04-20T07:15:03","date_gmt":"2025-04-20T11:15:03","guid":{"rendered":"https:\/\/radiopoloniawinnipeg.com\/index.php\/2025\/04\/20\/para-prezydencka-zlozyla-polakom-zyczenia\/"},"modified":"2025-04-20T07:15:03","modified_gmt":"2025-04-20T11:15:03","slug":"para-prezydencka-zlozyla-polakom-zyczenia","status":"publish","type":"post","link":"https:\/\/radiopoloniawinnipeg.com\/index.php\/2025\/04\/20\/para-prezydencka-zlozyla-polakom-zyczenia\/","title":{"rendered":"Para prezydencka z\u0142o\u017cy\u0142a Polakom \u017cyczenia"},"content":{"rendered":"<p>Niech ten \u015bwi\u0105teczny czas b\u0119dzie wype\u0142niony spokojem i rado\u015bci\u0105. Niech w Pa\u0144stwa domach zago\u015bci nadzieja na zwyci\u0119stwo dobra nad z\u0142em, kt\u00f3r\u0105 przynosi Chrystus &#8211; powiedzia\u0142 prezydent Andrzej Duda, zwracaj\u0105c si\u0119 z \u017cyczeniami do Polak\u00f3w w kraju i na \u015bwiecie. Agata Kornhauser-Duda przypomnia\u0142a, \u017ce \u201etegoroczna Wielkanoc jest szczeg\u00f3lna&#8221;, poniewa\u017c obchodz\u0105 j\u0105 jednocze\u015bnie wszyscy chrze\u015bcijanie. Para prezydencka w wielkanocny poranek opublikowa\u0142a nagranie z \u017cyczeniami. &#8211; Z okazji \u015awi\u0105t Zmartwychwstania Pa\u0144skiego sk\u0142adamy najlepsze \u017cyczenia wszelkiej pomy\u015blno\u015bci. Niech ten \u015bwi\u0105teczny czas b\u0119dzie wype\u0142niony spokojem i rado\u015bci\u0105. Niech w Pa\u0144stwa domach zago\u015bci nadzieja na zwyci\u0119stwo dobra nad z\u0142em, kt\u00f3r\u0105 przynosi Chrystus &#8211; powiedzia\u0142 prezydent. &#8211; Tegoroczna Wielkanoc jest szczeg\u00f3lna, bo obchodz\u0105 j\u0105 jednocze\u015bnie wszyscy chrze\u015bcijanie &#8211; doda\u0142a Agata Kornhauser-Duda. W tym roku 20 kwietnia \u015bwi\u0119tuj\u0105 zar\u00f3wno katolicy jak i wyznawcy prawos\u0142awia. &#8211; \u017byczymy Pa\u0144stwu, by nadchodz\u0105ce \u015bwi\u0119ta by\u0142y czasem refleksji, a tak\u017ce udanych spotka\u0144 w gronie najbli\u017cszych i umacniania rodzinnych wi\u0119zi w atmosferze domowego ciep\u0142a i serdeczno\u015bci &#8211; powiedzia\u0142a pierwsza dama. &#8211; \u0141\u0105czymy si\u0119 z Pa\u0144stwem we wsp\u00f3lnym prze\u017cywaniu wielkanocnych tajemnic. Oby radosne \u201eAlleluja&#8221; rozbrzmiewa\u0142o w\u015br\u00f3d wszystkich rodak\u00f3w &#8211; zar\u00f3wno w Polsce, jak i poza granicami naszego kraju &#8211; m\u00f3wi\u0142 prezydent. Duda podkre\u015bli\u0142 na koniec, \u017ce \u017cyczenia kieruje do \u201eca\u0142ej polskiej wsp\u00f3lnoty&#8221;.<\/p>\n","protected":false},"excerpt":{"rendered":"<p>Niech ten \u015bwi\u0105teczny czas b\u0119dzie wype\u0142niony spokojem i rado\u015bci\u0105. Niech w Pa\u0144stwa domach zago\u015bci nadzieja na zwyci\u0119stwo dobra nad z\u0142em, kt\u00f3r\u0105 przynosi Chrystus &#8211; powiedzia\u0142&hellip;<\/p>\n","protected":false},"author":3,"featured_media":845,"comment_status":"open","ping_status":"open","sticky":false,"template":"","format":"standard","meta":{"footnotes":""},"categories":[14,18],"tags":[],"class_list":["post-844","post","type-post","status-publish","format-standard","has-post-thumbnail","hentry","category-polska","category-top-news"],"_links":{"self":[{"href":"https:\/\/radiopoloniawinnipeg.com\/index.php\/wp-json\/wp\/v2\/posts\/844","targetHints":{"allow":["GET"]}}],"collection":[{"href":"https:\/\/radiopoloniawinnipeg.com\/index.php\/wp-json\/wp\/v2\/posts"}],"about":[{"href":"https:\/\/radiopoloniawinnipeg.com\/index.php\/wp-json\/wp\/v2\/types\/post"}],"author":[{"embeddable":true,"href":"https:\/\/radiopoloniawinnipeg.com\/index.php\/wp-json\/wp\/v2\/users\/3"}],"replies":[{"embeddable":true,"href":"https:\/\/radiopoloniawinnipeg.com\/index.php\/wp-json\/wp\/v2\/comments?post=844"}],"version-history":[{"count":0,"href":"https:\/\/radiopoloniawinnipeg.com\/index.php\/wp-json\/wp\/v2\/posts\/844\/revisions"}],"wp:featuredmedia":[{"embeddable":true,"href":"https:\/\/radiopoloniawinnipeg.com\/index.php\/wp-json\/wp\/v2\/media\/845"}],"wp:attachment":[{"href":"https:\/\/radiopoloniawinnipeg.com\/index.php\/wp-json\/wp\/v2\/media?parent=844"}],"wp:term":[{"taxonomy":"category","embeddable":true,"href":"https:\/\/radiopoloniawinnipeg.com\/index.php\/wp-json\/wp\/v2\/categories?post=844"},{"taxonomy":"post_tag","embeddable":true,"href":"https:\/\/radiopoloniawinnipeg.com\/index.php\/wp-json\/wp\/v2\/tags?post=844"}],"curies":[{"name":"wp","href":"https:\/\/api.w.org\/{rel}","templated":true}]}}