{"id":850,"date":"2025-04-20T09:30:02","date_gmt":"2025-04-20T13:30:02","guid":{"rendered":"https:\/\/radiopoloniawinnipeg.com\/index.php\/2025\/04\/20\/dwa-miliony-glosow-w-pierwszym-dniu-przedterminowych-wyborow\/"},"modified":"2025-04-20T09:30:02","modified_gmt":"2025-04-20T13:30:02","slug":"dwa-miliony-glosow-w-pierwszym-dniu-przedterminowych-wyborow","status":"publish","type":"post","link":"https:\/\/radiopoloniawinnipeg.com\/index.php\/2025\/04\/20\/dwa-miliony-glosow-w-pierwszym-dniu-przedterminowych-wyborow\/","title":{"rendered":"Dwa miliony g\u0142os\u00f3w w pierwszym dniu przedterminowych wybor\u00f3w"},"content":{"rendered":"<p>Elections Canada poinformowa\u0142o za po\u015brednictwem medi\u00f3w spo\u0142eczno\u015bciowych, \u017ce w zwi\u0105zku z du\u017cym zainteresowaniem i wzmo\u017conym ruchem w lokalach wyborczych, w najbli\u017cszych dniach zostan\u0105 wprowadzone zmiany organizacyjne. Wielu wyborc\u00f3w musia\u0142o bowiem mierzy\u0107 si\u0119 z d\u0142ugim oczekiwaniem w kolejkach. W przedterminowym g\u0142osowaniu w 2021 roku udzia\u0142 wzi\u0119\u0142o blisko 5,8 miliona os\u00f3b, co stanowi\u0142o wzrost o ponad 18 procent w por\u00f3wnaniu z wyborami z 2019 roku. Tegoroczny czterodniowy okres g\u0142osowania przypada na d\u0142ugi weekend kwietniowy i potrwa do poniedzia\u0142ku, na tydzie\u0144 przed g\u0142\u00f3wnym dniem wybor\u00f3w, wyznaczonym na 28 kwietnia. Na niespe\u0142na tydzie\u0144 przed rozstrzygni\u0119ciem wybor\u00f3w, lider Partii Liberalnej Mark Carney oraz przewodnicz\u0105cy Nowej Demokratycznej Partii Jagmeet Singh opublikowali w sobot\u0119 pe\u0142ne zestawienia swoich obietnic wyborczych wraz z szacunkowymi kosztami ich realizacji. Lider Partii Konserwatywnej Pierre Poilievre, kt\u00f3ry prowadzi\u0142 w sobot\u0119 kampani\u0119 w Richmond w Kolumbii Brytyjskiej, zapowiedzia\u0142, \u017ce jego pe\u0142ny program zostanie wkr\u00f3tce upubliczniony. Doda\u0142 jednak, \u017ce \u201e95 procent\u201d za\u0142o\u017ce\u0144 zosta\u0142o ju\u017c wcze\u015bniej og\u0142oszonych. Lokale wyborcze w ramach g\u0142osowania przedterminowego czynne s\u0105 codziennie do poniedzia\u0142ku w godzinach od 9:00 do 21:00 czasu lokalnego. Na podst. Canadian Press<\/p>\n","protected":false},"excerpt":{"rendered":"<p>Elections Canada poinformowa\u0142o za po\u015brednictwem medi\u00f3w spo\u0142eczno\u015bciowych, \u017ce w zwi\u0105zku z du\u017cym zainteresowaniem i wzmo\u017conym ruchem w lokalach wyborczych, w najbli\u017cszych dniach zostan\u0105 wprowadzone zmiany&hellip;<\/p>\n","protected":false},"author":3,"featured_media":851,"comment_status":"open","ping_status":"open","sticky":false,"template":"","format":"standard","meta":{"footnotes":""},"categories":[12,18],"tags":[],"class_list":["post-850","post","type-post","status-publish","format-standard","has-post-thumbnail","hentry","category-kanada","category-top-news"],"_links":{"self":[{"href":"https:\/\/radiopoloniawinnipeg.com\/index.php\/wp-json\/wp\/v2\/posts\/850","targetHints":{"allow":["GET"]}}],"collection":[{"href":"https:\/\/radiopoloniawinnipeg.com\/index.php\/wp-json\/wp\/v2\/posts"}],"about":[{"href":"https:\/\/radiopoloniawinnipeg.com\/index.php\/wp-json\/wp\/v2\/types\/post"}],"author":[{"embeddable":true,"href":"https:\/\/radiopoloniawinnipeg.com\/index.php\/wp-json\/wp\/v2\/users\/3"}],"replies":[{"embeddable":true,"href":"https:\/\/radiopoloniawinnipeg.com\/index.php\/wp-json\/wp\/v2\/comments?post=850"}],"version-history":[{"count":0,"href":"https:\/\/radiopoloniawinnipeg.com\/index.php\/wp-json\/wp\/v2\/posts\/850\/revisions"}],"wp:featuredmedia":[{"embeddable":true,"href":"https:\/\/radiopoloniawinnipeg.com\/index.php\/wp-json\/wp\/v2\/media\/851"}],"wp:attachment":[{"href":"https:\/\/radiopoloniawinnipeg.com\/index.php\/wp-json\/wp\/v2\/media?parent=850"}],"wp:term":[{"taxonomy":"category","embeddable":true,"href":"https:\/\/radiopoloniawinnipeg.com\/index.php\/wp-json\/wp\/v2\/categories?post=850"},{"taxonomy":"post_tag","embeddable":true,"href":"https:\/\/radiopoloniawinnipeg.com\/index.php\/wp-json\/wp\/v2\/tags?post=850"}],"curies":[{"name":"wp","href":"https:\/\/api.w.org\/{rel}","templated":true}]}}