{"id":858,"date":"2025-04-21T04:45:03","date_gmt":"2025-04-21T08:45:03","guid":{"rendered":"https:\/\/radiopoloniawinnipeg.com\/index.php\/2025\/04\/21\/papiez-franciszek-nie-zyje-mial-88-lat\/"},"modified":"2025-04-21T04:45:03","modified_gmt":"2025-04-21T08:45:03","slug":"papiez-franciszek-nie-zyje-mial-88-lat","status":"publish","type":"post","link":"https:\/\/radiopoloniawinnipeg.com\/index.php\/2025\/04\/21\/papiez-franciszek-nie-zyje-mial-88-lat\/","title":{"rendered":"Papie\u017c Franciszek nie \u017cyje. Mia\u0142 88 lat"},"content":{"rendered":"<p>W wieku 88 lat zmar\u0142 papie\u017c Franciszek. Ojciec \u015awi\u0119ty od pewnego czasu dochodzi\u0142 do zdrowia po ci\u0119\u017ckim obustronnym zapaleniu p\u0142uc. Odszed\u0142 w poniedzia\u0142ek o godzinie 7:35 rano czasu watyka\u0144skiego (1:35 w nocy w Toronto) \u2013 poinformowa\u0142 kamerling \u015awi\u0119tego Ko\u015bcio\u0142a Rzymskiego, kardyna\u0142 Kevin Farrell, w kaplicy Domu \u015awi\u0119tej Marty. \u2013 Najdro\u017csi bracia i siostry, z g\u0142\u0119bokim \u017calem og\u0142aszam, \u017ce nasz Ojciec \u015awi\u0119ty Franciszek powr\u00f3ci\u0142 dzi\u015b rano do Domu Ojca. Ca\u0142e jego \u017cycie by\u0142o s\u0142u\u017cb\u0105 Panu i Ko\u015bcio\u0142owi. Uczy\u0142 nas odwagi, wierno\u015bci warto\u015bciom Ewangelii oraz powszechnej mi\u0142o\u015bci, szczeg\u00f3lnie wobec ubogich i wykluczonych \u2013 powiedzia\u0142 kard. Farrell. Jeszcze dzie\u0144 wcze\u015bniej, w Niedziel\u0119 Wielkanocn\u0105, papie\u017c pojawi\u0142 si\u0119 na balkonie bazyliki \u015bw. Piotra, by udzieli\u0107 wiernym b\u0142ogos\u0142awie\u0144stwa. By\u0142 to jego pierwszy publiczny wyst\u0119p od czasu opuszczenia szpitala. Po zako\u0144czeniu uroczysto\u015bci przejecha\u0142 w papamobile przez plac \u015bw. Piotra, witany entuzjastycznie przez pielgrzym\u00f3w. Pontyfikat prze\u0142om\u00f3w i prostoty Franciszek by\u0142 jednym z najstarszych papie\u017cy w historii Ko\u015bcio\u0142a. Tron Piotrowy obj\u0105\u0142 w wieku 76 lat i sprawowa\u0142 sw\u00f3j pontyfikat przez 12 lat. By\u0142 pierwszym jezuit\u0105, pierwszym papie\u017cem z Ameryki Po\u0142udniowej i zarazem pierwszym Argenty\u0144czykiem na czele Ko\u015bcio\u0142a katolickiego. Urodzi\u0142 si\u0119 17 grudnia 1936 roku w ubogiej dzielnicy Flores w Buenos Aires jako Jorge Mario Bergoglio \u2013 najstarszy z pi\u0119ciorga dzieci w\u0142oskiego imigranta i pracownika kolei oraz Argentynki o w\u0142oskich korzeniach. Migrantom uciekaj\u0105cym przed wojn\u0105 i bied\u0105 po\u015bwi\u0119ci\u0142 znaczn\u0105 cz\u0119\u015b\u0107 swojego pontyfikatu. To w\u0142a\u015bnie wyspa Lampedusa \u2013 cel tysi\u0119cy uchod\u017ac\u00f3w z Afryki \u2013 by\u0142a miejscem jego pierwszej papieskiej podr\u00f3\u017cy. W m\u0142odo\u015bci studiowa\u0142 chemi\u0119, a po przebyciu ci\u0119\u017ckiego zapalenia p\u0142uc, w wieku 21 lat wst\u0105pi\u0142 do seminarium duchownego. Rok p\u00f3\u017aniej zosta\u0142 jezuit\u0105. Studiowa\u0142 filozofi\u0119, literatur\u0119 i psychologi\u0119 w Santa Fe i Buenos Aires. \u015awi\u0119cenia kap\u0142a\u0144skie przyj\u0105\u0142 w grudniu 1969 roku. Droga do papiestwa W 1992 roku \u015bw. Jan Pawe\u0142 II mianowa\u0142 go biskupem pomocniczym Buenos Aires, a nast\u0119pnie \u2013 w 1998 \u2013 arcybiskupem tej metropolii. W 2001 roku zosta\u0142 kardyna\u0142em. Wzi\u0105\u0142 udzia\u0142 w konklawe w 2005 roku, podczas kt\u00f3rego niewiele brakowa\u0142o, by zosta\u0142 wybrany ju\u017c wtedy \u2013 zaj\u0105\u0142 drugie miejsce po kard. Josephie Ratzingerze. W 2013 roku, po rezygnacji Benedykta XVI, zosta\u0142 wybrany 266. papie\u017cem. Jako pierwszy przyj\u0105\u0142 imi\u0119 Franciszek \u2013 na cze\u015b\u0107 \u015bwi\u0119tego z Asy\u017cu, co mia\u0142o symbolizowa\u0107 prostot\u0119 i oddanie sprawom najubo\u017cszych. Papieskie gesty i trudne decyzje Franciszek zas\u0142yn\u0105\u0142 z bezprecedensowych gest\u00f3w pokory i prostoty. Zrezygnowa\u0142 z luksusowych apartament\u00f3w w Pa\u0142acu Apostolskim, wybieraj\u0105c mieszkanie w Domu \u015awi\u0119tej Marty. Nie korzysta\u0142 z papieskiej limuzyny, podr\u00f3\u017cuj\u0105c zwyk\u0142ymi autami. Odm\u00f3wi\u0142 te\u017c zamieszkania w letniej rezydencji w Castel Gandolfo, udost\u0119pniaj\u0105c jej ogrody wiernym. W 2016 roku odwiedzi\u0142 Polsk\u0119 podczas \u015awiatowych Dni M\u0142odzie\u017cy w Krakowie. Tego samego roku spotka\u0142 si\u0119 na Kubie z patriarch\u0105 Cyrylem I \u2013 by\u0142o to pierwsze w historii spotkanie zwierzchnik\u00f3w Ko\u015bcio\u0142a katolickiego i rosyjskiego prawos\u0142awia. Dwa lata temu przewodniczy\u0142 pogrzebowi swojego poprzednika, Benedykta XVI, na Placu \u015bw. Piotra. Franciszek wobec wojny i wyzwa\u0144 Ko\u015bcio\u0142a Pontyfikat Franciszka nie by\u0142 wolny od kontrowersji. Jego wypowiedzi dotycz\u0105ce wojny w Ukrainie \u2013 zw\u0142aszcza te o \u201eszczekaniu NATO u bram Rosji\u201d \u2013 spotka\u0142y si\u0119 z krytyk\u0105. Cho\u0107 p\u00f3\u017aniej t\u0142umaczy\u0142, \u017ce by\u0142y to s\u0142owa zas\u0142yszane od jednego z przyw\u00f3dc\u00f3w, oczekiwano od niego bardziej jednoznacznego pot\u0119pienia rosyjskiej agresji. Wielu mia\u0142o nadziej\u0119 na g\u0142\u0119bsze reformy Ko\u015bcio\u0142a, zw\u0142aszcza w zakresie podej\u015bcia do wiernych LGBT oraz wi\u0119kszego otwarcia wobec problem\u00f3w spo\u0142ecznych. Franciszek rzeczywi\u015bcie prezentowa\u0142 bardziej otwart\u0105 postaw\u0119, podkre\u015blaj\u0105c mi\u0142o\u015b\u0107 i akceptacj\u0119 jako fundamenty chrze\u015bcija\u0144stwa. Ostatnie s\u0142owa i po\u017cegnanie Zmar\u0142 jako papie\u017c, kt\u00f3rego pontyfikat naznaczony by\u0142 trosk\u0105 o wykluczonych, pokor\u0105 i pr\u00f3b\u0105 przywr\u00f3cenia Ko\u015bcio\u0142owi ludzkiego wymiaru. \u2013 Z ogromn\u0105 wdzi\u0119czno\u015bci\u0105 za jego przyk\u0142ad prawdziwego ucznia Jezusa Chrystusa powierzamy dusz\u0119 papie\u017ca niesko\u0144czonemu mi\u0142osierdziu Boga \u2013 powiedzia\u0142 kard. Farrell. Na podst. KAI i Polsat News<\/p>\n","protected":false},"excerpt":{"rendered":"<p>W wieku 88 lat zmar\u0142 papie\u017c Franciszek. Ojciec \u015awi\u0119ty od pewnego czasu dochodzi\u0142 do zdrowia po ci\u0119\u017ckim obustronnym zapaleniu p\u0142uc. Odszed\u0142 w poniedzia\u0142ek o godzinie&hellip;<\/p>\n","protected":false},"author":3,"featured_media":859,"comment_status":"open","ping_status":"open","sticky":false,"template":"","format":"standard","meta":{"footnotes":""},"categories":[15,18],"tags":[],"class_list":["post-858","post","type-post","status-publish","format-standard","has-post-thumbnail","hentry","category-swiat","category-top-news"],"_links":{"self":[{"href":"https:\/\/radiopoloniawinnipeg.com\/index.php\/wp-json\/wp\/v2\/posts\/858","targetHints":{"allow":["GET"]}}],"collection":[{"href":"https:\/\/radiopoloniawinnipeg.com\/index.php\/wp-json\/wp\/v2\/posts"}],"about":[{"href":"https:\/\/radiopoloniawinnipeg.com\/index.php\/wp-json\/wp\/v2\/types\/post"}],"author":[{"embeddable":true,"href":"https:\/\/radiopoloniawinnipeg.com\/index.php\/wp-json\/wp\/v2\/users\/3"}],"replies":[{"embeddable":true,"href":"https:\/\/radiopoloniawinnipeg.com\/index.php\/wp-json\/wp\/v2\/comments?post=858"}],"version-history":[{"count":0,"href":"https:\/\/radiopoloniawinnipeg.com\/index.php\/wp-json\/wp\/v2\/posts\/858\/revisions"}],"wp:featuredmedia":[{"embeddable":true,"href":"https:\/\/radiopoloniawinnipeg.com\/index.php\/wp-json\/wp\/v2\/media\/859"}],"wp:attachment":[{"href":"https:\/\/radiopoloniawinnipeg.com\/index.php\/wp-json\/wp\/v2\/media?parent=858"}],"wp:term":[{"taxonomy":"category","embeddable":true,"href":"https:\/\/radiopoloniawinnipeg.com\/index.php\/wp-json\/wp\/v2\/categories?post=858"},{"taxonomy":"post_tag","embeddable":true,"href":"https:\/\/radiopoloniawinnipeg.com\/index.php\/wp-json\/wp\/v2\/tags?post=858"}],"curies":[{"name":"wp","href":"https:\/\/api.w.org\/{rel}","templated":true}]}}