{"id":862,"date":"2025-04-21T08:30:03","date_gmt":"2025-04-21T12:30:03","guid":{"rendered":"https:\/\/radiopoloniawinnipeg.com\/index.php\/2025\/04\/21\/to-oni-wybiora-nowego-papieza\/"},"modified":"2025-04-21T08:30:03","modified_gmt":"2025-04-21T12:30:03","slug":"to-oni-wybiora-nowego-papieza","status":"publish","type":"post","link":"https:\/\/radiopoloniawinnipeg.com\/index.php\/2025\/04\/21\/to-oni-wybiora-nowego-papieza\/","title":{"rendered":"To oni wybior\u0105 nowego papie\u017ca"},"content":{"rendered":"<p>Po \u015bmierci papie\u017ca Franciszka oczy ca\u0142ego \u015bwiata zwracaj\u0105 si\u0119 ku Kaplicy Syksty\u0144skiej, gdzie niebawem zbierze si\u0119 Kolegium Kardyna\u0142\u00f3w, by wybra\u0107 nowego Nast\u0119pc\u0119 \u015bw. Piotra. Tradycyjnym sygna\u0142em dokonania wyboru b\u0119dzie bia\u0142y dym unosz\u0105cy si\u0119 z komina kaplicy \u2013 znak, \u017ce Ko\u015bci\u00f3\u0142 ma nowego papie\u017ca. Prawo udzia\u0142u w konklawe maj\u0105 wy\u0142\u0105cznie kardyna\u0142owie, kt\u00f3rzy w dniu og\u0142oszenia sede vacante (\u0142ac. \u201estolica opuszczona\u201d) nie uko\u0144czyli 80 lat. Maksymalna liczba elektor\u00f3w mo\u017ce wynosi\u0107 120 os\u00f3b. Obecnie Kolegium Kardynalskie liczy 253 cz\u0142onk\u00f3w, z kt\u00f3rych 138 ma prawo g\u0142osu. Z ka\u017cdym miesi\u0105cem liczba ta stopniowo si\u0119 zmniejsza wraz z osi\u0105ganiem przez kolejnych kardyna\u0142\u00f3w granicy wieku. Konklawe \u2013 historia i przebieg Instytucja konklawe zosta\u0142a formalnie ustanowiona dekretem In nomine Domini w 1059 roku, kt\u00f3ry przyzna\u0142 Kolegium Kardyna\u0142\u00f3w wy\u0142\u0105czne prawo wyboru papie\u017ca. Sam termin conclave (z \u0142aciny: \u201ezamkni\u0119te pomieszczenie\u201d) pojawi\u0142 si\u0119 po raz pierwszy w 1274 roku, za pontyfikatu Grzegorza X. Od tamtej pory odby\u0142o si\u0119 110 papieskich elekcji. Nie istnieje okre\u015blony czas, w jakim musi zosta\u0107 dokonany wyb\u00f3r. Bywa\u0142o, \u017ce nowy papie\u017c wybierany by\u0142 w jeden dzie\u0144 \u2013 jak Juliusz II w 1503 roku \u2013 ale te\u017c i po wielu miesi\u0105cach. Najd\u0142u\u017csze konklawe w historii trwa\u0142o od listopada 1268 roku do wrze\u015bnia 1271. Procedura rozpoczyna si\u0119 po og\u0142oszeniu sede vacante. Kardyna\u0142owie-elektorzy gromadz\u0105 si\u0119 w Rzymie, a nast\u0119pnie \u2013 po zako\u0144czeniu przygotowa\u0144 i modlitw \u2013 udaj\u0105 si\u0119 do Kaplicy Syksty\u0144skiej. Tam, w atmosferze skupienia i tajemnicy, odbywaj\u0105 si\u0119 kolejne tury g\u0142osowa\u0144. G\u0142osy oddawane s\u0105 anonimowo na specjalnych kartach. Aby wyb\u00f3r by\u0142 wa\u017cny, kandydat musi uzyska\u0107 wi\u0119kszo\u015b\u0107 dw\u00f3ch trzecich g\u0142os\u00f3w. Po ka\u017cdej turze g\u0142osowania karty s\u0105 spalane w piecu zainstalowanym w Kaplicy. Kolor dymu wskazuje na wynik: czarny (fumata nera) oznacza brak rozstrzygni\u0119cia, bia\u0142y (fumata bianca) \u2013 wyb\u00f3r nowego papie\u017ca. Dla unikni\u0119cia w\u0105tpliwo\u015bci, od konklawe w 2005 roku stosuje si\u0119 dodatkowy system wspomagaj\u0105cy, kt\u00f3ry sygnalizuje kolor dymu r\u00f3wnie\u017c elektronicznie. Polacy w\u015br\u00f3d elektor\u00f3w W Kolegium Kardynalskim zasiada obecnie pi\u0119ciu polskich purpurat\u00f3w, z czego czterech ma prawo udzia\u0142u w konklawe. S\u0105 to: Kard. Kazimierz Nycz \u2013 metropolita warszawski, uczestnik poprzednich konklawe. Kard. Konrad Krajewski \u2013 ja\u0142mu\u017cnik papieski, rezyduje i pracuje w Watykanie. Kard. Grzegorz Ry\u015b \u2013 metropolita \u0142\u00f3dzki, mianowany kardyna\u0142em w 2023 roku. Kard. Stanis\u0142aw Ry\u0142ko \u2013 archiprezbiter bazyliki Matki Boskiej Wi\u0119kszej w Rzymie (prawo wyborcze utraci 4 lipca 2025 roku). Pi\u0105ty polski kardyna\u0142, Stanis\u0142aw Dziwisz, z racji uko\u0144czenia 80 lat, nie uczestniczy ju\u017c w wyborach. Na podst. KAI i Polsat News<\/p>\n","protected":false},"excerpt":{"rendered":"<p>Po \u015bmierci papie\u017ca Franciszka oczy ca\u0142ego \u015bwiata zwracaj\u0105 si\u0119 ku Kaplicy Syksty\u0144skiej, gdzie niebawem zbierze si\u0119 Kolegium Kardyna\u0142\u00f3w, by wybra\u0107 nowego Nast\u0119pc\u0119 \u015bw. Piotra. Tradycyjnym&hellip;<\/p>\n","protected":false},"author":3,"featured_media":863,"comment_status":"open","ping_status":"open","sticky":false,"template":"","format":"standard","meta":{"footnotes":""},"categories":[15,18],"tags":[],"class_list":["post-862","post","type-post","status-publish","format-standard","has-post-thumbnail","hentry","category-swiat","category-top-news"],"_links":{"self":[{"href":"https:\/\/radiopoloniawinnipeg.com\/index.php\/wp-json\/wp\/v2\/posts\/862","targetHints":{"allow":["GET"]}}],"collection":[{"href":"https:\/\/radiopoloniawinnipeg.com\/index.php\/wp-json\/wp\/v2\/posts"}],"about":[{"href":"https:\/\/radiopoloniawinnipeg.com\/index.php\/wp-json\/wp\/v2\/types\/post"}],"author":[{"embeddable":true,"href":"https:\/\/radiopoloniawinnipeg.com\/index.php\/wp-json\/wp\/v2\/users\/3"}],"replies":[{"embeddable":true,"href":"https:\/\/radiopoloniawinnipeg.com\/index.php\/wp-json\/wp\/v2\/comments?post=862"}],"version-history":[{"count":0,"href":"https:\/\/radiopoloniawinnipeg.com\/index.php\/wp-json\/wp\/v2\/posts\/862\/revisions"}],"wp:featuredmedia":[{"embeddable":true,"href":"https:\/\/radiopoloniawinnipeg.com\/index.php\/wp-json\/wp\/v2\/media\/863"}],"wp:attachment":[{"href":"https:\/\/radiopoloniawinnipeg.com\/index.php\/wp-json\/wp\/v2\/media?parent=862"}],"wp:term":[{"taxonomy":"category","embeddable":true,"href":"https:\/\/radiopoloniawinnipeg.com\/index.php\/wp-json\/wp\/v2\/categories?post=862"},{"taxonomy":"post_tag","embeddable":true,"href":"https:\/\/radiopoloniawinnipeg.com\/index.php\/wp-json\/wp\/v2\/tags?post=862"}],"curies":[{"name":"wp","href":"https:\/\/api.w.org\/{rel}","templated":true}]}}