{"id":866,"date":"2025-04-21T10:30:03","date_gmt":"2025-04-21T14:30:03","guid":{"rendered":"https:\/\/radiopoloniawinnipeg.com\/index.php\/2025\/04\/21\/ostrzelano-mieszkanie-z-plakatem-karola-nawrockiego\/"},"modified":"2025-04-21T10:30:03","modified_gmt":"2025-04-21T14:30:03","slug":"ostrzelano-mieszkanie-z-plakatem-karola-nawrockiego","status":"publish","type":"post","link":"https:\/\/radiopoloniawinnipeg.com\/index.php\/2025\/04\/21\/ostrzelano-mieszkanie-z-plakatem-karola-nawrockiego\/","title":{"rendered":"Ostrzelano mieszkanie z plakatem Karola Nawrockiego"},"content":{"rendered":"<p>W nocy z soboty na niedziel\u0119 w Szczecinie dosz\u0142o do niebezpiecznego incydentu. Ostrzelano mieszkanie, na kt\u00f3rego balkonie znajdowa\u0142 si\u0119 plakat wyborczy Karola Nawrockiego \u2013 kandydata popieranego przez Prawo i Sprawiedliwo\u015b\u0107 w nadchodz\u0105cych wyborach prezydenckich. Wed\u0142ug relacji Telewizji Republika, do zdarzenia dosz\u0142o, gdy mieszkaj\u0105ca tam kobieta ogl\u0105da\u0142a telewizj\u0119. Us\u0142ysza\u0142a huk, po czym zorientowa\u0142a si\u0119, \u017ce kto\u015b odda\u0142 strza\u0142y z wiatr\u00f3wki w stron\u0119 jej okien. \u2013 Zadzwoni\u0142am na 112, opowiedzia\u0142am, co si\u0119 sta\u0142o, i zaznaczy\u0142am, \u017ce mo\u017ce to mie\u0107 pod\u0142o\u017ce polityczne, bo od kilku dni na balkonie wisi baner z Karolem Nawrockim \u2013 powiedzia\u0142a poszkodowana. Spraw\u0105 zajmuje si\u0119 policja. Do zdarzenia odni\u00f3s\u0142 si\u0119 pose\u0142 PiS Sebastian Kaleta. Zwracaj\u0105c si\u0119 do ministra sprawiedliwo\u015bci Adama Bodnara, zapyta\u0142 publicznie: \u2013 Czy zadba pan o szybkie ustalenie sprawcy i poci\u0105gni\u0119cie go do odpowiedzialno\u015bci? Trzaskowski i Mentzen trac\u0105 poparcie, Nawrocki zyskuje Z najnowszego sonda\u017cu IBRiS dla Polsat News wynika, \u017ce Rafa\u0142 Trzaskowski nadal prowadzi w wy\u015bcigu prezydenckim, jednak traci poparcie. Gdyby wybory odby\u0142y si\u0119 w najbli\u017csz\u0105 niedziel\u0119, kandydat Koalicji Obywatelskiej otrzyma\u0142by 30,8 proc. g\u0142os\u00f3w \u2013 to spadek o 5,6 pkt proc. w por\u00f3wnaniu z poprzednim miesi\u0105cem. Drugie miejsce zajmuje Karol Nawrocki z 25,6 proc. poparcia (spadek o 0,3 pkt proc.), a trzecie S\u0142awomir Mentzen z Konfederacji, kt\u00f3ry uzyska\u0142by 12,4 proc. (spadek a\u017c o 5,7 pkt proc.). Na dalszych pozycjach znale\u017ali si\u0119 marsza\u0142ek Sejmu Szymon Ho\u0142ownia (Polska 2050 \u2013 Trzecia Droga) z wynikiem 6,6 proc. (wzrost o 1,2 pkt proc.) oraz inni kandydaci z ni\u017cszym poparciem. Trzaskowski obwinia Ho\u0142owni\u0119 Campus Polska Przysz\u0142o\u015bci. Olsztyn, 27.08.2022. Rafa\u0142 Trzaskowski i Szymon Ho\u0142ownia odpowiadaj\u0105 na pytania z sali. Tymczasem narastaj\u0105 napi\u0119cia mi\u0119dzy kandydatami w zwi\u0105zku z prezydenckimi debatami. Sztab Rafa\u0142a Trzaskowskiego liczy\u0142 na zorganizowanie debaty \u201ejeden na jeden\u201d z Karolem Nawrockim. Mia\u0142o do niej doj\u015b\u0107 w hali sportowej w Ko\u0144skich, po pierwszej debacie transmitowanej przez TV Republika, TV Trwam i wPolsce24. Jednak niespodziewane pojawienie si\u0119 marsza\u0142ka Szymona Ho\u0142owni pokrzy\u017cowa\u0142o te plany. Ho\u0142ownia najpierw zapowiedzia\u0142 udzia\u0142 w debacie organizowanej przez TV Republika, a nast\u0119pnie przyszed\u0142 r\u00f3wnie\u017c na drug\u0105, planowan\u0105 przez sztab KO. \u2013 Nie pozwol\u0119, by po\u0142owa Polski zosta\u0142a wykluczona z wybor\u00f3w. O ich wyniku maj\u0105 decydowa\u0107 obywatele, nie kandydaci \u201ena telefon\u201d \u2013 og\u0142osi\u0142. W konsekwencji pierwotna formu\u0142a spotkania uleg\u0142a zmianie \u2013 zamiast pojedynku Trzaskowskiego z Nawrockim, debata przybra\u0142a szerszy format z udzia\u0142em wielu kandydat\u00f3w. To, zdaniem komentator\u00f3w, by\u0142o korzystniejsze dla Nawrockiego, a mniej komfortowe dla Trzaskowskiego. \u2013 Nie spodziewali\u015bmy si\u0119 tego. Ho\u0142ownia wcze\u015bniej zapewnia\u0142, \u017ce nie b\u0119dzie si\u0119 wpycha\u0142 na cudze debaty. Nasz b\u0142\u0105d polega\u0142 na tym, \u017ce nie potrafili\u015bmy szybko dostosowa\u0107 formu\u0142y do nowych okoliczno\u015bci \u2013 przyznaje jeden z cz\u0142onk\u00f3w sztabu KO. \u2013 Teraz ju\u017c wiemy, \u017ce Ho\u0142ownia zamierza by\u0107 w tej kampanii naszym bezpo\u015brednim przeciwnikiem. Na podst. Polsat News, TV Republika, Rzeczpospolita<\/p>\n","protected":false},"excerpt":{"rendered":"<p>W nocy z soboty na niedziel\u0119 w Szczecinie dosz\u0142o do niebezpiecznego incydentu. Ostrzelano mieszkanie, na kt\u00f3rego balkonie znajdowa\u0142 si\u0119 plakat wyborczy Karola Nawrockiego \u2013 kandydata&hellip;<\/p>\n","protected":false},"author":3,"featured_media":867,"comment_status":"open","ping_status":"open","sticky":false,"template":"","format":"standard","meta":{"footnotes":""},"categories":[14,18],"tags":[],"class_list":["post-866","post","type-post","status-publish","format-standard","has-post-thumbnail","hentry","category-polska","category-top-news"],"_links":{"self":[{"href":"https:\/\/radiopoloniawinnipeg.com\/index.php\/wp-json\/wp\/v2\/posts\/866","targetHints":{"allow":["GET"]}}],"collection":[{"href":"https:\/\/radiopoloniawinnipeg.com\/index.php\/wp-json\/wp\/v2\/posts"}],"about":[{"href":"https:\/\/radiopoloniawinnipeg.com\/index.php\/wp-json\/wp\/v2\/types\/post"}],"author":[{"embeddable":true,"href":"https:\/\/radiopoloniawinnipeg.com\/index.php\/wp-json\/wp\/v2\/users\/3"}],"replies":[{"embeddable":true,"href":"https:\/\/radiopoloniawinnipeg.com\/index.php\/wp-json\/wp\/v2\/comments?post=866"}],"version-history":[{"count":0,"href":"https:\/\/radiopoloniawinnipeg.com\/index.php\/wp-json\/wp\/v2\/posts\/866\/revisions"}],"wp:featuredmedia":[{"embeddable":true,"href":"https:\/\/radiopoloniawinnipeg.com\/index.php\/wp-json\/wp\/v2\/media\/867"}],"wp:attachment":[{"href":"https:\/\/radiopoloniawinnipeg.com\/index.php\/wp-json\/wp\/v2\/media?parent=866"}],"wp:term":[{"taxonomy":"category","embeddable":true,"href":"https:\/\/radiopoloniawinnipeg.com\/index.php\/wp-json\/wp\/v2\/categories?post=866"},{"taxonomy":"post_tag","embeddable":true,"href":"https:\/\/radiopoloniawinnipeg.com\/index.php\/wp-json\/wp\/v2\/tags?post=866"}],"curies":[{"name":"wp","href":"https:\/\/api.w.org\/{rel}","templated":true}]}}