{"id":8686,"date":"2026-04-25T14:15:06","date_gmt":"2026-04-25T18:15:06","guid":{"rendered":"https:\/\/radiopoloniawinnipeg.com\/index.php\/2026\/04\/25\/morawiecki-na-ekg-byl-niczym-gwiazda-rock-and-rolla\/"},"modified":"2026-04-25T14:15:06","modified_gmt":"2026-04-25T18:15:06","slug":"morawiecki-na-ekg-byl-niczym-gwiazda-rock-and-rolla","status":"publish","type":"post","link":"https:\/\/radiopoloniawinnipeg.com\/index.php\/2026\/04\/25\/morawiecki-na-ekg-byl-niczym-gwiazda-rock-and-rolla\/","title":{"rendered":"Morawiecki na EKG \u201eby\u0142 niczym gwiazda rock and rolla\u201d"},"content":{"rendered":"<div id=\"attachment_242255\" style=\"width: 646px\" class=\"wp-caption aligncenter\"><img decoding=\"async\" loading=\"lazy\" aria-describedby=\"caption-attachment-242255\" class=\"wp-image-242255 size-custom-full-size\" src=\"https:\/\/bejsment.com\/wp-content\/uploads\/2026\/04\/aamorawieckiekg-636x477.jpg\" alt=\"\" width=\"636\" height=\"477\" \/><\/p>\n<p id=\"caption-attachment-242255\" class=\"wp-caption-text\">Mateusz Morawiecki na Europejskim Kogresie Gospodarczym (EKG)<\/p>\n<\/div>\n<p><strong>By\u0142y premier Mateusz Morawiecki przyci\u0105ga\u0142 szczeg\u00f3lne zainteresowanie uczestnik\u00f3w Europejskiego Kongresu Gospodarczego w Katowicach \u2013 relacjonuje Patryk S\u0142owik, redaktor naczelny portalu Zero.<\/strong><\/p>\n<p>Zako\u0144czy\u0142a si\u0119 18. edycja Europejskiego Kongresu Gospodarczego (EKG), uznawanego za jedno z najwi\u0119kszych wydarze\u0144 biznesowych w Europie \u015arodkowo-Wschodniej. W tegorocznym spotkaniu, odbywaj\u0105cym si\u0119 pod has\u0142em \u201eSi\u0142a dialogu\u201d, uczestniczy\u0142o ponad 15 tysi\u0119cy os\u00f3b ze \u015bwiata polityki, biznesu i nauki. Dyskusje koncentrowa\u0142y si\u0119 m.in. na kwestiach bezpiecze\u0144stwa, obronno\u015bci oraz nowych technologii.<\/p>\n<p>W audycji \u201eZero dyskusji\u201d na Kanale Zero Patryk S\u0142owik zwr\u00f3ci\u0142 uwag\u0119 na r\u00f3\u017cnice w odbiorze poszczeg\u00f3lnych polityk\u00f3w przez uczestnik\u00f3w wydarzenia. Opisa\u0142 m.in. sytuacj\u0119 z udzia\u0142em wicepremiera Krzysztofa Gawkowskiego, kt\u00f3ry \u2013 jak relacjonowa\u0142 \u2013 przeszed\u0142 korytarzem niemal niezauwa\u017cony.<\/p>\n<p>\u2013 Przez d\u0142ugi korytarz jedna, mo\u017ce dwie osoby zaczepi\u0142y Gawkowskiego \u2013 m\u00f3wi\u0142 dziennikarz.<\/p>\n<p>Zupe\u0142nie inaczej \u2013 wed\u0142ug jego relacji \u2013 wygl\u0105da\u0142a sytuacja w przypadku Mateusza Morawieckiego.<\/p>\n<p>\u2013 By\u0142 niczym gwiazda rock and rolla. Ludzie z biznesu i administracji podchodzili do niego, rozmawiali, robili zdj\u0119cia. Na \u015bciance sp\u0119dzi\u0142 chyba p\u00f3\u0142 godziny \u2013 opisywa\u0142 S\u0142owik.<\/p>\n<p>Doda\u0142, \u017ce inni politycy nie cieszyli si\u0119 podobnym zainteresowaniem, a niekt\u00f3rzy \u2013 jak stwierdzi\u0142 \u2013 \u201epodpierali \u015bciany\u201d lub szukali towarzystwa w\u015br\u00f3d znajomych dziennikarzy.<\/p>\n<p>\u2013 Morawiecki mia\u0142 raczej problem, jak si\u0119 wydosta\u0107, bo tylu ludzi do niego podchodzi\u0142o \u2013 zaznaczy\u0142.<\/p>\n<p>Zdaniem S\u0142owika, by\u0142y premier nie by\u0142 obiektem tak du\u017cego zainteresowania od czasu, gdy pe\u0142ni\u0142 funkcj\u0119 szefa rz\u0105du.<\/p>\n","protected":false},"excerpt":{"rendered":"<p>Mateusz Morawiecki na Europejskim Kogresie Gospodarczym (EKG) By\u0142y premier Mateusz Morawiecki przyci\u0105ga\u0142 szczeg\u00f3lne zainteresowanie uczestnik\u00f3w Europejskiego Kongresu Gospodarczego w Katowicach \u2013 relacjonuje Patryk S\u0142owik, redaktor&hellip;<\/p>\n","protected":false},"author":3,"featured_media":8687,"comment_status":"open","ping_status":"open","sticky":false,"template":"","format":"standard","meta":{"footnotes":""},"categories":[14,18],"tags":[],"class_list":["post-8686","post","type-post","status-publish","format-standard","has-post-thumbnail","hentry","category-polska","category-top-news"],"_links":{"self":[{"href":"https:\/\/radiopoloniawinnipeg.com\/index.php\/wp-json\/wp\/v2\/posts\/8686","targetHints":{"allow":["GET"]}}],"collection":[{"href":"https:\/\/radiopoloniawinnipeg.com\/index.php\/wp-json\/wp\/v2\/posts"}],"about":[{"href":"https:\/\/radiopoloniawinnipeg.com\/index.php\/wp-json\/wp\/v2\/types\/post"}],"author":[{"embeddable":true,"href":"https:\/\/radiopoloniawinnipeg.com\/index.php\/wp-json\/wp\/v2\/users\/3"}],"replies":[{"embeddable":true,"href":"https:\/\/radiopoloniawinnipeg.com\/index.php\/wp-json\/wp\/v2\/comments?post=8686"}],"version-history":[{"count":0,"href":"https:\/\/radiopoloniawinnipeg.com\/index.php\/wp-json\/wp\/v2\/posts\/8686\/revisions"}],"wp:featuredmedia":[{"embeddable":true,"href":"https:\/\/radiopoloniawinnipeg.com\/index.php\/wp-json\/wp\/v2\/media\/8687"}],"wp:attachment":[{"href":"https:\/\/radiopoloniawinnipeg.com\/index.php\/wp-json\/wp\/v2\/media?parent=8686"}],"wp:term":[{"taxonomy":"category","embeddable":true,"href":"https:\/\/radiopoloniawinnipeg.com\/index.php\/wp-json\/wp\/v2\/categories?post=8686"},{"taxonomy":"post_tag","embeddable":true,"href":"https:\/\/radiopoloniawinnipeg.com\/index.php\/wp-json\/wp\/v2\/tags?post=8686"}],"curies":[{"name":"wp","href":"https:\/\/api.w.org\/{rel}","templated":true}]}}