{"id":8690,"date":"2026-04-25T16:30:07","date_gmt":"2026-04-25T20:30:07","guid":{"rendered":"https:\/\/radiopoloniawinnipeg.com\/index.php\/2026\/04\/25\/rekordowe-poparcie-dla-trumpa-wsrod-katolikow\/"},"modified":"2026-04-25T16:30:07","modified_gmt":"2026-04-25T20:30:07","slug":"rekordowe-poparcie-dla-trumpa-wsrod-katolikow","status":"publish","type":"post","link":"https:\/\/radiopoloniawinnipeg.com\/index.php\/2026\/04\/25\/rekordowe-poparcie-dla-trumpa-wsrod-katolikow\/","title":{"rendered":"Rekordowe poparcie dla Trumpa w\u015br\u00f3d katolik\u00f3w"},"content":{"rendered":"<div id=\"attachment_242263\" style=\"width: 646px\" class=\"wp-caption aligncenter\"><img decoding=\"async\" loading=\"lazy\" aria-describedby=\"caption-attachment-242263\" class=\"size-custom-full-size wp-image-242263\" src=\"https:\/\/bejsment.com\/wp-content\/uploads\/2026\/04\/adonaldtrump-636x478.jpg\" alt=\"\" width=\"636\" height=\"478\" \/><\/p>\n<p id=\"caption-attachment-242263\" class=\"wp-caption-text\">Donald Trump<\/p>\n<\/div>\n<p><strong>Mimo napi\u0119\u0107 mi\u0119dzy prezydentem USA Donaldem Trumpem a papie\u017cem Leonem XIV, poparcie dla ameryka\u0144skiego przyw\u00f3dcy w\u015br\u00f3d wyborc\u00f3w katolickich wyra\u017anie ro\u015bnie \u2013 wynika z badania opublikowanego przez tygodnik Newsweek.<\/strong><\/p>\n<p>Z najnowszego sonda\u017cu wynika, \u017ce Donald Trump cieszy si\u0119 poparciem ponad 60 procent ameryka\u0144skich katolik\u00f3w. To najwy\u017cszy wynik dla republika\u0144skiego prezydenta w tej grupie od dziesi\u0119cioleci. Wzrost ten nast\u0105pi\u0142 w okresie, gdy Trump publicznie krytykowa\u0142 papie\u017ca i u\u017cywa\u0142 wobec niego ostrych sformu\u0142owa\u0144, odnosz\u0105c si\u0119 m.in. do jego dzia\u0142a\u0144 dyplomatycznych.<\/p>\n<p>Wed\u0142ug \u201eNewsweeka\u201d retoryka prezydenta przyczyni\u0142a si\u0119 do przedstawienia papie\u017ca w oczach cz\u0119\u015bci konserwatywnych wyborc\u00f3w jako przedstawiciela globalistycznego establishmentu. Jednocze\u015bnie dzia\u0142ania Trumpa na arenie mi\u0119dzynarodowej, w tym jego stanowisko wobec Iranu, mia\u0142y dodatkowo umocni\u0107 poparcie w tej grupie.<\/p>\n<p>Dziennik wskazuje, \u017ce prezydentowi uda\u0142o si\u0119 zbudowa\u0107 szerok\u0105 koalicj\u0119 wyborc\u00f3w katolickich, kt\u00f3rzy nie tylko akceptuj\u0105 jego tward\u0105 polityk\u0119 zagraniczn\u0105 i krytyk\u0119 Watykanu, ale w wielu przypadkach aktywnie j\u0105 popieraj\u0105.<\/p>\n<p>Papie\u017c Leon XIV odni\u00f3s\u0142 si\u0119 do sytuacji po\u015brednio podczas konferencji prasowej w samolocie, wracaj\u0105c z podr\u00f3\u017cy zagranicznej. Skrytykowa\u0142 dzia\u0142ania wobec Iranu i pot\u0119pi\u0142 przemoc wobec w\u0142asnych obywateli.<\/p>\n<p>W ubieg\u0142\u0105 niedziel\u0119 Donald Trump ostro skrytykowa\u0142 papie\u017ca we wpisie na platformie Truth Social oraz w rozmowie z dziennikarzami w bazie wojskowej Andrews pod Waszyngtonem.<\/p>\n<p>\u2013 Papie\u017c Leon jest s\u0142aby w kwestii przest\u0119pczo\u015bci i fatalny w polityce zagranicznej \u2013 napisa\u0142 Trump. Skrytykowa\u0142 tak\u017ce stanowisko g\u0142owy Ko\u015bcio\u0142a katolickiego w sprawach mi\u0119dzynarodowych, w tym wobec Iranu i polityki Stan\u00f3w Zjednoczonych.<\/p>\n","protected":false},"excerpt":{"rendered":"<p>Donald Trump Mimo napi\u0119\u0107 mi\u0119dzy prezydentem USA Donaldem Trumpem a papie\u017cem Leonem XIV, poparcie dla ameryka\u0144skiego przyw\u00f3dcy w\u015br\u00f3d wyborc\u00f3w katolickich wyra\u017anie ro\u015bnie \u2013 wynika z&hellip;<\/p>\n","protected":false},"author":3,"featured_media":8691,"comment_status":"open","ping_status":"open","sticky":false,"template":"","format":"standard","meta":{"footnotes":""},"categories":[15,18],"tags":[],"class_list":["post-8690","post","type-post","status-publish","format-standard","has-post-thumbnail","hentry","category-swiat","category-top-news"],"_links":{"self":[{"href":"https:\/\/radiopoloniawinnipeg.com\/index.php\/wp-json\/wp\/v2\/posts\/8690","targetHints":{"allow":["GET"]}}],"collection":[{"href":"https:\/\/radiopoloniawinnipeg.com\/index.php\/wp-json\/wp\/v2\/posts"}],"about":[{"href":"https:\/\/radiopoloniawinnipeg.com\/index.php\/wp-json\/wp\/v2\/types\/post"}],"author":[{"embeddable":true,"href":"https:\/\/radiopoloniawinnipeg.com\/index.php\/wp-json\/wp\/v2\/users\/3"}],"replies":[{"embeddable":true,"href":"https:\/\/radiopoloniawinnipeg.com\/index.php\/wp-json\/wp\/v2\/comments?post=8690"}],"version-history":[{"count":0,"href":"https:\/\/radiopoloniawinnipeg.com\/index.php\/wp-json\/wp\/v2\/posts\/8690\/revisions"}],"wp:featuredmedia":[{"embeddable":true,"href":"https:\/\/radiopoloniawinnipeg.com\/index.php\/wp-json\/wp\/v2\/media\/8691"}],"wp:attachment":[{"href":"https:\/\/radiopoloniawinnipeg.com\/index.php\/wp-json\/wp\/v2\/media?parent=8690"}],"wp:term":[{"taxonomy":"category","embeddable":true,"href":"https:\/\/radiopoloniawinnipeg.com\/index.php\/wp-json\/wp\/v2\/categories?post=8690"},{"taxonomy":"post_tag","embeddable":true,"href":"https:\/\/radiopoloniawinnipeg.com\/index.php\/wp-json\/wp\/v2\/tags?post=8690"}],"curies":[{"name":"wp","href":"https:\/\/api.w.org\/{rel}","templated":true}]}}