{"id":8702,"date":"2026-04-26T10:15:07","date_gmt":"2026-04-26T14:15:07","guid":{"rendered":"https:\/\/radiopoloniawinnipeg.com\/index.php\/2026\/04\/26\/kaczynski-o-zmianach-ustrojowych-potrzebne-jest-silne-panstwo\/"},"modified":"2026-04-26T10:15:07","modified_gmt":"2026-04-26T14:15:07","slug":"kaczynski-o-zmianach-ustrojowych-potrzebne-jest-silne-panstwo","status":"publish","type":"post","link":"https:\/\/radiopoloniawinnipeg.com\/index.php\/2026\/04\/26\/kaczynski-o-zmianach-ustrojowych-potrzebne-jest-silne-panstwo\/","title":{"rendered":"Kaczy\u0144ski o zmianach ustrojowych. \u201ePotrzebne jest silne pa\u0144stwo\u201d"},"content":{"rendered":"<div id=\"attachment_242309\" style=\"width: 646px\" class=\"wp-caption aligncenter\"><img decoding=\"async\" loading=\"lazy\" aria-describedby=\"caption-attachment-242309\" class=\"size-custom-full-size wp-image-242309\" src=\"https:\/\/bejsment.com\/wp-content\/uploads\/2026\/04\/aakaczynski-636x358.jpg\" alt=\"\" width=\"636\" height=\"358\" \/><\/p>\n<p id=\"caption-attachment-242309\" class=\"wp-caption-text\">Jaros\u0142aw Kaczy\u0144ski podczas konferencji PiS &#8220;My\u015bl\u0105c Polska: Alternatywa 2.0&#8221;<\/p>\n<\/div>\n<p><strong>Prezes Prawa i Sprawiedliwo\u015bci Jaros\u0142aw Kaczy\u0144ski przekonywa\u0142 podczas sobotniej konferencji, \u017ce dla rozwoju gospodarczego Polski konieczna jest przebudowa ustroju pa\u0144stwa. W jego ocenie niezb\u0119dne s\u0105 tak\u017ce zmiany w klasie politycznej.<\/strong><\/p>\n<p>Wyst\u0105pienie odby\u0142o si\u0119 w ramach konferencji po\u015bwi\u0119conej gospodarce i finansom pod has\u0142em \u201eMy\u015bl\u0105c Polska: Alternatywa 2.0\u201d. Podobne wydarzenia organizowane by\u0142y przez PiS w poprzednich latach, m.in. przed wyborami parlamentarnymi, kiedy prezentowano za\u0142o\u017cenia programowe ugrupowania.<\/p>\n<p>Jaros\u0142aw Kaczy\u0144ski podkre\u015bli\u0142, \u017ce Polacy potrzebuj\u0105 \u201edobrego i silnego pa\u0144stwa\u201d, kt\u00f3re buduje lojalno\u015b\u0107 obywateli. Jak zaznaczy\u0142, warunkiem jej osi\u0105gni\u0119cia jest tak\u017ce poczucie dumy narodowej.<\/p>\n<p>Zdaniem lidera PiS realizacja tych cel\u00f3w wymaga zmian politycznych oraz odej\u015bcia od \u2013 jak to okre\u015bli\u0142 \u2013 \u201eparali\u017cu w\u0142adzy\u201d. Wskaza\u0142 r\u00f3wnie\u017c na potrzeb\u0119 przebudowy ustroju pa\u0144stwa.<\/p>\n<p>\u2013 Musimy mie\u0107 inaczej zorganizowane pa\u0144stwo i musi nast\u0105pi\u0107 eliminacja z klasy politycznej tych, kt\u00f3rzy nie przestrzegaj\u0105 \u017cadnych regu\u0142, pocz\u0105wszy od przyzwoitego j\u0119zyka \u2013 powiedzia\u0142.<\/p>\n<p>Jaros\u0142aw Kaczy\u0144ski zwr\u00f3ci\u0142 tak\u017ce uwag\u0119 na znaczenie nowoczesnych technologii dla przysz\u0142o\u015bci gospodarki. Podkre\u015bli\u0142 konieczno\u015b\u0107 rozwoju kompetencji w takich dziedzinach jak sztuczna inteligencja oraz zmian w systemie edukacji, kt\u00f3re \u2013 jego zdaniem \u2013 powinny wzmacnia\u0107 to\u017csamo\u015b\u0107 i lojalno\u015b\u0107 wobec pa\u0144stwa.<\/p>\n<p>W jego ocenie istotne jest r\u00f3wnie\u017c \u201eobudzenie kapita\u0142u\u201d w sektorze prywatnym i sp\u00f3\u0142kach Skarbu Pa\u0144stwa, a tak\u017ce budowanie tzw. suwerenno\u015bci informacyjnej. W tym kontek\u015bcie wskaza\u0142 na potrzeb\u0119 rozwoju krajowych rozwi\u0105za\u0144 technologicznych, takich jak chmury obliczeniowe i platformy cyfrowe.<\/p>\n<p>Jak zaznaczono podczas konferencji, w wielu obszarach Polska pozostaje zale\u017cna od podmiot\u00f3w zewn\u0119trznych, co \u2013 zdaniem polityka \u2013 mo\u017ce mie\u0107 szerokie konsekwencje dla gospodarki i bezpiecze\u0144stwa.<\/p>\n<p>W ostatnich miesi\u0105cach PiS organizowa\u0142o w ramach cyklu \u201eMy\u015bl\u0105c Polska\u201d szereg spotka\u0144 po\u015bwi\u0119conych m.in. rolnictwu, ochronie zdrowia, obronno\u015bci i edukacji.<\/p>\n","protected":false},"excerpt":{"rendered":"<p>Jaros\u0142aw Kaczy\u0144ski podczas konferencji PiS &#8220;My\u015bl\u0105c Polska: Alternatywa 2.0&#8221; Prezes Prawa i Sprawiedliwo\u015bci Jaros\u0142aw Kaczy\u0144ski przekonywa\u0142 podczas sobotniej konferencji, \u017ce dla rozwoju gospodarczego Polski konieczna&hellip;<\/p>\n","protected":false},"author":3,"featured_media":8703,"comment_status":"open","ping_status":"open","sticky":false,"template":"","format":"standard","meta":{"footnotes":""},"categories":[14,18],"tags":[],"class_list":["post-8702","post","type-post","status-publish","format-standard","has-post-thumbnail","hentry","category-polska","category-top-news"],"_links":{"self":[{"href":"https:\/\/radiopoloniawinnipeg.com\/index.php\/wp-json\/wp\/v2\/posts\/8702","targetHints":{"allow":["GET"]}}],"collection":[{"href":"https:\/\/radiopoloniawinnipeg.com\/index.php\/wp-json\/wp\/v2\/posts"}],"about":[{"href":"https:\/\/radiopoloniawinnipeg.com\/index.php\/wp-json\/wp\/v2\/types\/post"}],"author":[{"embeddable":true,"href":"https:\/\/radiopoloniawinnipeg.com\/index.php\/wp-json\/wp\/v2\/users\/3"}],"replies":[{"embeddable":true,"href":"https:\/\/radiopoloniawinnipeg.com\/index.php\/wp-json\/wp\/v2\/comments?post=8702"}],"version-history":[{"count":0,"href":"https:\/\/radiopoloniawinnipeg.com\/index.php\/wp-json\/wp\/v2\/posts\/8702\/revisions"}],"wp:featuredmedia":[{"embeddable":true,"href":"https:\/\/radiopoloniawinnipeg.com\/index.php\/wp-json\/wp\/v2\/media\/8703"}],"wp:attachment":[{"href":"https:\/\/radiopoloniawinnipeg.com\/index.php\/wp-json\/wp\/v2\/media?parent=8702"}],"wp:term":[{"taxonomy":"category","embeddable":true,"href":"https:\/\/radiopoloniawinnipeg.com\/index.php\/wp-json\/wp\/v2\/categories?post=8702"},{"taxonomy":"post_tag","embeddable":true,"href":"https:\/\/radiopoloniawinnipeg.com\/index.php\/wp-json\/wp\/v2\/tags?post=8702"}],"curies":[{"name":"wp","href":"https:\/\/api.w.org\/{rel}","templated":true}]}}