{"id":8704,"date":"2026-04-26T12:15:06","date_gmt":"2026-04-26T16:15:06","guid":{"rendered":"https:\/\/radiopoloniawinnipeg.com\/index.php\/2026\/04\/26\/papiez-leon-xiv-ostrzega-przed-zlodziejami-pokoju\/"},"modified":"2026-04-26T12:15:06","modified_gmt":"2026-04-26T16:15:06","slug":"papiez-leon-xiv-ostrzega-przed-zlodziejami-pokoju","status":"publish","type":"post","link":"https:\/\/radiopoloniawinnipeg.com\/index.php\/2026\/04\/26\/papiez-leon-xiv-ostrzega-przed-zlodziejami-pokoju\/","title":{"rendered":"Papie\u017c Leon XIV ostrzega przed \u201ez\u0142odziejami pokoju\u201d"},"content":{"rendered":"<div id=\"attachment_242316\" style=\"width: 646px\" class=\"wp-caption aligncenter\"><img decoding=\"async\" loading=\"lazy\" aria-describedby=\"caption-attachment-242316\" class=\"size-custom-full-size wp-image-242316\" src=\"https:\/\/bejsment.com\/wp-content\/uploads\/2026\/04\/aapapiez-1-636x358.jpg\" alt=\"\" width=\"636\" height=\"358\" \/><\/p>\n<p id=\"caption-attachment-242316\" class=\"wp-caption-text\">Papie\u017c Leon XIV<\/p>\n<\/div>\n<p><strong>Papie\u017c Leon XIV podczas niedzielnego rozwa\u017cania przed modlitw\u0105 Regina Coeli w Watykanie ostrzeg\u0142 przed tymi, kt\u00f3rzy \u2013 jak m\u00f3wi\u0142 \u2013 odbieraj\u0105 ludziom szans\u0119 na spokojn\u0105 przysz\u0142o\u015b\u0107.<\/strong><\/p>\n<p>\u2013 Nie robi\u0105 nic innego, jak tylko okradaj\u0105 ka\u017cdego z nas z przysz\u0142o\u015bci naznaczonej pokojem i spokojem \u2013 podkre\u015bli\u0142 papie\u017c, wskazuj\u0105c m.in. na tych, kt\u00f3rzy prowadz\u0105 wojny i rabuj\u0105 zasoby Ziemi.<\/p>\n<p>Leon XIV zaznaczy\u0142, \u017ce \u201ez\u0142odzieje\u201d mog\u0105 przybiera\u0107 r\u00f3\u017cne formy. W\u015br\u00f3d nich wymieni\u0142 osoby i zjawiska, kt\u00f3re ograniczaj\u0105 wolno\u015b\u0107 oraz nie szanuj\u0105 godno\u015bci cz\u0142owieka.<\/p>\n<p>\u2013 S\u0105 nimi tak\u017ce przekonania i uprzedzenia, kt\u00f3re nie pozwalaj\u0105 patrze\u0107 z \u017cyczliwo\u015bci\u0105 na innych i na \u017cycie \u2013 m\u00f3wi\u0142. Zwr\u00f3ci\u0142 uwag\u0119 r\u00f3wnie\u017c na b\u0142\u0119dne idee oraz powierzchowne, konsumpcyjne style \u017cycia, kt\u00f3re \u2013 jego zdaniem \u2013 prowadz\u0105 do wewn\u0119trznej pustki.<\/p>\n<p>Szczeg\u00f3lnie mocno papie\u017c odni\u00f3s\u0142 si\u0119 do konflikt\u00f3w zbrojnych i eksploatacji zasob\u00f3w naturalnych.<\/p>\n<p>\u2013 Ci, kt\u00f3rzy grabi\u0105 zasoby Ziemi, prowadz\u0105 krwawe wojny i podsycaj\u0105 z\u0142o, odbieraj\u0105 nam wszystkim szans\u0119 na pokojow\u0105 przysz\u0142o\u015b\u0107 \u2013 zaznaczy\u0142.<\/p>\n<p>Papie\u017c zach\u0119ca\u0142 wiernych do refleksji nad tym, kto wp\u0142ywa na ich decyzje i jakim warto\u015bciom pozwalaj\u0105 kierowa\u0107 swoim \u017cyciem.<\/p>\n<p>\u2013 Pan nie przychodzi, by co\u015b zabra\u0107, lecz by da\u0107 \u017cycie w obfito\u015bci \u2013 podkre\u015bli\u0142, nawi\u0105zuj\u0105c do obrazu dobrego pasterza.<\/p>\n<p>Leon XIV ju\u017c wcze\u015bniej ostrzega\u0142 przed zagro\u017ceniami dla przysz\u0142o\u015bci \u015bwiata. Podczas wizyty w Gwinei R\u00f3wnikowej m\u00f3wi\u0142 o \u201etragicznym niebezpiecze\u0144stwie\u201d wynikaj\u0105cym z os\u0142abienia prawa mi\u0119dzynarodowego i odpowiedzialno\u015bci politycznej.<\/p>\n<p>W innych wyst\u0105pieniach papie\u017c zwraca\u0142 uwag\u0119 na rosn\u0105c\u0105 rol\u0119 konflikt\u00f3w nap\u0119dzanych walk\u0105 o surowce naturalne oraz krytykowa\u0142 wykorzystywanie religii do cel\u00f3w politycznych i militarnych.<\/p>\n","protected":false},"excerpt":{"rendered":"<p>Papie\u017c Leon XIV Papie\u017c Leon XIV podczas niedzielnego rozwa\u017cania przed modlitw\u0105 Regina Coeli w Watykanie ostrzeg\u0142 przed tymi, kt\u00f3rzy \u2013 jak m\u00f3wi\u0142 \u2013 odbieraj\u0105 ludziom&hellip;<\/p>\n","protected":false},"author":3,"featured_media":8705,"comment_status":"open","ping_status":"open","sticky":false,"template":"","format":"standard","meta":{"footnotes":""},"categories":[15,18],"tags":[],"class_list":["post-8704","post","type-post","status-publish","format-standard","has-post-thumbnail","hentry","category-swiat","category-top-news"],"_links":{"self":[{"href":"https:\/\/radiopoloniawinnipeg.com\/index.php\/wp-json\/wp\/v2\/posts\/8704","targetHints":{"allow":["GET"]}}],"collection":[{"href":"https:\/\/radiopoloniawinnipeg.com\/index.php\/wp-json\/wp\/v2\/posts"}],"about":[{"href":"https:\/\/radiopoloniawinnipeg.com\/index.php\/wp-json\/wp\/v2\/types\/post"}],"author":[{"embeddable":true,"href":"https:\/\/radiopoloniawinnipeg.com\/index.php\/wp-json\/wp\/v2\/users\/3"}],"replies":[{"embeddable":true,"href":"https:\/\/radiopoloniawinnipeg.com\/index.php\/wp-json\/wp\/v2\/comments?post=8704"}],"version-history":[{"count":0,"href":"https:\/\/radiopoloniawinnipeg.com\/index.php\/wp-json\/wp\/v2\/posts\/8704\/revisions"}],"wp:featuredmedia":[{"embeddable":true,"href":"https:\/\/radiopoloniawinnipeg.com\/index.php\/wp-json\/wp\/v2\/media\/8705"}],"wp:attachment":[{"href":"https:\/\/radiopoloniawinnipeg.com\/index.php\/wp-json\/wp\/v2\/media?parent=8704"}],"wp:term":[{"taxonomy":"category","embeddable":true,"href":"https:\/\/radiopoloniawinnipeg.com\/index.php\/wp-json\/wp\/v2\/categories?post=8704"},{"taxonomy":"post_tag","embeddable":true,"href":"https:\/\/radiopoloniawinnipeg.com\/index.php\/wp-json\/wp\/v2\/tags?post=8704"}],"curies":[{"name":"wp","href":"https:\/\/api.w.org\/{rel}","templated":true}]}}