{"id":8710,"date":"2026-04-26T15:30:05","date_gmt":"2026-04-26T19:30:05","guid":{"rendered":"https:\/\/radiopoloniawinnipeg.com\/index.php\/2026\/04\/26\/amerykanscy-naukowcy-wybieraja-kanade\/"},"modified":"2026-04-26T15:30:05","modified_gmt":"2026-04-26T19:30:05","slug":"amerykanscy-naukowcy-wybieraja-kanade","status":"publish","type":"post","link":"https:\/\/radiopoloniawinnipeg.com\/index.php\/2026\/04\/26\/amerykanscy-naukowcy-wybieraja-kanade\/","title":{"rendered":"Ameryka\u0144scy naukowcy wybieraj\u0105 Kanad\u0119"},"content":{"rendered":"<div id=\"attachment_242337\" style=\"width: 646px\" class=\"wp-caption aligncenter\"><img decoding=\"async\" loading=\"lazy\" aria-describedby=\"caption-attachment-242337\" class=\"size-custom-full-size wp-image-242337\" src=\"https:\/\/bejsment.com\/wp-content\/uploads\/2026\/04\/aamunkshool-636x427.jpg\" alt=\"\" width=\"636\" height=\"427\" \/><\/p>\n<p id=\"caption-attachment-242337\" class=\"wp-caption-text\">Munk School of Global Affairs<\/p>\n<\/div>\n<p><strong>Coraz wi\u0119cej ameryka\u0144skich naukowc\u00f3w rozwa\u017ca przeniesienie kariery do Kanady, wskazuj\u0105c na rosn\u0105c\u0105 presj\u0119 polityczn\u0105 w Stanach Zjednoczonych i znaczenie wolno\u015bci akademickiej .<\/strong><\/p>\n<p>Jednym z przyk\u0142ad\u00f3w jest Jason Stanley, badacz zajmuj\u0105cy si\u0119 problematyk\u0105 faszyzmu, kt\u00f3ry we wrze\u015bniu ubieg\u0142ego roku opu\u015bci\u0142 presti\u017cowy Uniwersytet Yale i przeni\u00f3s\u0142 si\u0119 do Munk School of Global Affairs w Toronto.<\/p>\n<p>\u2013 To jedyny pow\u00f3d: wolno\u015b\u0107 akademicka \u2013 podkre\u015bli\u0142 w rozmowie z The Canadian Press. Jak zaznaczy\u0142, Kanada nie jest w stanie konkurowa\u0107 z najlepszymi ameryka\u0144skimi uczelniami pod wzgl\u0119dem wynagrodze\u0144, ale oferuje inne warto\u015bci, takie jak swoboda bada\u0144 i demokracja.<\/p>\n<p>Zjawisko to potwierdzaj\u0105 organizacje akademickie po obu stronach granicy. Lynn Pasquerella, prezes Ameryka\u0144skiego Stowarzyszenia Szk\u00f3\u0142 Wy\u017cszych i Uniwersytet\u00f3w, wskazuje, \u017ce wielu wyk\u0142adowc\u00f3w do\u015bwiadcza presji politycznej, zar\u00f3wno na poziomie stanowym, jak i federalnym.<\/p>\n<p>Przywo\u0142a\u0142a m.in. przypadek profesora z Texas A&amp;M University, kt\u00f3remu ograniczono mo\u017cliwo\u015b\u0107 nauczania wybranych tekst\u00f3w filozoficznych ze wzgl\u0119du na ich tematyk\u0119.<\/p>\n<p>\u2013 Naukowcy odczuwaj\u0105 nie tylko wypalenie zawodowe, ale tak\u017ce silny stres moralny \u2013 podkre\u015bli\u0142a Pasquerella.<\/p>\n<p>Rosn\u0105ce zainteresowanie Kanad\u0105 dostrzega tak\u017ce Gabriel Miller z organizacji Universities Canada. Zwr\u00f3ci\u0142 uwag\u0119 na nowy program Canada Impact+ Research Chairs, kt\u00f3ry ma przyci\u0105ga\u0107 globalne talenty w kluczowych dziedzinach, takich jak opieka zdrowotna, czyste technologie czy sztuczna inteligencja.<\/p>\n<p>Jednocze\u015bnie uczelnie w Kanadzie zmagaj\u0105 si\u0119 z w\u0142asnymi wyzwaniami finansowymi. Publiczne finansowanie nie nad\u0105\u017ca za rosn\u0105cymi kosztami, a dodatkowym problemem jest spadek przychod\u00f3w z czesnego student\u00f3w zagranicznych w zwi\u0105zku z ograniczeniami wizowymi.<\/p>\n<p>Rz\u0105d federalny planuje jednak przeznaczy\u0107 znacz\u0105ce \u015brodki na rozw\u00f3j bada\u0144 i przyci\u0105ganie naukowc\u00f3w \u2013 \u0142\u0105cznie 1,7 miliarda dolar\u00f3w w ci\u0105gu najbli\u017cszych 13 lat.<\/p>\n<p>Na sytuacj\u0119 w ameryka\u0144skim \u015brodowisku akademickim wp\u0142yw maj\u0105 r\u00f3wnie\u017c dzia\u0142ania administracji Donalda Trumpa, kt\u00f3ra \u2013 jak wskazano \u2013 zawiera\u0142a wielomilionowe porozumienia z uczelniami w zamian za przywr\u00f3cenie finansowania bada\u0144. Przyk\u0142adem jest Uniwersytet Columbia, kt\u00f3ry zap\u0142aci\u0142 200 mln dolar\u00f3w po sporze z w\u0142adzami federalnymi.<\/p>\n<p>Kontekst napi\u0119\u0107 politycznych widoczny jest tak\u017ce na kampusach, gdzie dochodzi\u0142o do protest\u00f3w zwi\u0105zanych z wojn\u0105 w Strefie Gazy. Cho\u0107 w Kanadzie nie doprowadzi\u0142y one do podobnych konsekwencji finansowych, zdaniem Stanleya cz\u0119\u015b\u0107 retoryki politycznej mo\u017ce mie\u0107 \u201emro\u017c\u0105cy wp\u0142yw\u201d na debat\u0119 akademick\u0105.<\/p>\n<p>Eksperci podkre\u015blaj\u0105, \u017ce Kanada, mimo rosn\u0105cej atrakcyjno\u015bci, b\u0119dzie musia\u0142a zmierzy\u0107 si\u0119 z podobnymi wyzwaniami, je\u015bli globalne napi\u0119cia polityczne b\u0119d\u0105 si\u0119 nasila\u0107.<\/p>\n<p>Mimo to \u2013 jak zauwa\u017ca Pasquerella \u2013 zainteresowanie przenosinami do Kanady, a tak\u017ce do kraj\u00f3w takich jak Wielka Brytania, Niemcy czy Australia, wyra\u017anie ro\u015bnie. Dodatkowym czynnikiem jest nowe prawo dotycz\u0105ce obywatelstwa, kt\u00f3re mo\u017ce u\u0142atwi\u0107 niekt\u00f3rym naukowcom osiedlenie si\u0119 w Kanadzie.<\/p>\n","protected":false},"excerpt":{"rendered":"<p>Munk School of Global Affairs Coraz wi\u0119cej ameryka\u0144skich naukowc\u00f3w rozwa\u017ca przeniesienie kariery do Kanady, wskazuj\u0105c na rosn\u0105c\u0105 presj\u0119 polityczn\u0105 w Stanach Zjednoczonych i znaczenie wolno\u015bci&hellip;<\/p>\n","protected":false},"author":3,"featured_media":8711,"comment_status":"open","ping_status":"open","sticky":false,"template":"","format":"standard","meta":{"footnotes":""},"categories":[12,18],"tags":[],"class_list":["post-8710","post","type-post","status-publish","format-standard","has-post-thumbnail","hentry","category-kanada","category-top-news"],"_links":{"self":[{"href":"https:\/\/radiopoloniawinnipeg.com\/index.php\/wp-json\/wp\/v2\/posts\/8710","targetHints":{"allow":["GET"]}}],"collection":[{"href":"https:\/\/radiopoloniawinnipeg.com\/index.php\/wp-json\/wp\/v2\/posts"}],"about":[{"href":"https:\/\/radiopoloniawinnipeg.com\/index.php\/wp-json\/wp\/v2\/types\/post"}],"author":[{"embeddable":true,"href":"https:\/\/radiopoloniawinnipeg.com\/index.php\/wp-json\/wp\/v2\/users\/3"}],"replies":[{"embeddable":true,"href":"https:\/\/radiopoloniawinnipeg.com\/index.php\/wp-json\/wp\/v2\/comments?post=8710"}],"version-history":[{"count":0,"href":"https:\/\/radiopoloniawinnipeg.com\/index.php\/wp-json\/wp\/v2\/posts\/8710\/revisions"}],"wp:featuredmedia":[{"embeddable":true,"href":"https:\/\/radiopoloniawinnipeg.com\/index.php\/wp-json\/wp\/v2\/media\/8711"}],"wp:attachment":[{"href":"https:\/\/radiopoloniawinnipeg.com\/index.php\/wp-json\/wp\/v2\/media?parent=8710"}],"wp:term":[{"taxonomy":"category","embeddable":true,"href":"https:\/\/radiopoloniawinnipeg.com\/index.php\/wp-json\/wp\/v2\/categories?post=8710"},{"taxonomy":"post_tag","embeddable":true,"href":"https:\/\/radiopoloniawinnipeg.com\/index.php\/wp-json\/wp\/v2\/tags?post=8710"}],"curies":[{"name":"wp","href":"https:\/\/api.w.org\/{rel}","templated":true}]}}