{"id":8712,"date":"2026-04-26T16:00:13","date_gmt":"2026-04-26T20:00:13","guid":{"rendered":"https:\/\/radiopoloniawinnipeg.com\/index.php\/2026\/04\/26\/smierc-polskiej-influencerki-w-londynie\/"},"modified":"2026-04-26T16:00:13","modified_gmt":"2026-04-26T20:00:13","slug":"smierc-polskiej-influencerki-w-londynie","status":"publish","type":"post","link":"https:\/\/radiopoloniawinnipeg.com\/index.php\/2026\/04\/26\/smierc-polskiej-influencerki-w-londynie\/","title":{"rendered":"\u015amier\u0107 polskiej influencerki w Londynie"},"content":{"rendered":"<div id=\"attachment_242342\" style=\"width: 646px\" class=\"wp-caption aligncenter\"><img decoding=\"async\" loading=\"lazy\" aria-describedby=\"caption-attachment-242342\" class=\"size-custom-full-size wp-image-242342\" src=\"https:\/\/bejsment.com\/wp-content\/uploads\/2026\/04\/aaklaudia-636x358.jpg\" alt=\"\" width=\"636\" height=\"358\" \/><\/p>\n<p id=\"caption-attachment-242342\" class=\"wp-caption-text\">Klaudia Zakrzewska<\/p>\n<\/div>\n<p><strong>W londy\u0144skim szpitalu zmar\u0142a polska influencerka Klaudia Zakrzewska \u2013 poinformowa\u0142a BBC. 32-latka trafi\u0142a do lecznicy po tym, jak zosta\u0142a potr\u0105cona przez samoch\u00f3d przed klubem nocnym w dzielnicy Soho.<\/strong><\/p>\n<p>Do zdarzenia dosz\u0142o sze\u015b\u0107 dni wcze\u015bniej. Klaudia Zakrzewska, znana w mediach spo\u0142eczno\u015bciowych jako \u201eklaudiaglam\u201d, przebywa\u0142a w Londynie ze znajomymi. Po opuszczeniu lokalu zosta\u0142a potr\u0105cona przez pojazd prowadzony przez Gabrielle Carrington, 29-letni\u0105 celebrytk\u0119 i uczestniczk\u0119 programu \u201eX Factor UK\u201d.<\/p>\n<p>Jak podaj\u0105 brytyjskie media, mi\u0119dzy kobietami mia\u0142o wcze\u015bniej doj\u015b\u0107 do konfliktu i sprzeczki przed klubem.<\/p>\n<p>Zakrzewska zosta\u0142a przewieziona do szpitala, gdzie trafi\u0142a na oddzia\u0142 intensywnej terapii. Jej stan od pocz\u0105tku okre\u015blano jako krytyczny. Ostatecznie lekarzom nie uda\u0142o si\u0119 jej uratowa\u0107.<\/p>\n<p>\u2013 W zwi\u0105zku z t\u0105 tragiczn\u0105 informacj\u0105 sk\u0142adamy najszczersze kondolencje rodzinie i przyjacio\u0142om Klaudii \u2013 powiedzia\u0142a inspektor Alison Foxwell z londy\u0144skiej policji.<\/p>\n<p>Po \u015bmierci 32-latki zarzuty wobec Gabrielle Carrington maj\u0105 zosta\u0107 zaostrzone. Wcze\u015bniej by\u0142a oskar\u017cona o usi\u0142owanie zab\u00f3jstwa, jednak \u2013 jak poinformowa\u0142a policja metropolitalna \u2013 zarzut ten zostanie zmieniony na zab\u00f3jstwo. Kobieta us\u0142ysza\u0142a tak\u017ce zarzuty spowodowania ci\u0119\u017ckiego uszczerbku na zdrowiu, niebezpiecznej jazdy oraz prowadzenia pojazdu pod wp\u0142ywem alkoholu.<\/p>\n<p>W wyniku zdarzenia powa\u017cnie ranny zosta\u0142 r\u00f3wnie\u017c 58-letni m\u0119\u017cczyzna, a jedna z kobiet dozna\u0142a l\u017cejszych obra\u017ce\u0144.<\/p>\n<p>Gabrielle Carrington stawi\u0142a si\u0119 przed s\u0105dem w Westminster 21 kwietnia i zosta\u0142a tymczasowo aresztowana. Policja apeluje o powstrzymanie si\u0119 od spekulacji w mediach spo\u0142eczno\u015bciowych oraz o nieudost\u0119pnianie drastycznych nagra\u0144 z miejsca zdarzenia.<\/p>\n<p>\u2013 Rozpowszechnianie takich materia\u0142\u00f3w mo\u017ce zaszkodzi\u0107 \u015bledztwu i przysz\u0142ym post\u0119powaniom s\u0105dowym \u2013 podkre\u015bli\u0142a inspektor Alison Foxwell.<\/p>\n<p>W opisie zbi\u00f3rki funduszy prowadzonej na rzecz rodziny zmar\u0142ej podkre\u015blono, \u017ce Klaudia Zakrzewska by\u0142a osob\u0105 o \u201eczystym sercu\u201d. Jej matka napisa\u0142a, \u017ce to \u201enajtrudniejszy czas w \u017cyciu rodziny\u201d i podkre\u015bli\u0142a siln\u0105 wi\u0119\u017a, jaka \u0142\u0105czy\u0142a j\u0105 z c\u00f3rk\u0105.<\/p>\n<p>\u015aledztwo w sprawie tragedii trwa.<\/p>\n","protected":false},"excerpt":{"rendered":"<p>Klaudia Zakrzewska W londy\u0144skim szpitalu zmar\u0142a polska influencerka Klaudia Zakrzewska \u2013 poinformowa\u0142a BBC. 32-latka trafi\u0142a do lecznicy po tym, jak zosta\u0142a potr\u0105cona przez samoch\u00f3d przed&hellip;<\/p>\n","protected":false},"author":3,"featured_media":8713,"comment_status":"open","ping_status":"open","sticky":false,"template":"","format":"standard","meta":{"footnotes":""},"categories":[15,18],"tags":[],"class_list":["post-8712","post","type-post","status-publish","format-standard","has-post-thumbnail","hentry","category-swiat","category-top-news"],"_links":{"self":[{"href":"https:\/\/radiopoloniawinnipeg.com\/index.php\/wp-json\/wp\/v2\/posts\/8712","targetHints":{"allow":["GET"]}}],"collection":[{"href":"https:\/\/radiopoloniawinnipeg.com\/index.php\/wp-json\/wp\/v2\/posts"}],"about":[{"href":"https:\/\/radiopoloniawinnipeg.com\/index.php\/wp-json\/wp\/v2\/types\/post"}],"author":[{"embeddable":true,"href":"https:\/\/radiopoloniawinnipeg.com\/index.php\/wp-json\/wp\/v2\/users\/3"}],"replies":[{"embeddable":true,"href":"https:\/\/radiopoloniawinnipeg.com\/index.php\/wp-json\/wp\/v2\/comments?post=8712"}],"version-history":[{"count":0,"href":"https:\/\/radiopoloniawinnipeg.com\/index.php\/wp-json\/wp\/v2\/posts\/8712\/revisions"}],"wp:featuredmedia":[{"embeddable":true,"href":"https:\/\/radiopoloniawinnipeg.com\/index.php\/wp-json\/wp\/v2\/media\/8713"}],"wp:attachment":[{"href":"https:\/\/radiopoloniawinnipeg.com\/index.php\/wp-json\/wp\/v2\/media?parent=8712"}],"wp:term":[{"taxonomy":"category","embeddable":true,"href":"https:\/\/radiopoloniawinnipeg.com\/index.php\/wp-json\/wp\/v2\/categories?post=8712"},{"taxonomy":"post_tag","embeddable":true,"href":"https:\/\/radiopoloniawinnipeg.com\/index.php\/wp-json\/wp\/v2\/tags?post=8712"}],"curies":[{"name":"wp","href":"https:\/\/api.w.org\/{rel}","templated":true}]}}