{"id":8716,"date":"2026-04-26T18:15:04","date_gmt":"2026-04-26T22:15:04","guid":{"rendered":"https:\/\/radiopoloniawinnipeg.com\/index.php\/2026\/04\/26\/lecisz-do-polski-warto-wiedziec-ile-wlozyc-do-koperty-na-wesele-lub-komunie\/"},"modified":"2026-04-26T18:15:04","modified_gmt":"2026-04-26T22:15:04","slug":"lecisz-do-polski-warto-wiedziec-ile-wlozyc-do-koperty-na-wesele-lub-komunie","status":"publish","type":"post","link":"https:\/\/radiopoloniawinnipeg.com\/index.php\/2026\/04\/26\/lecisz-do-polski-warto-wiedziec-ile-wlozyc-do-koperty-na-wesele-lub-komunie\/","title":{"rendered":"Lecisz do Polski? Warto wiedzie\u0107 ile w\u0142o\u017cy\u0107 do koperty na wesele lub komuni\u0119"},"content":{"rendered":"<p><img decoding=\"async\" loading=\"lazy\" class=\"aligncenter size-custom-full-size wp-image-242325\" src=\"https:\/\/bejsment.com\/wp-content\/uploads\/2026\/04\/uroczystosc-636x478.jpg\" alt=\"\" width=\"636\" height=\"478\" \/><\/p>\n<p><strong>Ponad po\u0142owa Polak\u00f3w zwi\u0119kszy\u0142a w ostatnim roku kwoty wr\u0119czane w kopertach z okazji wesel i komunii \u2013 wynika z badania przeprowadzonego na zlecenie Santander Consumer Bank.<\/strong><\/p>\n<p>Z sonda\u017cu wynika, \u017ce 55 proc. respondent\u00f3w deklaruje wy\u017csze wydatki na tego typu uroczysto\u015bci. Najcz\u0119\u015bciej jest to efekt rosn\u0105cych koszt\u00f3w organizacji przyj\u0119\u0107 i og\u00f3lnej inflacji (38 proc.), rzadziej poprawy w\u0142asnej sytuacji finansowej (17 proc.).<\/p>\n<p>Jednocze\u015bnie cz\u0119\u015b\u0107 ankietowanych nie zdecydowa\u0142a si\u0119 na zwi\u0119kszenie kwot. 23 proc. wskazuje na brak wzrostu dochod\u00f3w, a dla 14 proc. najwa\u017cniejszy pozostaje sam gest i obecno\u015b\u0107, a nie warto\u015b\u0107 prezentu.<\/p>\n<p>Na wysoko\u015b\u0107 wk\u0142adanych do koperty sum wp\u0142ywa przede wszystkim stopie\u0144 pokrewie\u0144stwa z organizatorami uroczysto\u015bci (47 proc.), mo\u017cliwo\u015bci finansowe (39 proc.) oraz tzw. zasada \u201etalerzyka\u201d, czyli pr\u00f3ba pokrycia koszt\u00f3w przyj\u0119cia (30 proc.). Co pi\u0105ty badany konsultuje decyzj\u0119 z rodzin\u0105 lub znajomymi.<\/p>\n<p>Badanie pokazuje r\u00f3wnie\u017c, \u017ce rosn\u0105ce koszty wp\u0142ywaj\u0105 na decyzje o uczestnictwie w uroczysto\u015bciach. W ci\u0105gu ostatnich 12 miesi\u0119cy 16 proc. respondent\u00f3w odm\u00f3wi\u0142o udzia\u0142u w wydarzeniu rodzinnym z powod\u00f3w finansowych, a kolejne 13 proc. powa\u017cnie rozwa\u017ca\u0142o tak\u0105 decyzj\u0119. Z drugiej strony 38 proc. os\u00f3b deklaruje, \u017ce koszty nie mia\u0142y wp\u0142ywu na ich obecno\u015b\u0107.<\/p>\n<p>Udzia\u0142 w weselach i komuniach odbija si\u0119 tak\u017ce na domowych bud\u017cetach. 45 proc. Polak\u00f3w przyznaje, \u017ce w zwi\u0105zku z tym ogranicza inne wydatki lub odk\u0142ada je na p\u00f3\u017aniej.<\/p>\n<p>Autorzy badania podkre\u015blaj\u0105, \u017ce uroczysto\u015bci rodzinne nie powinny by\u0107 \u017ar\u00f3d\u0142em presji finansowej. Wskazuj\u0105, \u017ce w przypadku wi\u0119kszego obci\u0105\u017cenia bud\u017cetu warto wcze\u015bniej planowa\u0107 wydatki lub rozwa\u017cy\u0107 dodatkowe \u017ar\u00f3d\u0142a finansowania.<\/p>\n<p>Badanie zosta\u0142o przeprowadzone przez Instytut Bada\u0144 Rynkowych i Spo\u0142ecznych IBRiS metod\u0105 wywiad\u00f3w telefonicznych (CATI) w dniach od 27 lutego do 5 marca 2026 roku na reprezentatywnej pr\u00f3bie 1000 doros\u0142ych Polak\u00f3w.<\/p>\n","protected":false},"excerpt":{"rendered":"<p>Ponad po\u0142owa Polak\u00f3w zwi\u0119kszy\u0142a w ostatnim roku kwoty wr\u0119czane w kopertach z okazji wesel i komunii \u2013 wynika z badania przeprowadzonego na zlecenie Santander Consumer&hellip;<\/p>\n","protected":false},"author":3,"featured_media":8717,"comment_status":"open","ping_status":"open","sticky":false,"template":"","format":"standard","meta":{"footnotes":""},"categories":[19],"tags":[],"class_list":["post-8716","post","type-post","status-publish","format-standard","has-post-thumbnail","hentry","category-magazyn"],"_links":{"self":[{"href":"https:\/\/radiopoloniawinnipeg.com\/index.php\/wp-json\/wp\/v2\/posts\/8716","targetHints":{"allow":["GET"]}}],"collection":[{"href":"https:\/\/radiopoloniawinnipeg.com\/index.php\/wp-json\/wp\/v2\/posts"}],"about":[{"href":"https:\/\/radiopoloniawinnipeg.com\/index.php\/wp-json\/wp\/v2\/types\/post"}],"author":[{"embeddable":true,"href":"https:\/\/radiopoloniawinnipeg.com\/index.php\/wp-json\/wp\/v2\/users\/3"}],"replies":[{"embeddable":true,"href":"https:\/\/radiopoloniawinnipeg.com\/index.php\/wp-json\/wp\/v2\/comments?post=8716"}],"version-history":[{"count":0,"href":"https:\/\/radiopoloniawinnipeg.com\/index.php\/wp-json\/wp\/v2\/posts\/8716\/revisions"}],"wp:featuredmedia":[{"embeddable":true,"href":"https:\/\/radiopoloniawinnipeg.com\/index.php\/wp-json\/wp\/v2\/media\/8717"}],"wp:attachment":[{"href":"https:\/\/radiopoloniawinnipeg.com\/index.php\/wp-json\/wp\/v2\/media?parent=8716"}],"wp:term":[{"taxonomy":"category","embeddable":true,"href":"https:\/\/radiopoloniawinnipeg.com\/index.php\/wp-json\/wp\/v2\/categories?post=8716"},{"taxonomy":"post_tag","embeddable":true,"href":"https:\/\/radiopoloniawinnipeg.com\/index.php\/wp-json\/wp\/v2\/tags?post=8716"}],"curies":[{"name":"wp","href":"https:\/\/api.w.org\/{rel}","templated":true}]}}