{"id":8718,"date":"2026-04-27T07:15:07","date_gmt":"2026-04-27T11:15:07","guid":{"rendered":"https:\/\/radiopoloniawinnipeg.com\/index.php\/2026\/04\/27\/rekordowa-zbiorka-zakonczona-ponad-250-mln-zl-dla-chorych-dzieci\/"},"modified":"2026-04-27T07:15:07","modified_gmt":"2026-04-27T11:15:07","slug":"rekordowa-zbiorka-zakonczona-ponad-250-mln-zl-dla-chorych-dzieci","status":"publish","type":"post","link":"https:\/\/radiopoloniawinnipeg.com\/index.php\/2026\/04\/27\/rekordowa-zbiorka-zakonczona-ponad-250-mln-zl-dla-chorych-dzieci\/","title":{"rendered":"Rekordowa zbi\u00f3rka zako\u0144czona. Ponad 250 mln z\u0142 dla chorych dzieci"},"content":{"rendered":"<p><img decoding=\"async\" loading=\"lazy\" class=\"aligncenter size-custom-full-size wp-image-242356\" src=\"https:\/\/bejsment.com\/wp-content\/uploads\/2026\/04\/aazbiorka2-636x358.jpg\" alt=\"\" width=\"636\" height=\"358\" \/><\/p>\n<p><strong>Zako\u0144czy\u0142 si\u0119 trwaj\u0105cy dziewi\u0119\u0107 dni charytatywny stream na YouTube tw\u00f3rcy \u201e\u0142atwogang\u201d. Do godziny 22 zebrano ponad 250 mln z\u0142 na wsparcie dzieci chorych onkologicznie .<\/strong><\/p>\n<p>Akcja, prowadzona na rzecz Fundacja Cancer Fighters, przyci\u0105gn\u0119\u0142a ogromne zainteresowanie. W\u0142\u0105czyli si\u0119 w ni\u0105 sportowcy, arty\u015bci, influencerzy, przedsi\u0119biorcy oraz tysi\u0105ce internaut\u00f3w. Zbi\u00f3rka zyska\u0142a tak\u017ce mi\u0119dzynarodowy rozg\u0142os \u2013 do wp\u0142at zach\u0119ca\u0142 m.in. Chris Martin, wokalista zespo\u0142u Coldplay.<\/p>\n<p>Opr\u00f3cz zbi\u00f3rki organizatorzy zapowiedzieli r\u00f3wnie\u017c licytacje przedmiot\u00f3w i us\u0142ug, kt\u00f3re maj\u0105 dodatkowo zwi\u0119kszy\u0107 pul\u0119 \u015brodk\u00f3w. Jednocze\u015bnie zaapelowali, by 26 kwietnia ustanowi\u0107 og\u00f3lnopolskim dniem walki z chorobami onkologicznymi u dzieci.<\/p>\n<p>Fundacja Cancer Fighters podkre\u015bli\u0142a w oficjalnym komunikacie, \u017ce skala zebranych \u015brodk\u00f3w oznacza nie tylko ogromn\u0105 szans\u0119 na pomoc, ale tak\u017ce du\u017c\u0105 odpowiedzialno\u015b\u0107. Zapowiedziano, \u017ce dzia\u0142ania b\u0119d\u0105 oparte na trzech filarach: pilnym wsparciu podopiecznych, pomocy systemowej dla klinik oraz pe\u0142nej transparentno\u015bci wydatkowania \u015brodk\u00f3w.<\/p>\n<blockquote class=\"twitter-tweet\" data-width=\"550\" data-dnt=\"true\">\n<p lang=\"pl\" dir=\"ltr\">P\u0118K\u0141O 250 MILION\u00d3W Z\u0141OTYCH!!!! <a href=\"https:\/\/t.co\/sOSschpeI6\">pic.twitter.com\/sOSschpeI6<\/a><\/p>\n<p>&mdash; OficjalneZero (@OficjalneZero) <a href=\"https:\/\/twitter.com\/OficjalneZero\/status\/2048487706217292081?ref_src=twsrc%5Etfw\">April 26, 2026<\/a><\/p>\n<\/blockquote>\n<p>W pierwszej kolejno\u015bci fundacja planuje zamkni\u0119cie najpilniejszych zbi\u00f3rek swoich podopiecznych, finansuj\u0105c leczenie, rehabilitacj\u0119, leki, transport do plac\u00f3wek medycznych oraz codzienne potrzeby zwi\u0105zane z chorob\u0105.<\/p>\n<p>Kolejnym obszarem ma by\u0107 wsparcie os\u00f3b wymagaj\u0105cych protez, specjalistycznego sprz\u0119tu i pomocy w powrocie do normalnego funkcjonowania po leczeniu. Fundacja podkre\u015bla, \u017ce skutki choroby cz\u0119sto trwaj\u0105 d\u0142ugo po zako\u0144czeniu terapii.<\/p>\n<p>R\u00f3wnolegle prowadzone s\u0105 rozmowy z klinikami w ca\u0142ej Polsce. Wsparcie mo\u017ce obejmowa\u0107 zakup sprz\u0119tu, doposa\u017cenie oddzia\u0142\u00f3w, popraw\u0119 warunk\u00f3w leczenia oraz realizacj\u0119 wi\u0119kszych projekt\u00f3w infrastrukturalnych.<\/p>\n<p>Organizacja zapowiada tak\u017ce stworzenie specjalnego serwisu internetowego, kt\u00f3ry ma pe\u0142ni\u0107 funkcj\u0119 publicznego raportu z wykorzystania \u015brodk\u00f3w. Na bie\u017c\u0105co publikowane b\u0119d\u0105 informacje o przekazanej pomocy, beneficjentach oraz efektach dzia\u0142a\u0144.<\/p>\n<p>Dodatkowo przy fundacji ma powsta\u0107 rada doradcza z udzia\u0142em ekspert\u00f3w z zakresu onkologii, leczenia dzieci i zarz\u0105dzania projektami pomocowymi. W jej sk\u0142ad maj\u0105 wej\u015b\u0107 m.in. Pawe\u0142 Zawadzki oraz Krzysztof Ka\u0142wak.<\/p>\n<p>Fundacja podkre\u015bla, \u017ce decyzje dotycz\u0105ce najwi\u0119kszych wydatk\u00f3w b\u0119d\u0105 konsultowane ze specjalistami, aby \u015brodki trafia\u0142y tam, gdzie mog\u0105 przynie\u015b\u0107 najwi\u0119kszy efekt.<\/p>\n<p>\u2013 To nie koniec, lecz pocz\u0105tek \u2013 zaznaczono w komunikacie, podkre\u015blaj\u0105c, \u017ce zebrane pieni\u0105dze maj\u0105 realnie poprawia\u0107 dost\u0119p do leczenia, wspiera\u0107 rodziny i poprawia\u0107 warunki w plac\u00f3wkach medycznych.<\/p>\n","protected":false},"excerpt":{"rendered":"<p>Zako\u0144czy\u0142 si\u0119 trwaj\u0105cy dziewi\u0119\u0107 dni charytatywny stream na YouTube tw\u00f3rcy \u201e\u0142atwogang\u201d. Do godziny 22 zebrano ponad 250 mln z\u0142 na wsparcie dzieci chorych onkologicznie .&hellip;<\/p>\n","protected":false},"author":3,"featured_media":8719,"comment_status":"open","ping_status":"open","sticky":false,"template":"","format":"standard","meta":{"footnotes":""},"categories":[14,18],"tags":[],"class_list":["post-8718","post","type-post","status-publish","format-standard","has-post-thumbnail","hentry","category-polska","category-top-news"],"_links":{"self":[{"href":"https:\/\/radiopoloniawinnipeg.com\/index.php\/wp-json\/wp\/v2\/posts\/8718","targetHints":{"allow":["GET"]}}],"collection":[{"href":"https:\/\/radiopoloniawinnipeg.com\/index.php\/wp-json\/wp\/v2\/posts"}],"about":[{"href":"https:\/\/radiopoloniawinnipeg.com\/index.php\/wp-json\/wp\/v2\/types\/post"}],"author":[{"embeddable":true,"href":"https:\/\/radiopoloniawinnipeg.com\/index.php\/wp-json\/wp\/v2\/users\/3"}],"replies":[{"embeddable":true,"href":"https:\/\/radiopoloniawinnipeg.com\/index.php\/wp-json\/wp\/v2\/comments?post=8718"}],"version-history":[{"count":0,"href":"https:\/\/radiopoloniawinnipeg.com\/index.php\/wp-json\/wp\/v2\/posts\/8718\/revisions"}],"wp:featuredmedia":[{"embeddable":true,"href":"https:\/\/radiopoloniawinnipeg.com\/index.php\/wp-json\/wp\/v2\/media\/8719"}],"wp:attachment":[{"href":"https:\/\/radiopoloniawinnipeg.com\/index.php\/wp-json\/wp\/v2\/media?parent=8718"}],"wp:term":[{"taxonomy":"category","embeddable":true,"href":"https:\/\/radiopoloniawinnipeg.com\/index.php\/wp-json\/wp\/v2\/categories?post=8718"},{"taxonomy":"post_tag","embeddable":true,"href":"https:\/\/radiopoloniawinnipeg.com\/index.php\/wp-json\/wp\/v2\/tags?post=8718"}],"curies":[{"name":"wp","href":"https:\/\/api.w.org\/{rel}","templated":true}]}}