{"id":8730,"date":"2026-04-27T14:15:06","date_gmt":"2026-04-27T18:15:06","guid":{"rendered":"https:\/\/radiopoloniawinnipeg.com\/index.php\/2026\/04\/27\/przemyslaw-czarnek-apeluje-do-mlodych-zakladajcie-rodziny-teraz\/"},"modified":"2026-04-27T14:15:06","modified_gmt":"2026-04-27T18:15:06","slug":"przemyslaw-czarnek-apeluje-do-mlodych-zakladajcie-rodziny-teraz","status":"publish","type":"post","link":"https:\/\/radiopoloniawinnipeg.com\/index.php\/2026\/04\/27\/przemyslaw-czarnek-apeluje-do-mlodych-zakladajcie-rodziny-teraz\/","title":{"rendered":"Przemys\u0142aw Czarnek apeluje do m\u0142odych: \u201eZak\u0142adajcie rodziny teraz\u201d"},"content":{"rendered":"<div id=\"attachment_242386\" style=\"width: 646px\" class=\"wp-caption aligncenter\"><img decoding=\"async\" loading=\"lazy\" aria-describedby=\"caption-attachment-242386\" class=\"size-custom-full-size wp-image-242386\" src=\"https:\/\/bejsment.com\/wp-content\/uploads\/2026\/04\/aaczarnek-1-636x358.jpg\" alt=\"\" width=\"636\" height=\"358\" \/><\/p>\n<p id=\"caption-attachment-242386\" class=\"wp-caption-text\">Przemys\u0142aw Czarnek<\/p>\n<\/div>\n<p><strong>Wiceprezes Prawa i Sprawiedliwo\u015bci Przemys\u0142aw Czarnek ostrzeg\u0142, \u017ce Polska mierzy si\u0119 z powa\u017cnym kryzysem demograficznym i wyludnianiem si\u0119 miast. Podczas spotkania w Piotrkowie Trybunalskim apelowa\u0142 do m\u0142odych, by nie odk\u0142adali decyzji o zak\u0142adaniu rodzin.<\/strong><\/p>\n<p>Polityk odni\u00f3s\u0142 si\u0119 do pyta\u0144 o sytuacj\u0119 mieszkaniow\u0105, podkre\u015blaj\u0105c, \u017ce cho\u0107 dost\u0119pno\u015b\u0107 mieszka\u0144 ma znaczenie, nie jest jedynym czynnikiem wp\u0142ywaj\u0105cym na dzietno\u015b\u0107.<\/p>\n<p>\u2013 Zanim zrealizujecie swoje plany \u2013 sko\u0144czycie studia, kupicie mieszkanie \u2013 macie 40 lat albo wi\u0119cej i jest ju\u017c po sprawie. Zak\u0142adajcie rodziny teraz. Bez rodzin nie prze\u017cyjecie, cho\u0107by\u015bcie mieli po sze\u015b\u0107 mieszka\u0144 \u2013 powiedzia\u0142.<\/p>\n<p>Przemys\u0142aw Czarnek wskaza\u0142, \u017ce Polska znajduje si\u0119 w stanie \u201ezapa\u015bci demograficznej\u201d. Jako przyk\u0142ad poda\u0142 Konin, gdzie \u2013 wed\u0142ug jego s\u0142\u00f3w \u2013 od 2000 roku liczba mieszka\u0144c\u00f3w spad\u0142a z 80 do oko\u0142o 60 tysi\u0119cy.<\/p>\n<p>Zapowiedzia\u0142 r\u00f3wnie\u017c dzia\u0142ania programowe PiS w obszarze mieszkalnictwa. W\u015br\u00f3d propozycji wymieni\u0142 zmiany w systemie kredyt\u00f3w hipotecznych, w tym wprowadzenie sta\u0142ych rat, kt\u00f3re \u2013 jego zdaniem \u2013 pozwol\u0105 rodzinom lepiej planowa\u0107 wydatki. Wskaza\u0142 tak\u017ce na potrzeb\u0119 rozwoju budownictwa sp\u00f3\u0142dzielczego oraz alternatywnych form zaspokajania potrzeb mieszkaniowych.<\/p>\n<p>W spotkaniu uczestniczy\u0142 tak\u017ce by\u0142y szef Biura Bezpiecze\u0144stwa Narodowego S\u0142awomir Cenckiewicz, kt\u00f3ry wyrazi\u0142 poparcie dla Przemys\u0142awa Czarnka.<\/p>\n<p>Cenckiewicz podkre\u015bli\u0142 r\u00f3wnie\u017c, \u017ce decyzj\u0119 o zaanga\u017cowaniu politycznym konsultowa\u0142 z prezydentem Karolem Nawrockim.<\/p>\n","protected":false},"excerpt":{"rendered":"<p>Przemys\u0142aw Czarnek Wiceprezes Prawa i Sprawiedliwo\u015bci Przemys\u0142aw Czarnek ostrzeg\u0142, \u017ce Polska mierzy si\u0119 z powa\u017cnym kryzysem demograficznym i wyludnianiem si\u0119 miast. Podczas spotkania w Piotrkowie&hellip;<\/p>\n","protected":false},"author":3,"featured_media":8731,"comment_status":"open","ping_status":"open","sticky":false,"template":"","format":"standard","meta":{"footnotes":""},"categories":[14,18],"tags":[],"class_list":["post-8730","post","type-post","status-publish","format-standard","has-post-thumbnail","hentry","category-polska","category-top-news"],"_links":{"self":[{"href":"https:\/\/radiopoloniawinnipeg.com\/index.php\/wp-json\/wp\/v2\/posts\/8730","targetHints":{"allow":["GET"]}}],"collection":[{"href":"https:\/\/radiopoloniawinnipeg.com\/index.php\/wp-json\/wp\/v2\/posts"}],"about":[{"href":"https:\/\/radiopoloniawinnipeg.com\/index.php\/wp-json\/wp\/v2\/types\/post"}],"author":[{"embeddable":true,"href":"https:\/\/radiopoloniawinnipeg.com\/index.php\/wp-json\/wp\/v2\/users\/3"}],"replies":[{"embeddable":true,"href":"https:\/\/radiopoloniawinnipeg.com\/index.php\/wp-json\/wp\/v2\/comments?post=8730"}],"version-history":[{"count":0,"href":"https:\/\/radiopoloniawinnipeg.com\/index.php\/wp-json\/wp\/v2\/posts\/8730\/revisions"}],"wp:featuredmedia":[{"embeddable":true,"href":"https:\/\/radiopoloniawinnipeg.com\/index.php\/wp-json\/wp\/v2\/media\/8731"}],"wp:attachment":[{"href":"https:\/\/radiopoloniawinnipeg.com\/index.php\/wp-json\/wp\/v2\/media?parent=8730"}],"wp:term":[{"taxonomy":"category","embeddable":true,"href":"https:\/\/radiopoloniawinnipeg.com\/index.php\/wp-json\/wp\/v2\/categories?post=8730"},{"taxonomy":"post_tag","embeddable":true,"href":"https:\/\/radiopoloniawinnipeg.com\/index.php\/wp-json\/wp\/v2\/tags?post=8730"}],"curies":[{"name":"wp","href":"https:\/\/api.w.org\/{rel}","templated":true}]}}