{"id":8732,"date":"2026-04-27T16:15:07","date_gmt":"2026-04-27T20:15:07","guid":{"rendered":"https:\/\/radiopoloniawinnipeg.com\/index.php\/2026\/04\/27\/iran-zlozyl-usa-nowa-propozycje-zakonczenia-wojny\/"},"modified":"2026-04-27T16:15:07","modified_gmt":"2026-04-27T20:15:07","slug":"iran-zlozyl-usa-nowa-propozycje-zakonczenia-wojny","status":"publish","type":"post","link":"https:\/\/radiopoloniawinnipeg.com\/index.php\/2026\/04\/27\/iran-zlozyl-usa-nowa-propozycje-zakonczenia-wojny\/","title":{"rendered":"Iran z\u0142o\u017cy\u0142 USA now\u0105 propozycj\u0119 zako\u0144czenia wojny"},"content":{"rendered":"<p><img decoding=\"async\" loading=\"lazy\" class=\"aligncenter size-custom-full-size wp-image-242393\" src=\"https:\/\/bejsment.com\/wp-content\/uploads\/2026\/04\/aaflagiiranusa-636x477.jpg\" alt=\"\" width=\"636\" height=\"477\" \/><\/p>\n<p><strong>Iran przedstawi\u0142 Stanom Zjednoczonym now\u0105 propozycj\u0119 zako\u0144czenia konfliktu, zak\u0142adaj\u0105c\u0105 m.in. ponowne otwarcie Cie\u015bniny Ormuz oraz od\u0142o\u017cenie negocjacji nuklearnych na p\u00f3\u017aniejszy etap \u2013 informuje portal Axios, powo\u0142uj\u0105c si\u0119 na \u017ar\u00f3d\u0142a zaznajomione ze spraw\u0105.<\/strong><\/p>\n<p>Propozycj\u0119 mia\u0142 przedstawi\u0107 minister spraw zagranicznych Iranu Abbas Aragczi podczas rozm\u00f3w w Islamabadzie, prowadzonych za po\u015brednictwem pakista\u0144skich mediator\u00f3w.<\/p>\n<p>Wed\u0142ug doniesie\u0144, rozmowy utkn\u0119\u0142y jednak w martwym punkcie. W Teheranie widoczne s\u0105 rozbie\u017cno\u015bci dotycz\u0105ce ewentualnych ust\u0119pstw w sprawie programu nuklearnego. Twarde stanowisko prezentuj\u0105 zw\u0142aszcza przedstawiciele Korpusu Stra\u017cnik\u00f3w Rewolucji Islamskiej, kt\u00f3rzy sprzeciwiaj\u0105 si\u0119 daleko id\u0105cym kompromisom.<\/p>\n<p>W zwi\u0105zku z tym ira\u0144skie w\u0142adze proponuj\u0105 czasowe odsuni\u0119cie kwestii nuklearnych i skupienie si\u0119 na deeskalacji dzia\u0142a\u0144 zbrojnych oraz przywr\u00f3ceniu \u017ceglugi przez Ormuz.<\/p>\n<p>Strona ameryka\u0144ska nie komentuje oficjalnie propozycji. Przedstawicielka Bia\u0142ego Domu Olivia Wales podkre\u015bli\u0142a, \u017ce rozmowy maj\u0105 charakter poufny. Zaznaczy\u0142a r\u00f3wnie\u017c, \u017ce \u2013 zgodnie ze stanowiskiem prezydenta Donalda Trumpa \u2013 Stany Zjednoczone nie zaakceptuj\u0105 \u017cadnego porozumienia, kt\u00f3re umo\u017cliwi\u0142oby Iranowi posiadanie broni nuklearnej.<\/p>\n<p>W ubieg\u0142ym tygodniu Donald Trump og\u0142osi\u0142 przed\u0142u\u017cenie zawieszenia broni z Iranem, jednocze\u015bnie utrzymuj\u0105c blokad\u0119 morsk\u0105 i gotowo\u015b\u0107 operacyjn\u0105 si\u0142 zbrojnych. Jak zaznaczy\u0142, rozejm b\u0119dzie obowi\u0105zywa\u0142 do czasu zako\u0144czenia rozm\u00f3w \u2013 niezale\u017cnie od ich wyniku.<\/p>\n<p>Jednym z warunk\u00f3w strony ira\u0144skiej by\u0142o wstrzymanie dzia\u0142a\u0144 militarnych Izraela wobec Libanu. Cho\u0107 formalnie dosz\u0142o do zawieszenia broni, z regionu wci\u0105\u017c nap\u0142ywaj\u0105 doniesienia o jego naruszeniach przez Izrael.<\/p>\n<p>Sytuacja na Bliskim Wschodzie pozostaje napi\u0119ta, a dalszy rozw\u00f3j wydarze\u0144 zale\u017cy od post\u0119p\u00f3w w negocjacjach.<\/p>\n","protected":false},"excerpt":{"rendered":"<p>Iran przedstawi\u0142 Stanom Zjednoczonym now\u0105 propozycj\u0119 zako\u0144czenia konfliktu, zak\u0142adaj\u0105c\u0105 m.in. ponowne otwarcie Cie\u015bniny Ormuz oraz od\u0142o\u017cenie negocjacji nuklearnych na p\u00f3\u017aniejszy etap \u2013 informuje portal Axios,&hellip;<\/p>\n","protected":false},"author":3,"featured_media":8733,"comment_status":"open","ping_status":"open","sticky":false,"template":"","format":"standard","meta":{"footnotes":""},"categories":[15,18],"tags":[],"class_list":["post-8732","post","type-post","status-publish","format-standard","has-post-thumbnail","hentry","category-swiat","category-top-news"],"_links":{"self":[{"href":"https:\/\/radiopoloniawinnipeg.com\/index.php\/wp-json\/wp\/v2\/posts\/8732","targetHints":{"allow":["GET"]}}],"collection":[{"href":"https:\/\/radiopoloniawinnipeg.com\/index.php\/wp-json\/wp\/v2\/posts"}],"about":[{"href":"https:\/\/radiopoloniawinnipeg.com\/index.php\/wp-json\/wp\/v2\/types\/post"}],"author":[{"embeddable":true,"href":"https:\/\/radiopoloniawinnipeg.com\/index.php\/wp-json\/wp\/v2\/users\/3"}],"replies":[{"embeddable":true,"href":"https:\/\/radiopoloniawinnipeg.com\/index.php\/wp-json\/wp\/v2\/comments?post=8732"}],"version-history":[{"count":0,"href":"https:\/\/radiopoloniawinnipeg.com\/index.php\/wp-json\/wp\/v2\/posts\/8732\/revisions"}],"wp:featuredmedia":[{"embeddable":true,"href":"https:\/\/radiopoloniawinnipeg.com\/index.php\/wp-json\/wp\/v2\/media\/8733"}],"wp:attachment":[{"href":"https:\/\/radiopoloniawinnipeg.com\/index.php\/wp-json\/wp\/v2\/media?parent=8732"}],"wp:term":[{"taxonomy":"category","embeddable":true,"href":"https:\/\/radiopoloniawinnipeg.com\/index.php\/wp-json\/wp\/v2\/categories?post=8732"},{"taxonomy":"post_tag","embeddable":true,"href":"https:\/\/radiopoloniawinnipeg.com\/index.php\/wp-json\/wp\/v2\/tags?post=8732"}],"curies":[{"name":"wp","href":"https:\/\/api.w.org\/{rel}","templated":true}]}}