{"id":8738,"date":"2026-04-28T07:30:06","date_gmt":"2026-04-28T11:30:06","guid":{"rendered":"https:\/\/radiopoloniawinnipeg.com\/index.php\/2026\/04\/28\/surowe-kary-dla-poslow-pis\/"},"modified":"2026-04-28T07:30:06","modified_gmt":"2026-04-28T11:30:06","slug":"surowe-kary-dla-poslow-pis","status":"publish","type":"post","link":"https:\/\/radiopoloniawinnipeg.com\/index.php\/2026\/04\/28\/surowe-kary-dla-poslow-pis\/","title":{"rendered":"Surowe kary dla pos\u0142\u00f3w PiS"},"content":{"rendered":"<div id=\"attachment_242445\" style=\"width: 646px\" class=\"wp-caption aligncenter\"><img decoding=\"async\" loading=\"lazy\" aria-describedby=\"caption-attachment-242445\" class=\"size-custom-full-size wp-image-242445\" src=\"https:\/\/bejsment.com\/wp-content\/uploads\/2026\/04\/aakarysejm-636x358.jpg\" alt=\"\" width=\"636\" height=\"358\" \/><\/p>\n<p id=\"caption-attachment-242445\" class=\"wp-caption-text\">Marsza\u0142ek Sejmu og\u0142osi\u0142, \u017ce na\u0142o\u017cono kary na dw\u00f3ch pos\u0142\u00f3w PiS<\/p>\n<\/div>\n<p><strong>Prezydium Sejmu zdecydowa\u0142o o ukaraniu pos\u0142\u00f3w PiS: Dariusza Mateckiego oraz Micha\u0142a Wosia. Obaj strac\u0105 po\u0142ow\u0119 uposa\u017cenia przez trzy miesi\u0105ce. To konsekwencja zak\u0142\u00f3cenia obrad podczas jednego z kwietniowych posiedze\u0144.<\/strong><\/p>\n<p>Jak poinformowa\u0142 marsza\u0142ek Sejmu W\u0142odzimierz Czarzasty, decyzja zapad\u0142a jednomy\u015blnie. \u2013 Wyci\u0105gni\u0119to konsekwencje w zwi\u0105zku z zak\u0142\u00f3ceniem porz\u0105dku obrad \u2013 przekaza\u0142 podczas konferencji prasowej.<\/p>\n<p>Do incydentu dosz\u0142o w po\u0142owie kwietnia. Matecki i Wo\u015b weszli na m\u00f3wnic\u0119 z planszami wymierzonymi w przedstawicieli wi\u0119kszo\u015bci rz\u0105dz\u0105cej. Pomimo upomnie\u0144 nie zaprzestali dzia\u0142a\u0144.<\/p>\n<p>Czarzasty najpierw zwr\u00f3ci\u0142 uwag\u0119 pos\u0142owi Mateckiemu, a nast\u0119pnie \u2013 powo\u0142uj\u0105c si\u0119 na regulamin Sejmu \u2013 przywo\u0142a\u0142 go do porz\u0105dku. Gdy to nie przynios\u0142o efektu, zdecydowa\u0142 o wykluczeniu pos\u0142a z obrad. W reakcji z \u0142aw PiS s\u0142ycha\u0107 by\u0142o okrzyki \u201eprecz z komun\u0105!\u201d.<\/p>\n<p>Chwil\u0119 p\u00f3\u017aniej z sali wykluczony zosta\u0142 r\u00f3wnie\u017c Micha\u0142 Wo\u015b, kt\u00f3ry pojawi\u0142 si\u0119 przy m\u00f3wnicy z kolejn\u0105 plansz\u0105 i tak\u017ce nie podporz\u0105dkowa\u0142 si\u0119 poleceniom prowadz\u0105cego obrady.<\/p>\n<p>&nbsp;<\/p>\n","protected":false},"excerpt":{"rendered":"<p>Marsza\u0142ek Sejmu og\u0142osi\u0142, \u017ce na\u0142o\u017cono kary na dw\u00f3ch pos\u0142\u00f3w PiS Prezydium Sejmu zdecydowa\u0142o o ukaraniu pos\u0142\u00f3w PiS: Dariusza Mateckiego oraz Micha\u0142a Wosia. Obaj strac\u0105 po\u0142ow\u0119&hellip;<\/p>\n","protected":false},"author":3,"featured_media":8739,"comment_status":"open","ping_status":"open","sticky":false,"template":"","format":"standard","meta":{"footnotes":""},"categories":[14,18],"tags":[],"class_list":["post-8738","post","type-post","status-publish","format-standard","has-post-thumbnail","hentry","category-polska","category-top-news"],"_links":{"self":[{"href":"https:\/\/radiopoloniawinnipeg.com\/index.php\/wp-json\/wp\/v2\/posts\/8738","targetHints":{"allow":["GET"]}}],"collection":[{"href":"https:\/\/radiopoloniawinnipeg.com\/index.php\/wp-json\/wp\/v2\/posts"}],"about":[{"href":"https:\/\/radiopoloniawinnipeg.com\/index.php\/wp-json\/wp\/v2\/types\/post"}],"author":[{"embeddable":true,"href":"https:\/\/radiopoloniawinnipeg.com\/index.php\/wp-json\/wp\/v2\/users\/3"}],"replies":[{"embeddable":true,"href":"https:\/\/radiopoloniawinnipeg.com\/index.php\/wp-json\/wp\/v2\/comments?post=8738"}],"version-history":[{"count":0,"href":"https:\/\/radiopoloniawinnipeg.com\/index.php\/wp-json\/wp\/v2\/posts\/8738\/revisions"}],"wp:featuredmedia":[{"embeddable":true,"href":"https:\/\/radiopoloniawinnipeg.com\/index.php\/wp-json\/wp\/v2\/media\/8739"}],"wp:attachment":[{"href":"https:\/\/radiopoloniawinnipeg.com\/index.php\/wp-json\/wp\/v2\/media?parent=8738"}],"wp:term":[{"taxonomy":"category","embeddable":true,"href":"https:\/\/radiopoloniawinnipeg.com\/index.php\/wp-json\/wp\/v2\/categories?post=8738"},{"taxonomy":"post_tag","embeddable":true,"href":"https:\/\/radiopoloniawinnipeg.com\/index.php\/wp-json\/wp\/v2\/tags?post=8738"}],"curies":[{"name":"wp","href":"https:\/\/api.w.org\/{rel}","templated":true}]}}