{"id":8742,"date":"2026-04-28T10:15:05","date_gmt":"2026-04-28T14:15:05","guid":{"rendered":"https:\/\/radiopoloniawinnipeg.com\/index.php\/2026\/04\/28\/carney-zaklada-narodowy-fundusz-inwestycyjny-kanady\/"},"modified":"2026-04-28T10:15:05","modified_gmt":"2026-04-28T14:15:05","slug":"carney-zaklada-narodowy-fundusz-inwestycyjny-kanady","status":"publish","type":"post","link":"https:\/\/radiopoloniawinnipeg.com\/index.php\/2026\/04\/28\/carney-zaklada-narodowy-fundusz-inwestycyjny-kanady\/","title":{"rendered":"Carney zak\u0142ada narodowy fundusz inwestycyjny Kanady"},"content":{"rendered":"<div id=\"attachment_242474\" style=\"width: 646px\" class=\"wp-caption aligncenter\"><img decoding=\"async\" loading=\"lazy\" aria-describedby=\"caption-attachment-242474\" class=\"size-custom-full-size wp-image-242474\" src=\"https:\/\/bejsment.com\/wp-content\/uploads\/2026\/04\/aapremiercarney-636x423.jpg\" alt=\"\" width=\"636\" height=\"423\" \/><\/p>\n<p id=\"caption-attachment-242474\" class=\"wp-caption-text\">Mark Carney<\/p>\n<\/div>\n<p><strong>Premier Mark Carney og\u0142osi\u0142 utworzenie pierwszego w historii Kanady funduszu maj\u0105tku narodowego. Canada Strong Fund ma s\u0142u\u017cy\u0107 finansowaniu du\u017cych projekt\u00f3w infrastrukturalnych i przemys\u0142owych oraz umo\u017cliwi\u0107 obywatelom bezpo\u015brednie inwestowanie w rozw\u00f3j kraju.<\/strong><\/p>\n<p>Fundusz ma dysponowa\u0107 pocz\u0105tkowym kapita\u0142em w wysoko\u015bci 25 mld dolar\u00f3w i inwestowa\u0107 w takie obszary jak energetyka, infrastruktura, g\u00f3rnictwo, rolnictwo i technologie. Projekty b\u0119d\u0105 realizowane we wsp\u00f3\u0142pracy z sektorem prywatnym, a \u2013 jak zapowiedzia\u0142 Carney \u2013 tak\u017ce indywidualni Kanadyjczycy b\u0119d\u0105 mogli lokowa\u0107 w nim \u015brodki, podobnie jak w obligacjach rz\u0105dowych.<\/p>\n<p>Premier okre\u015bli\u0142 nowy instrument jako \u201ekrajowy rachunek oszcz\u0119dno\u015bciowo-inwestycyjny\u201d oraz \u201efundusz ludowy\u201d, podkre\u015blaj\u0105c, \u017ce wypracowane zyski b\u0119d\u0105 reinwestowane, by zwi\u0119ksza\u0107 potencja\u0142 kolejnych przedsi\u0119wzi\u0119\u0107. Jako przyk\u0142ad wskaza\u0142 budow\u0119 Canadian Pacific Railway \u2013 projektu, kt\u00f3ry przyni\u00f3s\u0142 d\u0142ugofalowe korzy\u015bci ca\u0142emu pa\u0144stwu.<\/p>\n<p>Canada Strong Fund ma funkcjonowa\u0107 jako niezale\u017cna sp\u00f3\u0142ka skarbu pa\u0144stwa. Rz\u0105d zapowiada konsultacje dotycz\u0105ce jego ostatecznej konstrukcji.<\/p>\n<p>Pomys\u0142 budzi jednak w\u0105tpliwo\u015bci opozycji. Lider konserwatyst\u00f3w Pierre Poilievre oceni\u0142, \u017ce fundusze tego typu s\u0105 zwykle finansowane z nadwy\u017cek bud\u017cetowych, kt\u00f3rych Kanada obecnie nie ma. \u2013 To raczej fundusz d\u0142ugu pa\u0144stwowego \u2013 stwierdzi\u0142.<\/p>\n<p>Eksperci zwracaj\u0105 uwag\u0119, \u017ce finansowanie inwestycji poprzez zad\u0142u\u017cenie zwi\u0119ksza presj\u0119 na ich rentowno\u015b\u0107. Alex Laurin z Instytutu CD Howe podkre\u015bli\u0142, \u017ce fundusz b\u0119dzie musia\u0142 generowa\u0107 zyski wy\u017csze ni\u017c koszt obs\u0142ugi d\u0142ugu, a niekt\u00f3re projekty mog\u0105 przynosi\u0107 efekty dopiero po wielu latach.<\/p>\n<p>Carney przekonuje jednak, \u017ce inicjatywa wpisuje si\u0119 w d\u0142ugofalow\u0105 strategi\u0119 budowy suwerenno\u015bci gospodarczej i przyci\u0105gania inwestycji. Doda\u0142 te\u017c, \u017ce szczeg\u00f3\u0142y finansowania zostan\u0105 przedstawione w zapowiadanym raporcie gospodarczym, kt\u00f3ry \u2013 jak zapewnia \u2013 przyniesie \u201edobre wiadomo\u015bci\u201d dla finans\u00f3w pa\u0144stwa.<\/p>\n","protected":false},"excerpt":{"rendered":"<p>Mark Carney Premier Mark Carney og\u0142osi\u0142 utworzenie pierwszego w historii Kanady funduszu maj\u0105tku narodowego. Canada Strong Fund ma s\u0142u\u017cy\u0107 finansowaniu du\u017cych projekt\u00f3w infrastrukturalnych i przemys\u0142owych&hellip;<\/p>\n","protected":false},"author":3,"featured_media":8743,"comment_status":"open","ping_status":"open","sticky":false,"template":"","format":"standard","meta":{"footnotes":""},"categories":[12,18],"tags":[],"class_list":["post-8742","post","type-post","status-publish","format-standard","has-post-thumbnail","hentry","category-kanada","category-top-news"],"_links":{"self":[{"href":"https:\/\/radiopoloniawinnipeg.com\/index.php\/wp-json\/wp\/v2\/posts\/8742","targetHints":{"allow":["GET"]}}],"collection":[{"href":"https:\/\/radiopoloniawinnipeg.com\/index.php\/wp-json\/wp\/v2\/posts"}],"about":[{"href":"https:\/\/radiopoloniawinnipeg.com\/index.php\/wp-json\/wp\/v2\/types\/post"}],"author":[{"embeddable":true,"href":"https:\/\/radiopoloniawinnipeg.com\/index.php\/wp-json\/wp\/v2\/users\/3"}],"replies":[{"embeddable":true,"href":"https:\/\/radiopoloniawinnipeg.com\/index.php\/wp-json\/wp\/v2\/comments?post=8742"}],"version-history":[{"count":0,"href":"https:\/\/radiopoloniawinnipeg.com\/index.php\/wp-json\/wp\/v2\/posts\/8742\/revisions"}],"wp:featuredmedia":[{"embeddable":true,"href":"https:\/\/radiopoloniawinnipeg.com\/index.php\/wp-json\/wp\/v2\/media\/8743"}],"wp:attachment":[{"href":"https:\/\/radiopoloniawinnipeg.com\/index.php\/wp-json\/wp\/v2\/media?parent=8742"}],"wp:term":[{"taxonomy":"category","embeddable":true,"href":"https:\/\/radiopoloniawinnipeg.com\/index.php\/wp-json\/wp\/v2\/categories?post=8742"},{"taxonomy":"post_tag","embeddable":true,"href":"https:\/\/radiopoloniawinnipeg.com\/index.php\/wp-json\/wp\/v2\/tags?post=8742"}],"curies":[{"name":"wp","href":"https:\/\/api.w.org\/{rel}","templated":true}]}}