{"id":8744,"date":"2026-04-28T10:15:10","date_gmt":"2026-04-28T14:15:10","guid":{"rendered":"https:\/\/radiopoloniawinnipeg.com\/index.php\/2026\/04\/28\/andrzej-poczobut-na-wolnosci-wymiana-wiezniow-na-granicy-z-bialorusia\/"},"modified":"2026-04-28T10:15:10","modified_gmt":"2026-04-28T14:15:10","slug":"andrzej-poczobut-na-wolnosci-wymiana-wiezniow-na-granicy-z-bialorusia","status":"publish","type":"post","link":"https:\/\/radiopoloniawinnipeg.com\/index.php\/2026\/04\/28\/andrzej-poczobut-na-wolnosci-wymiana-wiezniow-na-granicy-z-bialorusia\/","title":{"rendered":"Andrzej Poczobut na wolno\u015bci. Wymiana wi\u0119\u017ani\u00f3w na granicy z Bia\u0142orusi\u0105"},"content":{"rendered":"<p><img decoding=\"async\" loading=\"lazy\" class=\"aligncenter size-custom-full-size wp-image-242467\" src=\"https:\/\/bejsment.com\/wp-content\/uploads\/2026\/04\/aapoczobottusk-636x358.jpg\" alt=\"\" width=\"636\" height=\"358\" \/><\/p>\n<p><strong>\u201eAndrzej Poczobut wolny! Witaj w polskim domu, Przyjacielu\u201d \u2013 napisa\u0142 Donald Tusk, potwierdzaj\u0105c uwolnienie opozycjonisty. Informacji tej towarzysz\u0105 doniesienia o wymianie wi\u0119\u017ani\u00f3w mi\u0119dzy Polska a Bia\u0142oru\u015b w formule \u201e5 za 5\u201d.<\/strong><\/p>\n<p>Wed\u0142ug pa\u0144stwowej agencji BelTA operacja by\u0142a efektem wielomiesi\u0119cznych, tajnych negocjacji prowadzonych od wrze\u015bnia 2025 roku z udzia\u0142em s\u0142u\u017cb specjalnych kilku pa\u0144stw. W proces zaanga\u017cowane by\u0142y m.in. s\u0142u\u017cby Bia\u0142orusi i Polski, a tak\u017ce \u2013 jak podano \u2013 instytucje z siedmiu kraj\u00f3w.<\/p>\n<p>\u201eBior\u0105c pod uwag\u0119 osobist\u0105 pro\u015bb\u0119 do prezydenta Bia\u0142orusi matki Andrzeja Poczobuta oraz And\u017celiki Borys (szefowa nieuznawanego przez bia\u0142oruskie w\u0142adze Zwi\u0105zku Polak\u00f3w na Bia\u0142orusi &#8211; red.), g\u0142owa pa\u0144stwa poleci\u0142a KGB w\u0142\u0105czy\u0107 skazanego do tego procesu wymiany&#8221; &#8211; przekaza\u0142a BelTA.<\/p>\n<p>W ramach porozumienia bia\u0142oruskie w\u0142adze uwolni\u0142y dziesi\u0119ciu obywateli r\u00f3\u017cnych pa\u0144stw, w tym Andrzej Poczobut.<\/p>\n<p>Premier Tusk podkre\u015bli\u0142, \u017ce uwolnienie Poczobuta to fina\u0142 dwuletnich dzia\u0142a\u0144 dyplomatycznych, prowadzonych przy wsparciu partner\u00f3w mi\u0119dzynarodowych, w tym Stan\u00f3w Zjednoczonych.<\/p>\n<p>Poczobut, dziennikarz i dzia\u0142acz polskiej mniejszo\u015bci na Bia\u0142orusi, zosta\u0142 zatrzymany w marcu 2021 roku. W 2023 roku skazano go na osiem lat kolonii karnej o zaostrzonym rygorze. Organizacje praw cz\u0142owieka uzna\u0142y go za wi\u0119\u017ania politycznego.<\/p>\n","protected":false},"excerpt":{"rendered":"<p>\u201eAndrzej Poczobut wolny! Witaj w polskim domu, Przyjacielu\u201d \u2013 napisa\u0142 Donald Tusk, potwierdzaj\u0105c uwolnienie opozycjonisty. Informacji tej towarzysz\u0105 doniesienia o wymianie wi\u0119\u017ani\u00f3w mi\u0119dzy Polska a&hellip;<\/p>\n","protected":false},"author":3,"featured_media":8745,"comment_status":"open","ping_status":"open","sticky":false,"template":"","format":"standard","meta":{"footnotes":""},"categories":[14,18],"tags":[],"class_list":["post-8744","post","type-post","status-publish","format-standard","has-post-thumbnail","hentry","category-polska","category-top-news"],"_links":{"self":[{"href":"https:\/\/radiopoloniawinnipeg.com\/index.php\/wp-json\/wp\/v2\/posts\/8744","targetHints":{"allow":["GET"]}}],"collection":[{"href":"https:\/\/radiopoloniawinnipeg.com\/index.php\/wp-json\/wp\/v2\/posts"}],"about":[{"href":"https:\/\/radiopoloniawinnipeg.com\/index.php\/wp-json\/wp\/v2\/types\/post"}],"author":[{"embeddable":true,"href":"https:\/\/radiopoloniawinnipeg.com\/index.php\/wp-json\/wp\/v2\/users\/3"}],"replies":[{"embeddable":true,"href":"https:\/\/radiopoloniawinnipeg.com\/index.php\/wp-json\/wp\/v2\/comments?post=8744"}],"version-history":[{"count":0,"href":"https:\/\/radiopoloniawinnipeg.com\/index.php\/wp-json\/wp\/v2\/posts\/8744\/revisions"}],"wp:featuredmedia":[{"embeddable":true,"href":"https:\/\/radiopoloniawinnipeg.com\/index.php\/wp-json\/wp\/v2\/media\/8745"}],"wp:attachment":[{"href":"https:\/\/radiopoloniawinnipeg.com\/index.php\/wp-json\/wp\/v2\/media?parent=8744"}],"wp:term":[{"taxonomy":"category","embeddable":true,"href":"https:\/\/radiopoloniawinnipeg.com\/index.php\/wp-json\/wp\/v2\/categories?post=8744"},{"taxonomy":"post_tag","embeddable":true,"href":"https:\/\/radiopoloniawinnipeg.com\/index.php\/wp-json\/wp\/v2\/tags?post=8744"}],"curies":[{"name":"wp","href":"https:\/\/api.w.org\/{rel}","templated":true}]}}