{"id":8750,"date":"2026-04-28T14:15:06","date_gmt":"2026-04-28T18:15:06","guid":{"rendered":"https:\/\/radiopoloniawinnipeg.com\/index.php\/2026\/04\/28\/kim-dzong-un-dokreca-srube-dane-o-egzekucjach-zatrwazaja\/"},"modified":"2026-04-28T14:15:06","modified_gmt":"2026-04-28T18:15:06","slug":"kim-dzong-un-dokreca-srube-dane-o-egzekucjach-zatrwazaja","status":"publish","type":"post","link":"https:\/\/radiopoloniawinnipeg.com\/index.php\/2026\/04\/28\/kim-dzong-un-dokreca-srube-dane-o-egzekucjach-zatrwazaja\/","title":{"rendered":"Kim Dzong Un dokr\u0119ca \u015brub\u0119. Dane o egzekucjach zatrwa\u017caj\u0105"},"content":{"rendered":"<div id=\"attachment_242479\" style=\"width: 646px\" class=\"wp-caption aligncenter\"><img decoding=\"async\" loading=\"lazy\" aria-describedby=\"caption-attachment-242479\" class=\"size-custom-full-size wp-image-242479\" src=\"https:\/\/bejsment.com\/wp-content\/uploads\/2026\/04\/aakimdzongun-636x358.jpg\" alt=\"\" width=\"636\" height=\"358\" \/><\/p>\n<p id=\"caption-attachment-242479\" class=\"wp-caption-text\">Bezwzgl\u0119dny dyktator Korei P\u00f3\u0142nocnej Kim Dzong Un<\/p>\n<\/div>\n<p><strong>W Korei P\u00f3\u0142nocnej znacz\u0105co wzros\u0142a liczba egzekucji w ostatnich latach \u2013 wynika z raportu po\u0142udniowokorea\u0144skiej organizacji Transitional Justice Working Group, cytowanego przez agencj\u0119 Reuters. W latach 2020\u20132024 odnotowano 60 egzekucji, w kt\u00f3rych zgin\u0119\u0142o 148 os\u00f3b. Dla por\u00f3wnania, w okresie 2015\u20132020 by\u0142o to 41 przypadk\u00f3w.<\/strong><\/p>\n<p>Ustalenia raportu oparto na wywiadach z 880 uciekinierami oraz analizie zdj\u0119\u0107 satelitarnych miejsc strace\u0144. Autorzy podkre\u015blaj\u0105, \u017ce dane mog\u0105 by\u0107 niepe\u0142ne, jednak wskazuj\u0105 na wyra\u017any trend zaostrzenia represji.<\/p>\n<p>Najwi\u0119cej egzekucji dotyczy\u0142o narusze\u0144 zakaz\u00f3w zwi\u0105zanych z obc\u0105 kultur\u0105 i religi\u0105, w tym ogl\u0105dania po\u0142udniowokorea\u0144skich film\u00f3w czy s\u0142uchania muzyki z Korei Po\u0142udniowej. Przed pandemi\u0105 dominuj\u0105c\u0105 przyczyn\u0105 wyrok\u00f3w \u015bmierci by\u0142y przest\u0119pstwa kryminalne, takie jak morderstwa.<\/p>\n<p>Wyra\u017anie wzros\u0142a r\u00f3wnie\u017c liczba egzekucji za przest\u0119pstwa polityczne \u2013 z czterech w latach 2015\u20132020 do 28 w ostatnim okresie. Zdaniem ekspert\u00f3w by\u0142o to zwi\u0105zane z pr\u00f3bami t\u0142umienia sprzeciwu przez przyw\u00f3dc\u0119 Kim Dzong Una w czasie pandemii i izolacji kraju.<\/p>\n<p>Jak podkre\u015bli\u0142 dyrektor organizacji Hubert Lee, egzekucje za \u201enaruszenia kulturowe\u201d odbywa\u0142y si\u0119 ju\u017c nie tylko przy granicy z Chinami, ale tak\u017ce w g\u0142\u0119bi kraju, co mo\u017ce \u015bwiadczy\u0107 o rosn\u0105cym zasi\u0119gu zagranicznych tre\u015bci.<\/p>\n<p>Cho\u0107 od 2023 roku Pjongjang stopniowo \u0142agodzi restrykcje i przywraca cz\u0119\u015b\u0107 po\u0142\u0105cze\u0144 z zagranic\u0105, liczba uciekinier\u00f3w pozostaje niska. W 2025 roku wynios\u0142a 223 osoby wobec 1275 w 2015 roku.<\/p>\n<p>Eksperci ostrzegaj\u0105, \u017ce sytuacja mo\u017ce si\u0119 jeszcze zaostrzy\u0107 w zwi\u0105zku z mo\u017cliw\u0105 sukcesj\u0105 w\u0142adzy przez c\u00f3rk\u0119 dyktatora, Kim Ju Ae.<\/p>\n","protected":false},"excerpt":{"rendered":"<p>Bezwzgl\u0119dny dyktator Korei P\u00f3\u0142nocnej Kim Dzong Un W Korei P\u00f3\u0142nocnej znacz\u0105co wzros\u0142a liczba egzekucji w ostatnich latach \u2013 wynika z raportu po\u0142udniowokorea\u0144skiej organizacji Transitional Justice&hellip;<\/p>\n","protected":false},"author":3,"featured_media":8751,"comment_status":"open","ping_status":"open","sticky":false,"template":"","format":"standard","meta":{"footnotes":""},"categories":[15,18],"tags":[],"class_list":["post-8750","post","type-post","status-publish","format-standard","has-post-thumbnail","hentry","category-swiat","category-top-news"],"_links":{"self":[{"href":"https:\/\/radiopoloniawinnipeg.com\/index.php\/wp-json\/wp\/v2\/posts\/8750","targetHints":{"allow":["GET"]}}],"collection":[{"href":"https:\/\/radiopoloniawinnipeg.com\/index.php\/wp-json\/wp\/v2\/posts"}],"about":[{"href":"https:\/\/radiopoloniawinnipeg.com\/index.php\/wp-json\/wp\/v2\/types\/post"}],"author":[{"embeddable":true,"href":"https:\/\/radiopoloniawinnipeg.com\/index.php\/wp-json\/wp\/v2\/users\/3"}],"replies":[{"embeddable":true,"href":"https:\/\/radiopoloniawinnipeg.com\/index.php\/wp-json\/wp\/v2\/comments?post=8750"}],"version-history":[{"count":0,"href":"https:\/\/radiopoloniawinnipeg.com\/index.php\/wp-json\/wp\/v2\/posts\/8750\/revisions"}],"wp:featuredmedia":[{"embeddable":true,"href":"https:\/\/radiopoloniawinnipeg.com\/index.php\/wp-json\/wp\/v2\/media\/8751"}],"wp:attachment":[{"href":"https:\/\/radiopoloniawinnipeg.com\/index.php\/wp-json\/wp\/v2\/media?parent=8750"}],"wp:term":[{"taxonomy":"category","embeddable":true,"href":"https:\/\/radiopoloniawinnipeg.com\/index.php\/wp-json\/wp\/v2\/categories?post=8750"},{"taxonomy":"post_tag","embeddable":true,"href":"https:\/\/radiopoloniawinnipeg.com\/index.php\/wp-json\/wp\/v2\/tags?post=8750"}],"curies":[{"name":"wp","href":"https:\/\/api.w.org\/{rel}","templated":true}]}}