{"id":8756,"date":"2026-04-29T07:30:07","date_gmt":"2026-04-29T11:30:07","guid":{"rendered":"https:\/\/radiopoloniawinnipeg.com\/index.php\/2026\/04\/29\/nowacka-w-tarapatach-nauczyciele-maja-dosc\/"},"modified":"2026-04-29T07:30:07","modified_gmt":"2026-04-29T11:30:07","slug":"nowacka-w-tarapatach-nauczyciele-maja-dosc","status":"publish","type":"post","link":"https:\/\/radiopoloniawinnipeg.com\/index.php\/2026\/04\/29\/nowacka-w-tarapatach-nauczyciele-maja-dosc\/","title":{"rendered":"Nowacka w tarapatach. Nauczyciele maj\u0105 do\u015b\u0107"},"content":{"rendered":"<div id=\"attachment_242546\" style=\"width: 646px\" class=\"wp-caption aligncenter\"><img decoding=\"async\" loading=\"lazy\" aria-describedby=\"caption-attachment-242546\" class=\"size-custom-full-size wp-image-242546\" src=\"https:\/\/bejsment.com\/wp-content\/uploads\/2026\/04\/aanowacka-636x478.jpg\" alt=\"\" width=\"636\" height=\"478\" \/><\/p>\n<p id=\"caption-attachment-242546\" class=\"wp-caption-text\">Barbara Nowacka, minister edukacji<\/p>\n<\/div>\n<p><strong>Nauczyciele alarmuj\u0105, \u017ce ich wynagrodzenia nie nad\u0105\u017caj\u0105 za rosn\u0105cymi kosztami \u017cycia i zapowiadaj\u0105 szerok\u0105 akcj\u0119 protestacyjn\u0105 jesieni\u0105. Zwi\u0105zkowcy nie wykluczaj\u0105 strajku, kt\u00f3ry m\u00f3g\u0142by sparali\u017cowa\u0107 prac\u0119 szk\u00f3\u0142.<\/strong><\/p>\n<p>W 2024 roku pensje w o\u015bwiacie wzros\u0142y o 30 proc., jednak w kolejnym roku podwy\u017cka wynios\u0142a ju\u017c tylko 5 proc., a na 2026 rok zaplanowano zaledwie 3 proc. Z rozporz\u0105dzenia podpisanego przez minister edukacji narodowej Barbar\u0119 Nowack\u0105 oraz minister rodziny, pracy i polityki spo\u0142ecznej Agnieszk\u0119 Dziemianowicz-B\u0105k wynika, \u017ce minimalne wynagrodzenie zasadnicze nauczycieli wzro\u015bnie o 151\u2013186 z\u0142 brutto.<\/p>\n<p>Zdaniem nauczycieli to zdecydowanie za ma\u0142o. Podkre\u015blaj\u0105, \u017ce wcze\u015bniejsze podwy\u017cki zosta\u0142y szybko \u201ezjedzone\u201d przez inflacj\u0119, a obecne propozycje nie poprawiaj\u0105 realnie ich sytuacji finansowej. \u2013 Mam ju\u017c do\u015b\u0107 s\u0142uchania o 30-procentowej podwy\u017cce, skoro p\u00f3\u017aniej wzrost by\u0142 symboliczny \u2013 m\u00f3wi jedna z nauczycielek cytowana przez \u201eDziennik Gazet\u0119 Prawn\u0105\u201d.<\/p>\n<p>Jak informuje dziennik, zwi\u0105zki zawodowe planuj\u0105 wsp\u00f3lny protest, tak\u017ce z o\u015bwiatow\u0105 \u201eSolidarno\u015bci\u0105\u201d. By\u0142aby to najwi\u0119ksza akcja od 2019 roku.<\/p>\n<p>Odnosz\u0105c si\u0119 do postulat\u00f3w p\u0142acowych, Barbara Nowacka przyzna\u0142a, \u017ce nauczyciele powinni zarabia\u0107 wi\u0119cej. Por\u00f3wna\u0142a ich jednak do influencer\u00f3w, wskazuj\u0105c, \u017ce pe\u0142ni\u0105 wa\u017cn\u0105 rol\u0119 spo\u0142eczn\u0105 i wp\u0142ywaj\u0105 na m\u0142ode pokolenie.<\/p>\n","protected":false},"excerpt":{"rendered":"<p>Barbara Nowacka, minister edukacji Nauczyciele alarmuj\u0105, \u017ce ich wynagrodzenia nie nad\u0105\u017caj\u0105 za rosn\u0105cymi kosztami \u017cycia i zapowiadaj\u0105 szerok\u0105 akcj\u0119 protestacyjn\u0105 jesieni\u0105. Zwi\u0105zkowcy nie wykluczaj\u0105 strajku,&hellip;<\/p>\n","protected":false},"author":3,"featured_media":8757,"comment_status":"open","ping_status":"open","sticky":false,"template":"","format":"standard","meta":{"footnotes":""},"categories":[14,18],"tags":[],"class_list":["post-8756","post","type-post","status-publish","format-standard","has-post-thumbnail","hentry","category-polska","category-top-news"],"_links":{"self":[{"href":"https:\/\/radiopoloniawinnipeg.com\/index.php\/wp-json\/wp\/v2\/posts\/8756","targetHints":{"allow":["GET"]}}],"collection":[{"href":"https:\/\/radiopoloniawinnipeg.com\/index.php\/wp-json\/wp\/v2\/posts"}],"about":[{"href":"https:\/\/radiopoloniawinnipeg.com\/index.php\/wp-json\/wp\/v2\/types\/post"}],"author":[{"embeddable":true,"href":"https:\/\/radiopoloniawinnipeg.com\/index.php\/wp-json\/wp\/v2\/users\/3"}],"replies":[{"embeddable":true,"href":"https:\/\/radiopoloniawinnipeg.com\/index.php\/wp-json\/wp\/v2\/comments?post=8756"}],"version-history":[{"count":0,"href":"https:\/\/radiopoloniawinnipeg.com\/index.php\/wp-json\/wp\/v2\/posts\/8756\/revisions"}],"wp:featuredmedia":[{"embeddable":true,"href":"https:\/\/radiopoloniawinnipeg.com\/index.php\/wp-json\/wp\/v2\/media\/8757"}],"wp:attachment":[{"href":"https:\/\/radiopoloniawinnipeg.com\/index.php\/wp-json\/wp\/v2\/media?parent=8756"}],"wp:term":[{"taxonomy":"category","embeddable":true,"href":"https:\/\/radiopoloniawinnipeg.com\/index.php\/wp-json\/wp\/v2\/categories?post=8756"},{"taxonomy":"post_tag","embeddable":true,"href":"https:\/\/radiopoloniawinnipeg.com\/index.php\/wp-json\/wp\/v2\/tags?post=8756"}],"curies":[{"name":"wp","href":"https:\/\/api.w.org\/{rel}","templated":true}]}}