{"id":8760,"date":"2026-04-29T12:15:06","date_gmt":"2026-04-29T16:15:06","guid":{"rendered":"https:\/\/radiopoloniawinnipeg.com\/index.php\/2026\/04\/29\/byly-prezydent-korei-poludniowej-skazany-na-7-lat-wiezienia\/"},"modified":"2026-04-29T12:15:06","modified_gmt":"2026-04-29T16:15:06","slug":"byly-prezydent-korei-poludniowej-skazany-na-7-lat-wiezienia","status":"publish","type":"post","link":"https:\/\/radiopoloniawinnipeg.com\/index.php\/2026\/04\/29\/byly-prezydent-korei-poludniowej-skazany-na-7-lat-wiezienia\/","title":{"rendered":"By\u0142y prezydent Korei Po\u0142udniowej skazany na 7 lat wi\u0119zienia"},"content":{"rendered":"<div id=\"attachment_242563\" style=\"width: 646px\" class=\"wp-caption aligncenter\"><img decoding=\"async\" loading=\"lazy\" aria-describedby=\"caption-attachment-242563\" class=\"wp-image-242563 size-custom-full-size\" src=\"https:\/\/bejsment.com\/wp-content\/uploads\/2026\/04\/aaJunSukJeolzzona-636x358.jpg\" alt=\"\" width=\"636\" height=\"358\" \/><\/p>\n<p id=\"caption-attachment-242563\" class=\"wp-caption-text\">By\u0142y prezydent Korei Po\u0142udniowej Jun Suk Jeol i jego \u017cona Kim Keon Hi<\/p>\n<\/div>\n<p><strong>By\u0142y prezydent Korei Po\u0142udniowej Jun Suk Jeol zosta\u0142 skazany przez s\u0105d apelacyjny w Seulu na siedem lat wi\u0119zienia za utrudnianie dzia\u0142a\u0144 wymiaru sprawiedliwo\u015bci oraz nadu\u017cycie w\u0142adzy. Sprawa dotyczy wydarze\u0144 z 2024 roku, gdy polityk pr\u00f3bowa\u0142 wprowadzi\u0107 stan wojenny.<\/strong><\/p>\n<p>S\u0105d uzna\u0142, \u017ce Jun Suk Jeol nie tylko utrudnia\u0142 wykonanie nakaz\u00f3w aresztowania, ale tak\u017ce wydawa\u0142 nielegalne polecenia funkcjonariuszom ochrony prezydenckiej, pr\u00f3buj\u0105c wykorzysta\u0107 ich do w\u0142asnych cel\u00f3w. W uzasadnieniu wskazano r\u00f3wnie\u017c na dzia\u0142ania naruszaj\u0105ce konstytucj\u0119, m.in. zwo\u0142anie posiedzenia rz\u0105du w niepe\u0142nym sk\u0142adzie oraz rozpowszechnianie w mediach wprowadzaj\u0105cych w b\u0142\u0105d komunikat\u00f3w.<\/p>\n<p>Stan wojenny zosta\u0142 og\u0142oszony w grudniu 2024 roku podczas telewizyjnego or\u0119dzia, w kt\u00f3rym prezydent m\u00f3wi\u0142 o zagro\u017ceniu ze strony Korei P\u00f3\u0142nocnej i \u201esi\u0142 antypa\u0144stwowych\u201d. Decyzj\u0119 uchylono ju\u017c po kilku godzinach podczas nadzwyczajnego posiedzenia parlamentu.<\/p>\n<p>To kolejny wyrok wobec by\u0142ego przyw\u00f3dcy. Wcze\u015bniej zosta\u0142 on skazany na pi\u0119\u0107 lat wi\u0119zienia za blokowanie w\u0142asnego zatrzymania, a obecnie odbywa ju\u017c kar\u0119 do\u017cywocia za kierowanie zamachem stanu. \u0141\u0105cznie wobec polityka toczy si\u0119 osiem post\u0119powa\u0144 karnych.<\/p>\n<p>Obrona zapowiedzia\u0142a odwo\u0142anie do S\u0105du Najwy\u017cszego. Tymczasem prokuratura domaga si\u0119 kolejnych kar \u2013 w jednym z proces\u00f3w wnios\u0142a o 30 lat wi\u0119zienia za dzia\u0142ania na rzecz wroga, w tym wys\u0142anie dron\u00f3w nad terytorium Korei P\u00f3\u0142nocnej.<\/p>\n<p>W wi\u0119zieniu przebywa tak\u017ce by\u0142a pierwsza dama Kim Keon Hi, kt\u00f3r\u0105 s\u0105d apelacyjny skaza\u0142 na cztery lata pozbawienia wolno\u015bci za oszustwa gie\u0142dowe i przyj\u0119cie korzy\u015bci maj\u0105tkowej.<\/p>\n","protected":false},"excerpt":{"rendered":"<p>By\u0142y prezydent Korei Po\u0142udniowej Jun Suk Jeol i jego \u017cona Kim Keon Hi By\u0142y prezydent Korei Po\u0142udniowej Jun Suk Jeol zosta\u0142 skazany przez s\u0105d apelacyjny&hellip;<\/p>\n","protected":false},"author":3,"featured_media":8761,"comment_status":"open","ping_status":"open","sticky":false,"template":"","format":"standard","meta":{"footnotes":""},"categories":[15,18],"tags":[],"class_list":["post-8760","post","type-post","status-publish","format-standard","has-post-thumbnail","hentry","category-swiat","category-top-news"],"_links":{"self":[{"href":"https:\/\/radiopoloniawinnipeg.com\/index.php\/wp-json\/wp\/v2\/posts\/8760","targetHints":{"allow":["GET"]}}],"collection":[{"href":"https:\/\/radiopoloniawinnipeg.com\/index.php\/wp-json\/wp\/v2\/posts"}],"about":[{"href":"https:\/\/radiopoloniawinnipeg.com\/index.php\/wp-json\/wp\/v2\/types\/post"}],"author":[{"embeddable":true,"href":"https:\/\/radiopoloniawinnipeg.com\/index.php\/wp-json\/wp\/v2\/users\/3"}],"replies":[{"embeddable":true,"href":"https:\/\/radiopoloniawinnipeg.com\/index.php\/wp-json\/wp\/v2\/comments?post=8760"}],"version-history":[{"count":0,"href":"https:\/\/radiopoloniawinnipeg.com\/index.php\/wp-json\/wp\/v2\/posts\/8760\/revisions"}],"wp:featuredmedia":[{"embeddable":true,"href":"https:\/\/radiopoloniawinnipeg.com\/index.php\/wp-json\/wp\/v2\/media\/8761"}],"wp:attachment":[{"href":"https:\/\/radiopoloniawinnipeg.com\/index.php\/wp-json\/wp\/v2\/media?parent=8760"}],"wp:term":[{"taxonomy":"category","embeddable":true,"href":"https:\/\/radiopoloniawinnipeg.com\/index.php\/wp-json\/wp\/v2\/categories?post=8760"},{"taxonomy":"post_tag","embeddable":true,"href":"https:\/\/radiopoloniawinnipeg.com\/index.php\/wp-json\/wp\/v2\/tags?post=8760"}],"curies":[{"name":"wp","href":"https:\/\/api.w.org\/{rel}","templated":true}]}}