{"id":8764,"date":"2026-04-29T14:15:06","date_gmt":"2026-04-29T18:15:06","guid":{"rendered":"https:\/\/radiopoloniawinnipeg.com\/index.php\/2026\/04\/29\/uroczysty-pogrzeb-lukasza-litewki\/"},"modified":"2026-04-29T14:15:06","modified_gmt":"2026-04-29T18:15:06","slug":"uroczysty-pogrzeb-lukasza-litewki","status":"publish","type":"post","link":"https:\/\/radiopoloniawinnipeg.com\/index.php\/2026\/04\/29\/uroczysty-pogrzeb-lukasza-litewki\/","title":{"rendered":"Uroczysty pogrzeb \u0141ukasza Litewki"},"content":{"rendered":"<div id=\"attachment_242570\" style=\"width: 646px\" class=\"wp-caption aligncenter\"><img decoding=\"async\" loading=\"lazy\" aria-describedby=\"caption-attachment-242570\" class=\"wp-image-242570 size-custom-full-size\" src=\"https:\/\/bejsment.com\/wp-content\/uploads\/2026\/04\/aapogrzeb2-636x358.jpg\" alt=\"\" width=\"636\" height=\"358\" \/><\/p>\n<p id=\"caption-attachment-242570\" class=\"wp-caption-text\">Biskup Artur Wa\u017cny o \u0141ukaszu Litewce: rzuci\u0142 ziarno dobra<\/p>\n<\/div>\n<p><strong>W Sosnowcu odby\u0142y si\u0119 uroczysto\u015bci pogrzebowe tragicznie zmar\u0142ego pos\u0142a Lewicy \u0141ukasza Litewki. Ceremonia mia\u0142a charakter pa\u0144stwowy i zgromadzi\u0142a najwa\u017cniejsze osoby w pa\u0144stwie, w tym premiera Donalda Tuska oraz prezydenta Karola Nawrockiego z ma\u0142\u017conk\u0105 Mart\u0105 Nawrock\u0105.<\/strong><\/p>\n<p>Msza \u017ca\u0142obna rozpocz\u0119\u0142a si\u0119 o godz. 13.30 w ko\u015bciele pw. \u015bw. Joachima. Przewodniczy\u0142 jej biskup sosnowiecki Artur Wa\u017cny, kt\u00f3ry w homilii podkre\u015bla\u0142 empati\u0119 i spo\u0142eczne zaanga\u017cowanie zmar\u0142ego. \u015awi\u0105tyni\u0119 i jej okolice wype\u0142ni\u0142y t\u0142umy mieszka\u0144c\u00f3w; wielu \u017cegnaj\u0105cych mia\u0142o \u0142zy w oczach, a trumn\u0119 witano oklaskami.<\/p>\n<p>Zgodnie z wol\u0105 rodziny uroczysto\u015bci mia\u0142y ograniczony charakter \u2013 bez udzia\u0142u medi\u00f3w i oficjalnych przem\u00f3wie\u0144. W ceremonii uczestniczyli najbli\u017csi oraz zaproszeni go\u015bcie, w tym marsza\u0142ek Sejmu W\u0142odzimierz Czarzasty, wicepremier Krzysztof Gawkowski, wicemarsza\u0142ek Senatu Magdalena Biejat oraz szefowa klubu Lewicy Anna Maria \u017bukowska.<\/p>\n<p>Prezydent Karol Nawrocki odznaczy\u0142 po\u015bmiertnie \u0141ukasza Litewk\u0119 Krzy\u017cem Oficerskim Orderu Odrodzenia Polski. Odznaczenie odebra\u0142 ojciec zmar\u0142ego, Zdzis\u0142aw Litewka. Po mszy kondukt \u017ca\u0142obny przeszed\u0142 ulicami miasta na cmentarz parafialny przy ul. Zuzanny, gdzie odby\u0142a si\u0119 dalsza, ju\u017c prywatna cz\u0119\u015b\u0107 ceremonii.<\/p>\n<p>\u0141ukasz Litewka zgin\u0105\u0142 w ubieg\u0142ym tygodniu w wypadku drogowym w D\u0105browie G\u00f3rniczej. 36-letni polityk by\u0142 znany z dzia\u0142alno\u015bci spo\u0142ecznej i charytatywnej. Jego fundacja TeamLitewka wspiera\u0142a m.in. leczenie dzieci oraz pomoc zwierz\u0119tom. Bliscy zaapelowali, by zamiast kwiat\u00f3w podejmowa\u0107 gesty dobroci na rzecz potrzebuj\u0105cych.<\/p>\n","protected":false},"excerpt":{"rendered":"<p>Biskup Artur Wa\u017cny o \u0141ukaszu Litewce: rzuci\u0142 ziarno dobra W Sosnowcu odby\u0142y si\u0119 uroczysto\u015bci pogrzebowe tragicznie zmar\u0142ego pos\u0142a Lewicy \u0141ukasza Litewki. Ceremonia mia\u0142a charakter pa\u0144stwowy&hellip;<\/p>\n","protected":false},"author":3,"featured_media":8765,"comment_status":"open","ping_status":"open","sticky":false,"template":"","format":"standard","meta":{"footnotes":""},"categories":[14,18],"tags":[],"class_list":["post-8764","post","type-post","status-publish","format-standard","has-post-thumbnail","hentry","category-polska","category-top-news"],"_links":{"self":[{"href":"https:\/\/radiopoloniawinnipeg.com\/index.php\/wp-json\/wp\/v2\/posts\/8764","targetHints":{"allow":["GET"]}}],"collection":[{"href":"https:\/\/radiopoloniawinnipeg.com\/index.php\/wp-json\/wp\/v2\/posts"}],"about":[{"href":"https:\/\/radiopoloniawinnipeg.com\/index.php\/wp-json\/wp\/v2\/types\/post"}],"author":[{"embeddable":true,"href":"https:\/\/radiopoloniawinnipeg.com\/index.php\/wp-json\/wp\/v2\/users\/3"}],"replies":[{"embeddable":true,"href":"https:\/\/radiopoloniawinnipeg.com\/index.php\/wp-json\/wp\/v2\/comments?post=8764"}],"version-history":[{"count":0,"href":"https:\/\/radiopoloniawinnipeg.com\/index.php\/wp-json\/wp\/v2\/posts\/8764\/revisions"}],"wp:featuredmedia":[{"embeddable":true,"href":"https:\/\/radiopoloniawinnipeg.com\/index.php\/wp-json\/wp\/v2\/media\/8765"}],"wp:attachment":[{"href":"https:\/\/radiopoloniawinnipeg.com\/index.php\/wp-json\/wp\/v2\/media?parent=8764"}],"wp:term":[{"taxonomy":"category","embeddable":true,"href":"https:\/\/radiopoloniawinnipeg.com\/index.php\/wp-json\/wp\/v2\/categories?post=8764"},{"taxonomy":"post_tag","embeddable":true,"href":"https:\/\/radiopoloniawinnipeg.com\/index.php\/wp-json\/wp\/v2\/tags?post=8764"}],"curies":[{"name":"wp","href":"https:\/\/api.w.org\/{rel}","templated":true}]}}