{"id":8766,"date":"2026-04-29T15:30:05","date_gmt":"2026-04-29T19:30:05","guid":{"rendered":"https:\/\/radiopoloniawinnipeg.com\/index.php\/2026\/04\/29\/ottawa-wiecej-pieniedzy-w-budzecie-ale-rosna-obawy\/"},"modified":"2026-04-29T15:30:05","modified_gmt":"2026-04-29T19:30:05","slug":"ottawa-wiecej-pieniedzy-w-budzecie-ale-rosna-obawy","status":"publish","type":"post","link":"https:\/\/radiopoloniawinnipeg.com\/index.php\/2026\/04\/29\/ottawa-wiecej-pieniedzy-w-budzecie-ale-rosna-obawy\/","title":{"rendered":"Ottawa: wi\u0119cej pieni\u0119dzy w bud\u017cecie, ale rosn\u0105 obawy"},"content":{"rendered":"<div id=\"attachment_242575\" style=\"width: 646px\" class=\"wp-caption aligncenter\"><img decoding=\"async\" loading=\"lazy\" aria-describedby=\"caption-attachment-242575\" class=\"size-custom-full-size wp-image-242575\" src=\"https:\/\/bejsment.com\/wp-content\/uploads\/2026\/04\/aapremierminister-636x477.jpg\" alt=\"\" width=\"636\" height=\"477\" \/><\/p>\n<p id=\"caption-attachment-242575\" class=\"wp-caption-text\">Premier Mark Carney i minister finans\u00f3w i dochod\u00f3w narodowych Francois-Philippe Champagne udaj\u0105 si\u0119 do Izby Gmin przed z\u0142o\u017ceniem wiosennego raportu gospodarczego.<\/p>\n<\/div>\n<p><strong>Rz\u0105d federalny Kanady przekonuje, \u017ce korzysta z wy\u017cszych ni\u017c oczekiwano dochod\u00f3w bud\u017cetowych i przeznacza je na wsparcie gospodarstw domowych oraz rozw\u00f3j gospodarki. W przedstawionej w Ottawie wiosennej aktualizacji gospodarczej pojawiaj\u0105 si\u0119 jednak tak\u017ce ostrze\u017cenia dotycz\u0105ce rosn\u0105cej niepewno\u015bci globalnej. <\/strong><\/p>\n<p>Minister finans\u00f3w Fran\u00e7ois-Philippe Champagne zaprezentowa\u0142 dokument \u201eCanada Strong For All\u201d, obejmuj\u0105cy m.in. 54,5 mld dolar\u00f3w nowych koszt\u00f3w od czasu bud\u017cetu na 2025 rok. Dzi\u0119ki wy\u017cszym wp\u0142ywom i ograniczeniom wydatk\u00f3w w innych obszarach nowe wydatki netto wynios\u0105 37,5 mld dolar\u00f3w.<\/p>\n<p>Rz\u0105d szacuje, \u017ce deficyt za ubieg\u0142y rok wyni\u00f3s\u0142 66,9 mld dolar\u00f3w, czyli o ponad 11 mld mniej ni\u017c pierwotnie zak\u0142adano. Tak\u017ce w kolejnych latach ma on by\u0107 nieco ni\u017cszy od wcze\u015bniejszych prognoz.<\/p>\n<p>Mimo poprawy bie\u017c\u0105cych wynik\u00f3w gospodarczych Ottawa ostrzega przed ryzykiem spowolnienia wzrostu. Niepewno\u015b\u0107 zwi\u0105zana z wojn\u0105 na Bliskim Wschodzie oraz ameryka\u0144skimi taryfami celnymi mo\u017ce ograniczy\u0107 inwestycje, eksport i konsumpcj\u0119. Ekonomi\u015bci przewiduj\u0105 wzrost PKB na poziomie 1,1 proc. w tym roku i 1,9 proc. w przysz\u0142ym.<\/p>\n<p>Zdaniem analityk\u00f3w, w tym Randalla Bartletta z Desjardins, wi\u0119kszo\u015b\u0107 ryzyk przechyla si\u0119 obecnie w stron\u0119 spadk\u00f3w. Jednocze\u015bnie rz\u0105d kontynuuje programy wsparcia, m.in. podwy\u017cszone \u015bwiadczenia GST oraz czasowe zawieszenie podatku akcyzowego od paliw.<\/p>\n<p>Lider konserwatyst\u00f3w Pierre Poilievre wezwa\u0142 do ograniczenia wydatk\u00f3w i zr\u00f3wnowa\u017cenia bud\u017cetu. Obecne plany zak\u0142adaj\u0105 jednak utrzymywanie deficytu i jego stopniowe zmniejszanie do oko\u0142o 53,2 mld dolar\u00f3w w latach 2030\u20132031.<\/p>\n<p>Rz\u0105d zapowiada tak\u017ce inwestycje w szkolenia zawodowe i projekty infrastrukturalne, a premier Mark Carney proponuje utworzenie funduszu maj\u0105tku narodowego o warto\u015bci 25 mld dolar\u00f3w, kt\u00f3ry ma wspiera\u0107 rozw\u00f3j gospodarczy kraju.<\/p>\n","protected":false},"excerpt":{"rendered":"<p>Premier Mark Carney i minister finans\u00f3w i dochod\u00f3w narodowych Francois-Philippe Champagne udaj\u0105 si\u0119 do Izby Gmin przed z\u0142o\u017ceniem wiosennego raportu gospodarczego. Rz\u0105d federalny Kanady przekonuje,&hellip;<\/p>\n","protected":false},"author":3,"featured_media":8767,"comment_status":"open","ping_status":"open","sticky":false,"template":"","format":"standard","meta":{"footnotes":""},"categories":[12,18],"tags":[],"class_list":["post-8766","post","type-post","status-publish","format-standard","has-post-thumbnail","hentry","category-kanada","category-top-news"],"_links":{"self":[{"href":"https:\/\/radiopoloniawinnipeg.com\/index.php\/wp-json\/wp\/v2\/posts\/8766","targetHints":{"allow":["GET"]}}],"collection":[{"href":"https:\/\/radiopoloniawinnipeg.com\/index.php\/wp-json\/wp\/v2\/posts"}],"about":[{"href":"https:\/\/radiopoloniawinnipeg.com\/index.php\/wp-json\/wp\/v2\/types\/post"}],"author":[{"embeddable":true,"href":"https:\/\/radiopoloniawinnipeg.com\/index.php\/wp-json\/wp\/v2\/users\/3"}],"replies":[{"embeddable":true,"href":"https:\/\/radiopoloniawinnipeg.com\/index.php\/wp-json\/wp\/v2\/comments?post=8766"}],"version-history":[{"count":0,"href":"https:\/\/radiopoloniawinnipeg.com\/index.php\/wp-json\/wp\/v2\/posts\/8766\/revisions"}],"wp:featuredmedia":[{"embeddable":true,"href":"https:\/\/radiopoloniawinnipeg.com\/index.php\/wp-json\/wp\/v2\/media\/8767"}],"wp:attachment":[{"href":"https:\/\/radiopoloniawinnipeg.com\/index.php\/wp-json\/wp\/v2\/media?parent=8766"}],"wp:term":[{"taxonomy":"category","embeddable":true,"href":"https:\/\/radiopoloniawinnipeg.com\/index.php\/wp-json\/wp\/v2\/categories?post=8766"},{"taxonomy":"post_tag","embeddable":true,"href":"https:\/\/radiopoloniawinnipeg.com\/index.php\/wp-json\/wp\/v2\/tags?post=8766"}],"curies":[{"name":"wp","href":"https:\/\/api.w.org\/{rel}","templated":true}]}}