{"id":877,"date":"2025-04-22T08:30:03","date_gmt":"2025-04-22T12:30:03","guid":{"rendered":"https:\/\/radiopoloniawinnipeg.com\/index.php\/2025\/04\/22\/donald-trump-wezmie-udzial-w-pogrzebie-papieza-franciszka\/"},"modified":"2025-04-22T08:30:03","modified_gmt":"2025-04-22T12:30:03","slug":"donald-trump-wezmie-udzial-w-pogrzebie-papieza-franciszka","status":"publish","type":"post","link":"https:\/\/radiopoloniawinnipeg.com\/index.php\/2025\/04\/22\/donald-trump-wezmie-udzial-w-pogrzebie-papieza-franciszka\/","title":{"rendered":"Donald Trump we\u017amie udzia\u0142 w pogrzebie papie\u017ca Franciszka"},"content":{"rendered":"<p>Na pogrzeb papie\u017ca Donald Trump przyjedzie wraz z \u017con\u0105 Melani\u0105 Prezydent Stan\u00f3w Zjednoczonych Donald Trump poinformowa\u0142, \u017ce wraz z ma\u0142\u017conk\u0105 uda si\u0119 do Watykanu na pogrzeb papie\u017ca Franciszka. Deklaracj\u0119 z\u0142o\u017cy\u0142 za po\u015brednictwem portalu Truth Social. Wed\u0142ug komunikatu Biura Prasowego Watykanu, uroczysto\u015bci pogrzebowe odb\u0119d\u0105 si\u0119 mi\u0119dzy pi\u0105tkiem a niedziel\u0105. Ostateczny termin zostanie ustalony podczas pierwszej kongregacji kardyna\u0142\u00f3w. Zgodnie z przepisami zawartymi w konstytucji apostolskiej Universi Dominici Gregis z 1996 roku, pogrzeb papie\u017ca powinien si\u0119 odby\u0107 mi\u0119dzy czwartym a sz\u00f3stym dniem po jego \u015bmierci. Jak podaj\u0105 \u015bwiatowe media, najbardziej prawdopodobn\u0105 dat\u0105 uroczysto\u015bci \u017ca\u0142obnych jest sobota, 26 kwietnia. Udzia\u0142 w pogrzebie papie\u017ca g\u0142\u00f3w pa\u0144stw to tradycja. Przypomnijmy, \u017ce w 2005 roku \u00f3wczesny prezydent USA George W. Bush i jego \u017cona Laura wzi\u0119li udzia\u0142 w pogrzebie \u015bw. Jana Paw\u0142a II. Dla przypomnienia tym, kt\u00f3rzy jeszcze nie czytali &#8211; Papie\u017c Franciszek zmar\u0142 w poniedzia\u0142ek o godzinie 7:35. Jorge Mario Bergoglio mia\u0142 88 lat. Urz\u0105d Biskupa Rzymu sprawowa\u0142 od marca 2013 roku. W poniedzia\u0142ek o godzinie 20:00 rozpocz\u0105\u0142 si\u0119 tradycyjny rytua\u0142 stwierdzenia zgonu papie\u017ca i z\u0142o\u017cenia jego cia\u0142a do trumny. Ceremonii przewodniczy\u0142 kardyna\u0142 Farrell. Zgodnie ze zwyczajem, kamerling trzykrotnie wywo\u0142a\u0142 zmar\u0142ego po imieniu i delikatnie uderzy\u0142 srebrnym m\u0142otkiem w jego czo\u0142o. Po trzecim wezwaniu og\u0142osi\u0142 oficjalnie \u015bmier\u0107 papie\u017ca. Na podst. KAI<\/p>\n","protected":false},"excerpt":{"rendered":"<p>Na pogrzeb papie\u017ca Donald Trump przyjedzie wraz z \u017con\u0105 Melani\u0105 Prezydent Stan\u00f3w Zjednoczonych Donald Trump poinformowa\u0142, \u017ce wraz z ma\u0142\u017conk\u0105 uda si\u0119 do Watykanu na&hellip;<\/p>\n","protected":false},"author":3,"featured_media":878,"comment_status":"open","ping_status":"open","sticky":false,"template":"","format":"standard","meta":{"footnotes":""},"categories":[15,18],"tags":[],"class_list":["post-877","post","type-post","status-publish","format-standard","has-post-thumbnail","hentry","category-swiat","category-top-news"],"_links":{"self":[{"href":"https:\/\/radiopoloniawinnipeg.com\/index.php\/wp-json\/wp\/v2\/posts\/877","targetHints":{"allow":["GET"]}}],"collection":[{"href":"https:\/\/radiopoloniawinnipeg.com\/index.php\/wp-json\/wp\/v2\/posts"}],"about":[{"href":"https:\/\/radiopoloniawinnipeg.com\/index.php\/wp-json\/wp\/v2\/types\/post"}],"author":[{"embeddable":true,"href":"https:\/\/radiopoloniawinnipeg.com\/index.php\/wp-json\/wp\/v2\/users\/3"}],"replies":[{"embeddable":true,"href":"https:\/\/radiopoloniawinnipeg.com\/index.php\/wp-json\/wp\/v2\/comments?post=877"}],"version-history":[{"count":0,"href":"https:\/\/radiopoloniawinnipeg.com\/index.php\/wp-json\/wp\/v2\/posts\/877\/revisions"}],"wp:featuredmedia":[{"embeddable":true,"href":"https:\/\/radiopoloniawinnipeg.com\/index.php\/wp-json\/wp\/v2\/media\/878"}],"wp:attachment":[{"href":"https:\/\/radiopoloniawinnipeg.com\/index.php\/wp-json\/wp\/v2\/media?parent=877"}],"wp:term":[{"taxonomy":"category","embeddable":true,"href":"https:\/\/radiopoloniawinnipeg.com\/index.php\/wp-json\/wp\/v2\/categories?post=877"},{"taxonomy":"post_tag","embeddable":true,"href":"https:\/\/radiopoloniawinnipeg.com\/index.php\/wp-json\/wp\/v2\/tags?post=877"}],"curies":[{"name":"wp","href":"https:\/\/api.w.org\/{rel}","templated":true}]}}