{"id":8770,"date":"2026-04-29T17:15:04","date_gmt":"2026-04-29T21:15:04","guid":{"rendered":"https:\/\/radiopoloniawinnipeg.com\/index.php\/2026\/04\/29\/uniwersytet-na-krancu-swiata\/"},"modified":"2026-04-29T17:15:04","modified_gmt":"2026-04-29T21:15:04","slug":"uniwersytet-na-krancu-swiata","status":"publish","type":"post","link":"https:\/\/radiopoloniawinnipeg.com\/index.php\/2026\/04\/29\/uniwersytet-na-krancu-swiata\/","title":{"rendered":"Uniwersytet na kra\u0144cu \u015bwiata"},"content":{"rendered":"<div id=\"attachment_242404\" style=\"width: 646px\" class=\"wp-caption aligncenter\"><img decoding=\"async\" loading=\"lazy\" aria-describedby=\"caption-attachment-242404\" class=\"size-custom-full-size wp-image-242404\" src=\"https:\/\/bejsment.com\/wp-content\/uploads\/2026\/04\/aaburmistrzarviat-636x358.jpg\" alt=\"\" width=\"636\" height=\"358\" \/><\/p>\n<p id=\"caption-attachment-242404\" class=\"wp-caption-text\">Joe Savikataaq Jr., burmistrz Arviat w Nunavut, wskazuje na mapie obszar, na kt\u00f3rym powstanie g\u0142\u00f3wny kampus Uniwersytetu Nunangat Inuit\u00f3w.<\/p>\n<\/div>\n<p><strong>Na zachodnim brzegu Zatoki Hudsona, w niewielkiej spo\u0142eczno\u015bci Arviat, gdzie wiatr niesie s\u0142owa w j\u0119zyku inuktitut, a codzienno\u015b\u0107 wci\u0105\u017c toczy si\u0119 rytmem tradycji, zaczyna si\u0119 co\u015b, co mo\u017ce zmieni\u0107 histori\u0119 ca\u0142ego regionu. <\/strong><\/p>\n<p>Jeszcze dzi\u015b to miejsce zamieszkuje oko\u0142o 3200 os\u00f3b. Ju\u017c wkr\u00f3tce ma sta\u0107 si\u0119 sercem pierwszego w Kanadzie uniwersytetu prowadzonego przez Inuit\u00f3w \u2014 Inuit Nunangat University.<\/p>\n<p>Zanim jednak pojawi\u0105 si\u0119 pierwsi studenci, wyk\u0142adowcy i pierwsze zaj\u0119cia, do Arviat rusz\u0105 ci\u0119\u017car\u00f3wki. Tego lata ma ich by\u0107 a\u017c 1800 \u2014 ka\u017cda wype\u0142niona \u017cwirem potrzebnym do budowy kampusu i akademika. To pocz\u0105tek procesu, kt\u00f3ry ma doprowadzi\u0107 do otwarcia uczelni w 2030 roku.<\/p>\n<p>Dla mieszka\u0144c\u00f3w to nie tylko inwestycja. To co\u015b znacznie wi\u0119cej.<\/p>\n<p>\u2013 Kiedy patrz\u0119 na dzieci id\u0105ce ulic\u0105 do szko\u0142y, my\u015bl\u0119, \u017ce teraz b\u0119d\u0105 mog\u0142y i\u015b\u0107 na uniwersytet, nie opuszczaj\u0105c domu \u2013 m\u00f3wi burmistrz Joe Savikataaq Jr..<\/p>\n<div id=\"attachment_242403\" style=\"width: 646px\" class=\"wp-caption aligncenter\"><img decoding=\"async\" loading=\"lazy\" aria-describedby=\"caption-attachment-242403\" class=\"size-custom-full-size wp-image-242403\" src=\"https:\/\/bejsment.com\/wp-content\/uploads\/2026\/04\/aaarviatmlodziez-636x469.jpg\" alt=\"\" width=\"636\" height=\"469\" \/><\/p>\n<p id=\"caption-attachment-242403\" class=\"wp-caption-text\">M\u0142odzie\u017c na uroczysto\u015bci w Arviat z okazji podania oficjalnej wiadomo\u015bci o tym, \u017ce spo\u0142eczno\u015b\u0107 b\u0119dzie siedzib\u0105 uniwersytetu. Nosz\u0105 przypinki z napisem \u201ePrzysz\u0142y Absolwent\u201d.<\/p>\n<\/div>\n<p>Te s\u0142owa brzmi\u0105 prosto, ale w tej cz\u0119\u015bci \u015bwiata maj\u0105 szczeg\u00f3ln\u0105 wag\u0119. Edukacja wy\u017csza przez lata oznacza\u0142a konieczno\u015b\u0107 wyjazdu \u2014 cz\u0119sto daleko, cz\u0119sto na zawsze.<\/p>\n<h3><strong>\u015awi\u0119to naukowego awansu<\/strong><\/h3>\n<div id=\"attachment_242401\" style=\"width: 646px\" class=\"wp-caption aligncenter\"><img decoding=\"async\" loading=\"lazy\" aria-describedby=\"caption-attachment-242401\" class=\"size-custom-full-size wp-image-242401\" src=\"https:\/\/bejsment.com\/wp-content\/uploads\/2026\/04\/aatanieczbebnami-636x419.jpg\" alt=\"\" width=\"636\" height=\"419\" \/><\/p>\n<p id=\"caption-attachment-242401\" class=\"wp-caption-text\">Ernie Eetak wykonuje taniec z b\u0119bnami z okazji wyboru Arviat na siedzib\u0119 Uniwersytetu Inuit Nunangat.<\/p>\n<\/div>\n<p>W czwartek w Mark Kalluak Hall, lokalnej sali spotka\u0144, odby\u0142o si\u0119 \u015bwi\u0119to. Oficjalnie og\u0142oszono, \u017ce to w\u0142a\u015bnie Arviat b\u0119dzie gospodarzem nowej uczelni.<\/p>\n<div id=\"attachment_242402\" style=\"width: 646px\" class=\"wp-caption aligncenter\"><img decoding=\"async\" loading=\"lazy\" aria-describedby=\"caption-attachment-242402\" class=\"size-custom-full-size wp-image-242402\" src=\"https:\/\/bejsment.com\/wp-content\/uploads\/2026\/04\/aamieszkancyavriat-636x372.jpg\" alt=\"\" width=\"636\" height=\"372\" \/><\/p>\n<p id=\"caption-attachment-242402\" class=\"wp-caption-text\">Mieszka\u0144cy Arviat ciesz\u0105 si\u0119 z awansu swojej miejscowo\u015bci<\/p>\n<\/div>\n<p>Na sto\u0142ach pojawi\u0142y si\u0119 tradycyjne potrawy \u2014 ryby i mi\u0119so karibu. Rozleg\u0142y si\u0119 b\u0119bny. Ta\u0144czono, \u015bmiano si\u0119, rozmawiano. By\u0142o to \u015bwi\u0119to wsp\u00f3lnoty \u2014 i przysz\u0142o\u015bci.<\/p>\n<p>W\u015br\u00f3d go\u015bci by\u0142 Natan Obed, przewodnicz\u0105cy Inuit Tapiriit Kanatami \u2014 organizacji reprezentuj\u0105cej Inuit\u00f3w w ca\u0142ej Kanadzie i g\u0142\u00f3wnej si\u0142y nap\u0119dowej projektu.<\/p>\n<div id=\"attachment_242399\" style=\"width: 646px\" class=\"wp-caption aligncenter\"><img decoding=\"async\" loading=\"lazy\" aria-describedby=\"caption-attachment-242399\" class=\"size-custom-full-size wp-image-242399\" src=\"https:\/\/bejsment.com\/wp-content\/uploads\/2026\/04\/aanatanobed-636x427.jpg\" alt=\"\" width=\"636\" height=\"427\" \/><\/p>\n<p id=\"caption-attachment-242399\" class=\"wp-caption-text\">Natan Obed, prezes Inuit Tapiriit Kanatami, uda\u0142 si\u0119 do Arviat, aby zwiedzi\u0107 spo\u0142eczno\u015b\u0107 i teren, na kt\u00f3rym powstanie Uniwersytet Inuit Nunangat. ITK reprezentuje Inuit\u00f3w w ca\u0142ej Kanadzie i jest si\u0142\u0105 nap\u0119dow\u0105 uniwersytetu.<\/p>\n<\/div>\n<p>\u2013 Rozmawiamy o tym od dziesi\u0119cioleci \u2013 powiedzia\u0142. \u2013 To trwa\u0142o bardzo d\u0142ugo.<\/p>\n<p>Bo idea by\u0142a prosta, ale wymagaj\u0105ca: stworzy\u0107 uczelni\u0119, kt\u00f3ra nie tylko uczy, ale tak\u017ce chroni i rozwija kultur\u0119 Inuit\u00f3w.<\/p>\n<p>Dla wielu mieszka\u0144c\u00f3w wyb\u00f3r Arviat nie by\u0142 zaskoczeniem. Spo\u0142eczno\u015b\u0107 od pocz\u0105tku wierzy\u0142a, \u017ce to w\u0142a\u015bnie ona powinna zosta\u0107 gospodarzem uczelni.<\/p>\n<p>\u2013 Kiedy pojawi\u0142o si\u0119 og\u0142oszenie, zg\u0142osili\u015bmy si\u0119 od razu \u2013 wspomina burmistrz. \u2013 A potem zacz\u0119\u0142y si\u0119 konsultacje. Sto procent os\u00f3b by\u0142o za.<\/p>\n<p>Za t\u0105 decyzj\u0105 sta\u0142o co\u015b wi\u0119cej ni\u017c entuzjazm. Trzeba by\u0142o udowodni\u0107, \u017ce ma\u0142a arktyczna spo\u0142eczno\u015b\u0107 jest gotowa na wielk\u0105 zmian\u0119.<\/p>\n<p>Sprawdzano wszystko: dost\u0119p do energii, stan pasa startowego, infrastruktur\u0119 wodn\u0105, gospodark\u0119 odpadami. Analizowano, czy Arviat poradzi sobie z nap\u0142ywem nowych mieszka\u0144c\u00f3w.<\/p>\n<p>Bo wraz z uniwersytetem ma tu przyjecha\u0107 oko\u0142o 500 os\u00f3b \u2014 studenci, wyk\u0142adowcy i ich rodziny.<\/p>\n<p>Jednym z kluczowych warunk\u00f3w by\u0142o co\u015b, czego nie da si\u0119 zmierzy\u0107 tabel\u0105 ani wykresem.<\/p>\n<h3><strong>J\u0119zyk<\/strong><\/h3>\n<p>\u2013 Idziesz ulic\u0105 i s\u0142yszysz inuktitut. W domu, w radiu, wsz\u0119dzie \u2013 m\u00f3wi Savikataaq. \u2013 Ten j\u0119zyk tutaj wci\u0105\u017c \u017cyje.<\/p>\n<p>I w\u0142a\u015bnie dlatego Arviat wygra\u0142o.<\/p>\n<p>Uniwersytet ma by\u0107 miejscem, gdzie wiedza akademicka spotyka si\u0119 z tradycyjn\u0105 wiedz\u0105 Inuit\u00f3w \u2014 Inuit Qauyimayatuqangit. Gdzie nauka nie odcina od korzeni, lecz je wzmacnia.<\/p>\n<p>Jak podkre\u015bla Obed, nie chodzi tylko o kierunki studi\u00f3w.<\/p>\n<p>\u2013 To b\u0119dzie nauka ca\u0142ej osoby. J\u0119zyka, kultury, spo\u0142ecze\u0144stwa. To nasza suwerenno\u015b\u0107.<\/p>\n<h3><strong>Projekt jest ambitny \u2014 i kosztowny. <\/strong><\/h3>\n<p>Do tej pory uda\u0142o si\u0119 zebra\u0107 oko\u0142o 160 milion\u00f3w dolar\u00f3w.<\/p>\n<p>Wsparcie zadeklarowa\u0142y m.in. Fundacja Mastercard, organizacja Nunavut Tunngavik Inc., rz\u0105d federalny Kanady oraz firma g\u00f3rnicza Agnico Eagle.<\/p>\n<p>Ale nawet te liczby nie oddaj\u0105 skali przedsi\u0119wzi\u0119cia.<\/p>\n<div id=\"attachment_242400\" style=\"width: 646px\" class=\"wp-caption aligncenter\"><img decoding=\"async\" loading=\"lazy\" aria-describedby=\"caption-attachment-242400\" class=\"size-custom-full-size wp-image-242400\" src=\"https:\/\/bejsment.com\/wp-content\/uploads\/2026\/04\/aajoekaretak-636x422.jpg\" alt=\"\" width=\"636\" height=\"422\" \/><\/p>\n<p id=\"caption-attachment-242400\" class=\"wp-caption-text\">Joe Karetak jest mieszka\u0144cem Arviat, kt\u00f3ry pracowa\u0142 w sektorze edukacji. Uczestniczy\u0142 w sesji informacyjnej, aby dowiedzie\u0107 si\u0119 wi\u0119cej o stanie projektu.<\/p>\n<\/div>\n<p>Bo dla wielu Inuit\u00f3w to co\u015b wi\u0119cej ni\u017c uczelnia.<\/p>\n<p>To odpowied\u017a na pytanie, kt\u00f3re powraca\u0142o przez pokolenia: czy mo\u017cna si\u0119 rozwija\u0107, nie trac\u0105c tego, kim si\u0119 jest?<\/p>\n<p>Kilka dni temu, podczas forum ONZ w Nowym Jorku, gubernator generalna Kanady Mary Simon powiedzia\u0142a:<\/p>\n<p>\u2013 To ogromny krok naprz\u00f3d. Daje m\u0142odym ludziom mo\u017cliwo\u015b\u0107 budowania przysz\u0142o\u015bci bez rezygnowania z w\u0142asnej to\u017csamo\u015bci.<\/p>\n<h3><strong>W Arviat ta przysz\u0142o\u015b\u0107 zaczyna si\u0119 ju\u017c teraz.<\/strong><\/h3>\n<div id=\"attachment_242398\" style=\"width: 646px\" class=\"wp-caption aligncenter\"><img decoding=\"async\" loading=\"lazy\" aria-describedby=\"caption-attachment-242398\" class=\"size-custom-full-size wp-image-242398\" src=\"https:\/\/bejsment.com\/wp-content\/uploads\/2026\/04\/aaburmistrzarviat2-636x425.jpg\" alt=\"\" width=\"636\" height=\"425\" \/><\/p>\n<p id=\"caption-attachment-242398\" class=\"wp-caption-text\">Burmistrz Arviat Joe Savikataaq Jr. stoi na terenie przysz\u0142ego Uniwersytetu Eskimos\u00f3w Nunangat.<\/p>\n<\/div>\n<p>Jeszcze nie ma budynk\u00f3w. Jeszcze nie ma student\u00f3w.<\/p>\n<p>Ale s\u0105 dzieci id\u0105ce ulic\u0105 \u2014 i pierwszy raz od dawna wiedz\u0105, \u017ce droga, kt\u00f3r\u0105 id\u0105, nie musi prowadzi\u0107 daleko od domu.<\/p>\n","protected":false},"excerpt":{"rendered":"<p>Joe Savikataaq Jr., burmistrz Arviat w Nunavut, wskazuje na mapie obszar, na kt\u00f3rym powstanie g\u0142\u00f3wny kampus Uniwersytetu Nunangat Inuit\u00f3w. Na zachodnim brzegu Zatoki Hudsona, w&hellip;<\/p>\n","protected":false},"author":3,"featured_media":8771,"comment_status":"open","ping_status":"open","sticky":false,"template":"","format":"standard","meta":{"footnotes":""},"categories":[12,18],"tags":[],"class_list":["post-8770","post","type-post","status-publish","format-standard","has-post-thumbnail","hentry","category-kanada","category-top-news"],"_links":{"self":[{"href":"https:\/\/radiopoloniawinnipeg.com\/index.php\/wp-json\/wp\/v2\/posts\/8770","targetHints":{"allow":["GET"]}}],"collection":[{"href":"https:\/\/radiopoloniawinnipeg.com\/index.php\/wp-json\/wp\/v2\/posts"}],"about":[{"href":"https:\/\/radiopoloniawinnipeg.com\/index.php\/wp-json\/wp\/v2\/types\/post"}],"author":[{"embeddable":true,"href":"https:\/\/radiopoloniawinnipeg.com\/index.php\/wp-json\/wp\/v2\/users\/3"}],"replies":[{"embeddable":true,"href":"https:\/\/radiopoloniawinnipeg.com\/index.php\/wp-json\/wp\/v2\/comments?post=8770"}],"version-history":[{"count":0,"href":"https:\/\/radiopoloniawinnipeg.com\/index.php\/wp-json\/wp\/v2\/posts\/8770\/revisions"}],"wp:featuredmedia":[{"embeddable":true,"href":"https:\/\/radiopoloniawinnipeg.com\/index.php\/wp-json\/wp\/v2\/media\/8771"}],"wp:attachment":[{"href":"https:\/\/radiopoloniawinnipeg.com\/index.php\/wp-json\/wp\/v2\/media?parent=8770"}],"wp:term":[{"taxonomy":"category","embeddable":true,"href":"https:\/\/radiopoloniawinnipeg.com\/index.php\/wp-json\/wp\/v2\/categories?post=8770"},{"taxonomy":"post_tag","embeddable":true,"href":"https:\/\/radiopoloniawinnipeg.com\/index.php\/wp-json\/wp\/v2\/tags?post=8770"}],"curies":[{"name":"wp","href":"https:\/\/api.w.org\/{rel}","templated":true}]}}