{"id":8788,"date":"2026-04-30T16:30:05","date_gmt":"2026-04-30T20:30:05","guid":{"rendered":"https:\/\/radiopoloniawinnipeg.com\/index.php\/2026\/04\/30\/trump-rozwaza-wycofanie-czesci-zolnierzy-z-ue\/"},"modified":"2026-04-30T16:30:05","modified_gmt":"2026-04-30T20:30:05","slug":"trump-rozwaza-wycofanie-czesci-zolnierzy-z-ue","status":"publish","type":"post","link":"https:\/\/radiopoloniawinnipeg.com\/index.php\/2026\/04\/30\/trump-rozwaza-wycofanie-czesci-zolnierzy-z-ue\/","title":{"rendered":"Trump rozwa\u017ca wycofanie cz\u0119\u015bci \u017co\u0142nierzy z UE"},"content":{"rendered":"<p><img decoding=\"async\" loading=\"lazy\" class=\"aligncenter size-custom-full-size wp-image-242654\" src=\"https:\/\/bejsment.com\/wp-content\/uploads\/2026\/04\/aatrumpdonald-636x478.jpg\" alt=\"\" width=\"636\" height=\"478\" \/><\/p>\n<p><strong>Po rozmowie z prezydentem Rosji W\u0142adimirem Putinem prezydent Stan\u00f3w Zjednoczonych Donald Trump przyzna\u0142, \u017ce rozwa\u017ca zmniejszenie liczby ameryka\u0144skich \u017co\u0142nierzy stacjonuj\u0105cych w Niemczech.<\/strong><\/p>\n<p>Jak poinformowa\u0142y rosyjskie media, p\u00f3\u0142toragodzinna rozmowa telefoniczna obu przyw\u00f3dc\u00f3w dotyczy\u0142a m.in. mo\u017cliwo\u015bci zawarcia rozejmu w wojnie w Ukrainie, sytuacji wok\u00f3\u0142 konfliktu z Iranem oraz potencjalnych projekt\u00f3w gospodarczych.<\/p>\n<p>Tego samego dnia Donald Trump odni\u00f3s\u0142 si\u0119 do obecno\u015bci wojskowej USA w Europie w o\u015bwiadczeniu opublikowanym w serwisie Truth Social.<\/p>\n<p>\u201eStany Zjednoczone analizuj\u0105 i rozwa\u017caj\u0105 mo\u017cliwe ograniczenie liczby \u017co\u0142nierzy w Niemczech, a decyzja zostanie podj\u0119ta w najbli\u017cszym czasie\u201d \u2014 napisa\u0142.<\/p>\n<p>Prezydent USA ujawni\u0142 r\u00f3wnie\u017c, \u017ce w trakcie rozmowy z W\u0142adimirem Putinem zaproponowa\u0142 \u201ema\u0142y rozejm\u201d w Ukrainie. Jak oceni\u0142, rosyjski przyw\u00f3dca mo\u017ce by\u0107 sk\u0142onny rozwa\u017cy\u0107 t\u0119 propozycj\u0119.<\/p>\n<p>\u201eOdbyli\u015bmy bardzo dobr\u0105 rozmow\u0119. My\u015bl\u0119, \u017ce stosunkowo szybko znajdziemy rozwi\u0105zanie tej wojny. Mam tak\u0105 nadziej\u0119\u201d \u2014 stwierdzi\u0142 Trump.<\/p>\n<p>Wed\u0142ug doniesie\u0144 \u201eThe Washington Post\u201d, powo\u0142uj\u0105cego si\u0119 na przedstawicieli administracji ameryka\u0144skiej, Donald Trump rozwa\u017ca zaproszenie W\u0142adimira Putina na szczyt pa\u0144stw grupy G20, kt\u00f3ry ma odby\u0107 si\u0119 w grudniu w Miami. Wysoki rang\u0105 przedstawiciel w\u0142adz USA zaznaczy\u0142 jednak, \u017ce oficjalne zaproszenia nie zosta\u0142y jeszcze wys\u0142ane, cho\u0107 Rosja \u2014 jako cz\u0142onek G20 \u2014 powinna zosta\u0107 uwzgl\u0119dniona zar\u00f3wno w spotkaniach ministerialnych, jak i w szczycie lider\u00f3w.<\/p>\n<p>Wcze\u015bniej wiceminister spraw zagranicznych Rosji Aleksandr Pankin informowa\u0142, \u017ce Moskwa zosta\u0142a zaproszona na szczyt G20 \u201ena najwy\u017cszym szczeblu\u201d. Doda\u0142, \u017ce decyzja o tym, kto b\u0119dzie reprezentowa\u0142 Rosj\u0119, zapadnie w p\u00f3\u017aniejszym terminie.<\/p>\n<p>Do tych informacji odni\u00f3s\u0142 si\u0119 sam Donald Trump, kt\u00f3ry w wypowiedzi dla medi\u00f3w w Gabinecie Owalnym przyzna\u0142, \u017ce nie ma wiedzy o formalnym zaproszeniu.<\/p>\n<p>\u2014 Gdyby W\u0142adimir Putin przyby\u0142, mog\u0142oby to by\u0107 bardzo pomocne \u2014 zaznaczy\u0142, dodaj\u0105c, \u017ce nie jest przekonany, czy do takiego spotkania rzeczywi\u015bcie dojdzie.<\/p>\n","protected":false},"excerpt":{"rendered":"<p>Po rozmowie z prezydentem Rosji W\u0142adimirem Putinem prezydent Stan\u00f3w Zjednoczonych Donald Trump przyzna\u0142, \u017ce rozwa\u017ca zmniejszenie liczby ameryka\u0144skich \u017co\u0142nierzy stacjonuj\u0105cych w Niemczech. Jak poinformowa\u0142y rosyjskie&hellip;<\/p>\n","protected":false},"author":3,"featured_media":8789,"comment_status":"open","ping_status":"open","sticky":false,"template":"","format":"standard","meta":{"footnotes":""},"categories":[15,18],"tags":[],"class_list":["post-8788","post","type-post","status-publish","format-standard","has-post-thumbnail","hentry","category-swiat","category-top-news"],"_links":{"self":[{"href":"https:\/\/radiopoloniawinnipeg.com\/index.php\/wp-json\/wp\/v2\/posts\/8788","targetHints":{"allow":["GET"]}}],"collection":[{"href":"https:\/\/radiopoloniawinnipeg.com\/index.php\/wp-json\/wp\/v2\/posts"}],"about":[{"href":"https:\/\/radiopoloniawinnipeg.com\/index.php\/wp-json\/wp\/v2\/types\/post"}],"author":[{"embeddable":true,"href":"https:\/\/radiopoloniawinnipeg.com\/index.php\/wp-json\/wp\/v2\/users\/3"}],"replies":[{"embeddable":true,"href":"https:\/\/radiopoloniawinnipeg.com\/index.php\/wp-json\/wp\/v2\/comments?post=8788"}],"version-history":[{"count":0,"href":"https:\/\/radiopoloniawinnipeg.com\/index.php\/wp-json\/wp\/v2\/posts\/8788\/revisions"}],"wp:featuredmedia":[{"embeddable":true,"href":"https:\/\/radiopoloniawinnipeg.com\/index.php\/wp-json\/wp\/v2\/media\/8789"}],"wp:attachment":[{"href":"https:\/\/radiopoloniawinnipeg.com\/index.php\/wp-json\/wp\/v2\/media?parent=8788"}],"wp:term":[{"taxonomy":"category","embeddable":true,"href":"https:\/\/radiopoloniawinnipeg.com\/index.php\/wp-json\/wp\/v2\/categories?post=8788"},{"taxonomy":"post_tag","embeddable":true,"href":"https:\/\/radiopoloniawinnipeg.com\/index.php\/wp-json\/wp\/v2\/tags?post=8788"}],"curies":[{"name":"wp","href":"https:\/\/api.w.org\/{rel}","templated":true}]}}