{"id":8790,"date":"2026-04-30T17:15:04","date_gmt":"2026-04-30T21:15:04","guid":{"rendered":"https:\/\/radiopoloniawinnipeg.com\/index.php\/2026\/04\/30\/spor-o-pozycje-iranu-w-onz-krytyka-rzadu-kanady\/"},"modified":"2026-04-30T17:15:04","modified_gmt":"2026-04-30T21:15:04","slug":"spor-o-pozycje-iranu-w-onz-krytyka-rzadu-kanady","status":"publish","type":"post","link":"https:\/\/radiopoloniawinnipeg.com\/index.php\/2026\/04\/30\/spor-o-pozycje-iranu-w-onz-krytyka-rzadu-kanady\/","title":{"rendered":"Sp\u00f3r o pozycj\u0119 Iranu w ONZ. Krytyka rz\u0105du Kanady"},"content":{"rendered":"<div id=\"attachment_242658\" style=\"width: 646px\" class=\"wp-caption aligncenter\"><img decoding=\"async\" loading=\"lazy\" aria-describedby=\"caption-attachment-242658\" class=\"wp-image-242658 size-custom-full-size\" src=\"https:\/\/bejsment.com\/wp-content\/uploads\/2026\/04\/aairandemo-636x424.jpg\" alt=\"\" width=\"636\" height=\"424\" \/><\/p>\n<p id=\"caption-attachment-242658\" class=\"wp-caption-text\">Demonstranci maszeruj\u0105 domagaj\u0105c si\u0119 zmiany re\u017cimu w Iranie podczas manifestacji w Richmond Hill w Ontario.<\/p>\n<\/div>\n<p><strong>Konserwatywni pos\u0142owie krytykuj\u0105 rz\u0105d premiera Marka Carneya za brak zdecydowanej reakcji wobec nominacji Iranu do dw\u00f3ch organ\u00f3w Organizacji Narod\u00f3w Zjednoczonych. Chodzi m.in. o funkcj\u0119 wiceprzewodnicz\u0105cego konferencji przegl\u0105dowej dotycz\u0105cej globalnego uk\u0142adu o nierozprzestrzenianiu broni j\u0105drowej (NPT).<\/strong><\/p>\n<p>W poniedzia\u0142ek Iran zosta\u0142 wskazany jako kandydat na to stanowisko w ramach miesi\u0119cznego przegl\u0105du funkcjonowania traktatu NPT. Kilka dni wcze\u015bniej, 27 kwietnia, podczas obrad Zgromadzenia Og\u00f3lnego ONZ, Stany Zjednoczone, Wielka Brytania, Niemcy, Francja, Australia oraz Zjednoczone Emiraty Arabskie wyrazi\u0142y sprzeciw wobec tej nominacji lub zdystansowa\u0142y si\u0119 od niej. Kanada nie zabra\u0142a w\u00f3wczas g\u0142osu.<\/p>\n<p>Do sprawy odnios\u0142a si\u0119 minister spraw zagranicznych Anita Anand, kt\u00f3ra we wtorek przedstawi\u0142a stanowisko rz\u0105du na Wzg\u00f3rzu Parlamentarnym. Podkre\u015bli\u0142a, \u017ce nie dosz\u0142o do formalnego g\u0142osowania, a przedstawiciele Kanady dwukrotnie zabierali g\u0142os, wyra\u017anie dystansuj\u0105c si\u0119 od w\u0142adz w Teheranie.<\/p>\n<p>\u2014 Rz\u0105d Kanady nie udziela \u017cadnego poparcia re\u017cimowi ira\u0144skiemu ani \u017cadnym stanowiskom kierowniczym, kt\u00f3re m\u00f3g\u0142by on obj\u0105\u0107 \u2014 zaznaczy\u0142a Anita Anand.<\/p>\n<p>Z przekazanych mediom materia\u0142\u00f3w wynika jednak, \u017ce Kanada nie zakwestionowa\u0142a wprost samej nominacji. W nagraniach udost\u0119pnionych przez Global Affairs Canada dyrektor polityczny resortu Richard Arbeiter odnosi\u0142 si\u0119 g\u0142\u00f3wnie do og\u00f3lnych kwestii zwi\u0105zanych z nierozprzestrzenianiem broni j\u0105drowej oraz dzia\u0142a\u0144 Iranu w rejonie Cie\u015bniny Ormuz.<\/p>\n<p>\u2014 Rozbrojenie nie mo\u017ce by\u0107 skuteczne, je\u015bli przestrzeganie zasad traktuje si\u0119 wybi\u00f3rczo \u2014 m\u00f3wi\u0142 Arbeiter podczas wyst\u0105pienia w Zgromadzeniu Og\u00f3lnym ONZ, wskazuj\u0105c na konsekwencje konfliktu wok\u00f3\u0142 ira\u0144skiego programu nuklearnego.<\/p>\n<p>Tego samego dnia, podczas posiedzenia Rady Bezpiecze\u0144stwa ONZ, odni\u00f3s\u0142 si\u0119 do blokady cie\u015bniny Ormuz oraz atak\u00f3w Iranu na pa\u0144stwa regionu, nie wspominaj\u0105c jednak o samej nominacji w ramach NPT.<\/p>\n<p>Kontrowersje dotycz\u0105 tak\u017ce wcze\u015bniejszej decyzji z 8 kwietnia, kiedy blok pa\u0144stw azjatyckich zg\u0142osi\u0142 kandydatur\u0119 Iranu do komitetu koordynacyjnego Rady Gospodarczej i Spo\u0142ecznej ONZ. Organ ten odgrywa kluczow\u0105 rol\u0119 w funkcjonowaniu program\u00f3w ONZ.<\/p>\n<p>Wed\u0142ug organizacji UN Watch &#8211; Kanada, podobnie jak wi\u0119kszo\u015b\u0107 jej sojusznik\u00f3w, nie sprzeciwi\u0142a si\u0119 tej nominacji. Jedynie delegacja Stan\u00f3w Zjednoczonych wyrazi\u0142a oficjalny sprzeciw.<\/p>\n<p>Sprawa by\u0142a wielokrotnie podnoszona w Izbie Gmin przez konserwatywnych parlamentarzyst\u00f3w, w tym Meliss\u0119 Lantsman i Vincenta Ho. W odpowiedzi rz\u0105d wskazywa\u0142, \u017ce w przypadku braku sprzeciwu wobec kandydatury nie dochodzi do g\u0142osowania.<\/p>\n<p>\u2014 G\u0142osowanie nad wyborem kandydat\u00f3w odb\u0119dzie si\u0119 w listopadzie w Zgromadzeniu Og\u00f3lnym ONZ \u2014 wyja\u015bni\u0142a 16 kwietnia sekretarz parlamentarna minister spraw zagranicznych Mona Fortier.<\/p>\n<p>Rz\u0105d podkre\u015bla, \u017ce wsp\u00f3\u0142pracuje z partnerami mi\u0119dzynarodowymi w celu przeciwdzia\u0142ania kandydaturom Iranu do struktur ONZ. Organizacja UN Watch twierdzi jednak, \u017ce Kanada mia\u0142a mo\u017cliwo\u015b\u0107 doprowadzenia do g\u0142osowania, lecz z niej nie skorzysta\u0142a.<\/p>\n<p>Krytycy udzia\u0142u Iranu w pracach ONZ wskazuj\u0105 na represje wobec demonstrant\u00f3w w tym kraju, dzia\u0142ania wobec diaspory oraz ataki na pa\u0144stwa regionu Zatoki Perskiej po rozpocz\u0119ciu operacji militarnych przez Stany Zjednoczone i Izrael.<\/p>\n<p>\u2014 Milczenie w tej sprawie dzia\u0142a na korzy\u015b\u0107 Iranu \u2014 powiedzia\u0142a Melissa Lantsman w Izbie Gmin, zarzucaj\u0105c rz\u0105dowi brak sp\u00f3jnej polityki wobec Teheranu.<\/p>\n","protected":false},"excerpt":{"rendered":"<p>Demonstranci maszeruj\u0105 domagaj\u0105c si\u0119 zmiany re\u017cimu w Iranie podczas manifestacji w Richmond Hill w Ontario. Konserwatywni pos\u0142owie krytykuj\u0105 rz\u0105d premiera Marka Carneya za brak zdecydowanej&hellip;<\/p>\n","protected":false},"author":3,"featured_media":8791,"comment_status":"open","ping_status":"open","sticky":false,"template":"","format":"standard","meta":{"footnotes":""},"categories":[12,18],"tags":[],"class_list":["post-8790","post","type-post","status-publish","format-standard","has-post-thumbnail","hentry","category-kanada","category-top-news"],"_links":{"self":[{"href":"https:\/\/radiopoloniawinnipeg.com\/index.php\/wp-json\/wp\/v2\/posts\/8790","targetHints":{"allow":["GET"]}}],"collection":[{"href":"https:\/\/radiopoloniawinnipeg.com\/index.php\/wp-json\/wp\/v2\/posts"}],"about":[{"href":"https:\/\/radiopoloniawinnipeg.com\/index.php\/wp-json\/wp\/v2\/types\/post"}],"author":[{"embeddable":true,"href":"https:\/\/radiopoloniawinnipeg.com\/index.php\/wp-json\/wp\/v2\/users\/3"}],"replies":[{"embeddable":true,"href":"https:\/\/radiopoloniawinnipeg.com\/index.php\/wp-json\/wp\/v2\/comments?post=8790"}],"version-history":[{"count":0,"href":"https:\/\/radiopoloniawinnipeg.com\/index.php\/wp-json\/wp\/v2\/posts\/8790\/revisions"}],"wp:featuredmedia":[{"embeddable":true,"href":"https:\/\/radiopoloniawinnipeg.com\/index.php\/wp-json\/wp\/v2\/media\/8791"}],"wp:attachment":[{"href":"https:\/\/radiopoloniawinnipeg.com\/index.php\/wp-json\/wp\/v2\/media?parent=8790"}],"wp:term":[{"taxonomy":"category","embeddable":true,"href":"https:\/\/radiopoloniawinnipeg.com\/index.php\/wp-json\/wp\/v2\/categories?post=8790"},{"taxonomy":"post_tag","embeddable":true,"href":"https:\/\/radiopoloniawinnipeg.com\/index.php\/wp-json\/wp\/v2\/tags?post=8790"}],"curies":[{"name":"wp","href":"https:\/\/api.w.org\/{rel}","templated":true}]}}