{"id":8792,"date":"2026-04-30T19:15:07","date_gmt":"2026-04-30T23:15:07","guid":{"rendered":"https:\/\/radiopoloniawinnipeg.com\/index.php\/2026\/04\/30\/william-i-kate-pokazali-nowe-rodzinne-zdjecie-z-okazji-15-rocznicy-slubu\/"},"modified":"2026-04-30T19:15:07","modified_gmt":"2026-04-30T23:15:07","slug":"william-i-kate-pokazali-nowe-rodzinne-zdjecie-z-okazji-15-rocznicy-slubu","status":"publish","type":"post","link":"https:\/\/radiopoloniawinnipeg.com\/index.php\/2026\/04\/30\/william-i-kate-pokazali-nowe-rodzinne-zdjecie-z-okazji-15-rocznicy-slubu\/","title":{"rendered":"William i Kate pokazali nowe rodzinne zdj\u0119cie z okazji 15. rocznicy \u015blubu"},"content":{"rendered":"<p>Na fotografii opublikowanej na oficjalnym Instagramie pary kr\u00f3lewskiej wida\u0107 ksi\u0119cia Williama oraz Catherine, wcze\u015bniej znan\u0105 jako Kate Middleton. Le\u017c\u0105 oni na trawie razem ze swoimi trzema dzie\u0107mi \u2013 ksi\u0119ciem George\u2019em, ksi\u0119\u017cniczk\u0105 Charlotte i ksi\u0119ciem Louisem. Ca\u0142a rodzina u\u015bmiecha si\u0119 i wygl\u0105da na bardzo radosn\u0105.<\/p>\n<p>Zdj\u0119cie opatrzono podpisem \u201e\u015awi\u0119tujemy 15 lat ma\u0142\u017ce\u0144stwa\u201d oraz ikon\u0105 serca.<\/p>\n<p>Jak przypominaj\u0105 \u017ar\u00f3d\u0142a historyczne, William i Kate wzi\u0119li \u015blub w 2011 roku w Opactwie Westminsterskim w Londynie. Ceremonia by\u0142a ogl\u0105dana przez oko\u0142o miliard os\u00f3b na ca\u0142ym \u015bwiecie.<\/p>\n<p>Para pozna\u0142a si\u0119 podczas studi\u00f3w na Uniwersytecie St. Andrews w Szkocji. Pierwsze lata ma\u0142\u017ce\u0144stwa sp\u0119dzili w Anglesey w Walii, gdzie William szkoli\u0142 si\u0119 na pilota ratowniczego RAF.<\/p>\n<p>Podczas jednej z ostatnich wizyt William wspomina\u0142 ten okres, m\u00f3wi\u0105c, \u017ce bardzo dobrze go pami\u0119ta i \u017ce brakuje mu tamtego czasu, wsp\u00f3\u0142pracy z innymi i codziennej pracy.<\/p>\n<p>Doda\u0142 r\u00f3wnie\u017c, \u017ce czas w takim miejscu szybko mija, ale zostawia wiele wspomnie\u0144.<\/p>\n<p>Para kr\u00f3lewska doczeka\u0142a si\u0119 trojga dzieci: ksi\u0119cia George\u2019a, kt\u00f3ry urodzi\u0142 si\u0119 w 2013 roku, ksi\u0119\u017cniczki Charlotte w 2015 roku oraz ksi\u0119cia Louisa, kt\u00f3ry przyszed\u0142 na \u015bwiat w 2018 roku.<\/p>\n","protected":false},"excerpt":{"rendered":"<p>Na fotografii opublikowanej na oficjalnym Instagramie pary kr\u00f3lewskiej wida\u0107 ksi\u0119cia Williama oraz Catherine, wcze\u015bniej znan\u0105 jako Kate Middleton. Le\u017c\u0105 oni na trawie razem ze swoimi&hellip;<\/p>\n","protected":false},"author":3,"featured_media":8793,"comment_status":"open","ping_status":"open","sticky":false,"template":"","format":"standard","meta":{"footnotes":""},"categories":[15,18],"tags":[],"class_list":["post-8792","post","type-post","status-publish","format-standard","has-post-thumbnail","hentry","category-swiat","category-top-news"],"_links":{"self":[{"href":"https:\/\/radiopoloniawinnipeg.com\/index.php\/wp-json\/wp\/v2\/posts\/8792","targetHints":{"allow":["GET"]}}],"collection":[{"href":"https:\/\/radiopoloniawinnipeg.com\/index.php\/wp-json\/wp\/v2\/posts"}],"about":[{"href":"https:\/\/radiopoloniawinnipeg.com\/index.php\/wp-json\/wp\/v2\/types\/post"}],"author":[{"embeddable":true,"href":"https:\/\/radiopoloniawinnipeg.com\/index.php\/wp-json\/wp\/v2\/users\/3"}],"replies":[{"embeddable":true,"href":"https:\/\/radiopoloniawinnipeg.com\/index.php\/wp-json\/wp\/v2\/comments?post=8792"}],"version-history":[{"count":0,"href":"https:\/\/radiopoloniawinnipeg.com\/index.php\/wp-json\/wp\/v2\/posts\/8792\/revisions"}],"wp:featuredmedia":[{"embeddable":true,"href":"https:\/\/radiopoloniawinnipeg.com\/index.php\/wp-json\/wp\/v2\/media\/8793"}],"wp:attachment":[{"href":"https:\/\/radiopoloniawinnipeg.com\/index.php\/wp-json\/wp\/v2\/media?parent=8792"}],"wp:term":[{"taxonomy":"category","embeddable":true,"href":"https:\/\/radiopoloniawinnipeg.com\/index.php\/wp-json\/wp\/v2\/categories?post=8792"},{"taxonomy":"post_tag","embeddable":true,"href":"https:\/\/radiopoloniawinnipeg.com\/index.php\/wp-json\/wp\/v2\/tags?post=8792"}],"curies":[{"name":"wp","href":"https:\/\/api.w.org\/{rel}","templated":true}]}}