{"id":8826,"date":"2026-05-02T12:15:05","date_gmt":"2026-05-02T16:15:05","guid":{"rendered":"https:\/\/radiopoloniawinnipeg.com\/index.php\/2026\/05\/02\/trump-zapowieda-podniesienie-cel-na-samochody-unii-europejskiej-do-25-procent\/"},"modified":"2026-05-02T12:15:05","modified_gmt":"2026-05-02T16:15:05","slug":"trump-zapowieda-podniesienie-cel-na-samochody-unii-europejskiej-do-25-procent","status":"publish","type":"post","link":"https:\/\/radiopoloniawinnipeg.com\/index.php\/2026\/05\/02\/trump-zapowieda-podniesienie-cel-na-samochody-unii-europejskiej-do-25-procent\/","title":{"rendered":"Trump zapowieda podniesienie ce\u0142 na samochody Unii Europejskiej do 25 procent"},"content":{"rendered":"<p><strong>Prezydent Donald Trump zapowiedzia\u0142 podniesienie ce\u0142 na samochody i ci\u0119\u017car\u00f3wki importowane z Unii Europejskiej do 25 procent. Decyzja ta wejdzie w \u017cycie ju\u017c w przysz\u0142ym tygodniu i stanowi bezpo\u015bredni efekt braku porozumienia w kwestiach handlowych mi\u0119dzy Stanami Zjednoczonymi a blokiem europejskim.<\/strong><\/p>\n<p>Trump og\u0142osi\u0142 t\u0119 informacj\u0119 za po\u015brednictwem medi\u00f3w spo\u0142eczno\u015bciowych, podkre\u015blaj\u0105c, \u017ce Unia Europejska nie wywi\u0105zuje si\u0119 z ustale\u0144 wcze\u015bniej zawartego porozumienia handlowego. Wed\u0142ug prezydenta, mimo podpisanych um\u00f3w strona europejska nie przestrzega zobowi\u0105za\u0144, co zmusi\u0142o administracj\u0119 ameryka\u0144sk\u0105 do podj\u0119cia zdecydowanych krok\u00f3w ochronnych. Podwy\u017cka ce\u0142 z dotychczasowego poziomu 15 procent ma na celu wymuszenie na europejskich producentach wi\u0119kszej wsp\u00f3\u0142pracy oraz przyspieszenie decyzji o przenoszeniu produkcji do Stan\u00f3w Zjednoczonych.<\/p>\n<p>W swoim komunikacie Trump jasno stwierdzi\u0142, \u017ce samochody i ci\u0119\u017car\u00f3wki produkowane w ameryka\u0144skich fabrykach nie b\u0119d\u0105 obj\u0119te nowymi c\u0142ami. Zach\u0119ca tym samym firmy takie jak Volkswagen, BMW, Mercedes-Benz czy Stellantis do inwestowania w zak\u0142ady na terenie USA, co mia\u0142oby stworzy\u0107 nowe miejsca pracy dla ameryka\u0144skich obywateli i wzmocni\u0107 lokaln\u0105 gospodark\u0119. Prezydent podkre\u015bli\u0142, \u017ce podwy\u017cka ce\u0142 przyniesie miliardy dolar\u00f3w dodatkowych wp\u0142yw\u00f3w do bud\u017cetu federalnego i pomo\u017ce w walce o bardziej zr\u00f3wnowa\u017con\u0105 wymian\u0119 handlow\u0105.<\/p>\n<p>Decyzja ta mo\u017ce znacz\u0105co wp\u0142yn\u0105\u0107 na ca\u0142y sektor motoryzacyjny. Europejscy producenci, dla kt\u00f3rych rynek ameryka\u0144ski jest jednym z kluczowych, stan\u0105 przed wy\u017cszymi kosztami eksportu, co prawdopodobnie prze\u0142o\u017cy si\u0119 na wzrost cen samochod\u00f3w dla ameryka\u0144skich konsument\u00f3w. Analitycy wskazuj\u0105, \u017ce w d\u0142u\u017cszej perspektywie mo\u017ce to przyspieszy\u0107 proces relokacji produkcji, ale w kr\u00f3tkim terminie wywo\u0142a turbulencje na rynkach finansowych i w \u0142a\u0144cuchach dostaw.<\/p>\n<p>Unia Europejska zapowiedzia\u0142a ju\u017c, \u017ce b\u0119dzie analizowa\u0107 sytuacj\u0119 i rozwa\u017cy odpowiednie kroki odwetowe, co otwiera drog\u0119 do eskalacji napi\u0119\u0107 handlowych mi\u0119dzy dwoma najwi\u0119kszymi gospodarkami \u015bwiata. Dla wielu obserwator\u00f3w jest to kontynuacja polityki \u201eAmerica First\u201d, w kt\u00f3rej Trump konsekwentnie u\u017cywa narz\u0119dzi celnych do ochrony interes\u00f3w Stan\u00f3w Zjednoczonych.<\/p>\n<p>Podwy\u017cka ce\u0142 na samochody z UE wpisuje si\u0119 w szerszy kontekst renegocjacji mi\u0119dzynarodowych um\u00f3w handlowych. Prezydent Trump od pocz\u0105tku swojej kadencji podkre\u015bla\u0142 potrzeb\u0119 eliminowania deficyt\u00f3w handlowych i zapewnienia ameryka\u0144skim firmom oraz pracownikom uczciwych warunk\u00f3w konkurencji. Sp\u00f3r z Uni\u0105 Europejsk\u0105 pokazuje, jak daleko got\u00f3w jest posun\u0105\u0107 si\u0119 w obronie tych priorytet\u00f3w, nawet je\u015bli oznacza to ryzyko konfliktu z tradycyjnymi sojusznikami.<\/p>\n","protected":false},"excerpt":{"rendered":"<p>Prezydent Donald Trump zapowiedzia\u0142 podniesienie ce\u0142 na samochody i ci\u0119\u017car\u00f3wki importowane z Unii Europejskiej do 25 procent. Decyzja ta wejdzie w \u017cycie ju\u017c w przysz\u0142ym&hellip;<\/p>\n","protected":false},"author":3,"featured_media":8827,"comment_status":"open","ping_status":"open","sticky":false,"template":"","format":"standard","meta":{"footnotes":""},"categories":[15,18],"tags":[],"class_list":["post-8826","post","type-post","status-publish","format-standard","has-post-thumbnail","hentry","category-swiat","category-top-news"],"_links":{"self":[{"href":"https:\/\/radiopoloniawinnipeg.com\/index.php\/wp-json\/wp\/v2\/posts\/8826","targetHints":{"allow":["GET"]}}],"collection":[{"href":"https:\/\/radiopoloniawinnipeg.com\/index.php\/wp-json\/wp\/v2\/posts"}],"about":[{"href":"https:\/\/radiopoloniawinnipeg.com\/index.php\/wp-json\/wp\/v2\/types\/post"}],"author":[{"embeddable":true,"href":"https:\/\/radiopoloniawinnipeg.com\/index.php\/wp-json\/wp\/v2\/users\/3"}],"replies":[{"embeddable":true,"href":"https:\/\/radiopoloniawinnipeg.com\/index.php\/wp-json\/wp\/v2\/comments?post=8826"}],"version-history":[{"count":0,"href":"https:\/\/radiopoloniawinnipeg.com\/index.php\/wp-json\/wp\/v2\/posts\/8826\/revisions"}],"wp:featuredmedia":[{"embeddable":true,"href":"https:\/\/radiopoloniawinnipeg.com\/index.php\/wp-json\/wp\/v2\/media\/8827"}],"wp:attachment":[{"href":"https:\/\/radiopoloniawinnipeg.com\/index.php\/wp-json\/wp\/v2\/media?parent=8826"}],"wp:term":[{"taxonomy":"category","embeddable":true,"href":"https:\/\/radiopoloniawinnipeg.com\/index.php\/wp-json\/wp\/v2\/categories?post=8826"},{"taxonomy":"post_tag","embeddable":true,"href":"https:\/\/radiopoloniawinnipeg.com\/index.php\/wp-json\/wp\/v2\/tags?post=8826"}],"curies":[{"name":"wp","href":"https:\/\/api.w.org\/{rel}","templated":true}]}}