{"id":8834,"date":"2026-05-02T14:15:06","date_gmt":"2026-05-02T18:15:06","guid":{"rendered":"https:\/\/radiopoloniawinnipeg.com\/index.php\/2026\/05\/02\/w-nocy-i-nielegalnie-zainstalowano-w-centrum-londynu-pomnik-zrobiony-przez-banksy-ego\/"},"modified":"2026-05-02T14:15:06","modified_gmt":"2026-05-02T18:15:06","slug":"w-nocy-i-nielegalnie-zainstalowano-w-centrum-londynu-pomnik-zrobiony-przez-banksy-ego","status":"publish","type":"post","link":"https:\/\/radiopoloniawinnipeg.com\/index.php\/2026\/05\/02\/w-nocy-i-nielegalnie-zainstalowano-w-centrum-londynu-pomnik-zrobiony-przez-banksy-ego\/","title":{"rendered":"W nocy i nielegalnie zainstalowano w centrum Londynu pomnik zrobiony przez Banksy\u2019ego"},"content":{"rendered":"<p><a href=\"https:\/\/bejsment.com\/wp-content\/uploads\/2026\/05\/bannkkk22-e1777732337595.jpeg\"><img decoding=\"async\" loading=\"lazy\" class=\"aligncenter size-custom-full-size wp-image-242858\" src=\"https:\/\/bejsment.com\/wp-content\/uploads\/2026\/05\/bannkkk22-e1777732337595-636x379.jpeg\" alt=\"\" width=\"636\" height=\"379\" \/><\/a>W centrum Londynu, na Waterloo Place, nieoczekiwanie pojawi\u0142 si\u0119 nowy pomnik autorstwa Banksy\u2019ego. Rze\u017aba, przedstawiaj\u0105ca ubranego w garnitur m\u0119\u017cczyzn\u0119 krocz\u0105cego naprz\u00f3d z flag\u0105 ca\u0142kowicie zakrywaj\u0105c\u0105 mu twarz, zosta\u0142a zainstalowana pod os\u0142on\u0105 nocy bez uzyskania oficjalnych pozwole\u0144. Artysta potwierdzi\u0142 swoje autorstwo, publikuj\u0105c na Instagramie film z nocnej instalacji dzie\u0142a.<\/p>\n<p>Pomnik stan\u0105\u0142 na pustym cokole w presti\u017cowej lokalizacji, otoczonej historycznymi pos\u0105gami Edwarda VII, Florence Nightingale oraz pomnikiem upami\u0119tniaj\u0105cym wojn\u0119 krymsk\u0105. Banksy, znany z prowokacyjnych i cz\u0119sto nielegalnych interwencji w przestrzeni publicznej, po raz kolejny zaskoczy\u0142 opini\u0119 publiczn\u0105. Wideo zamieszczone przez artyst\u0119 pokazuje, jak ekipa z u\u017cyciem d\u017awigu i ci\u0119\u017car\u00f3wki ustawia rze\u017ab\u0119 w \u015brodku nocy, a przechodzie\u0144 zapytany o opini\u0119 odpowiada kr\u00f3tko: \u201eNie, nie podoba mi si\u0119\u201d.<\/p>\n<p><a href=\"https:\/\/bejsment.com\/wp-content\/uploads\/2026\/05\/bannkkk334444.png\"><img decoding=\"async\" loading=\"lazy\" class=\"aligncenter size-custom-full-size wp-image-242859\" src=\"https:\/\/bejsment.com\/wp-content\/uploads\/2026\/05\/bannkkk334444-636x358.png\" alt=\"\" width=\"636\" height=\"358\" \/><\/a>Instalacja odby\u0142a si\u0119 bez zgody w\u0142adz miejskich. Rada Westminsteru potwierdzi\u0142a, \u017ce nie otrzyma\u0142a \u017cadnego powiadomienia ani wniosku o pozwolenie na umieszczenie pomnika w tym miejscu. Mimo to, w reakcji na wydarzenie, urz\u0119dnicy postanowili nie usuwa\u0107 dzie\u0142a. Zamiast tego otoczono je barierkami ochronnymi, aby zapewni\u0107 bezpiecze\u0144stwo zwiedzaj\u0105cym, kt\u00f3rzy t\u0142umnie przybywaj\u0105, by zobaczy\u0107 kontrowersyjn\u0105 rze\u017ab\u0119. W\u0142adze okre\u015bli\u0142y pomnik jako \u201eciekaw\u0105 i uderzaj\u0105cy dodatek\u201d do londy\u0144skiej sceny artystycznej, podkre\u015blaj\u0105c jego warto\u015b\u0107 kulturow\u0105.<\/p>\n<p>Reakcje na dzia\u0142anie Banksy\u2019ego s\u0105 mieszane. Zwolennicy artysty chwal\u0105 go za kolejny odwa\u017cny gest, interpretuj\u0105c rze\u017ab\u0119 jako komentarz do \u015blepego patriotyzmu, nacjonalizmu czy politycznych lider\u00f3w maszeruj\u0105cych ku przepa\u015bci z zas\u0142oni\u0119tymi oczami. Krytycy natomiast wskazuj\u0105 na arogancj\u0119 instalacji bez zgody i pytaj\u0105, jak mo\u017cliwe by\u0142o przeprowadzenie takiej operacji w sercu Londynu, w strefie o zaostrzonych \u015brodkach bezpiecze\u0144stwa. Niekt\u00f3rzy komentatorzy widz\u0105 w tym dow\u00f3d na to, \u017ce Banksy nadal potrafi obchodzi\u0107 system, jednocze\u015bnie generuj\u0105c ogromne zainteresowanie medi\u00f3w.<\/p>\n<p>Na razie pomnik pozostaje na swoim miejscu, przyci\u0105gaj\u0105c t\u0142umy turyst\u00f3w i londy\u0144czyk\u00f3w. Sprawa nie wywo\u0142a\u0142a na razie oficjalnych sankcji wobec artysty, co tylko podkre\u015bla jego wyj\u0105tkow\u0105 pozycj\u0119 w \u015bwiecie sztuki ulicznej. Banksy raz jeszcze udowodni\u0142, \u017ce jego dzia\u0142ania potrafi\u0105 nie tylko prowokowa\u0107 dyskusj\u0119, ale tak\u017ce na sta\u0142e wpisa\u0107 si\u0119 w krajobraz jednego z najbardziej ikonicznych miast \u015bwiata.<\/p>\n","protected":false},"excerpt":{"rendered":"<p>W centrum Londynu, na Waterloo Place, nieoczekiwanie pojawi\u0142 si\u0119 nowy pomnik autorstwa Banksy\u2019ego. Rze\u017aba, przedstawiaj\u0105ca ubranego w garnitur m\u0119\u017cczyzn\u0119 krocz\u0105cego naprz\u00f3d z flag\u0105 ca\u0142kowicie zakrywaj\u0105c\u0105&hellip;<\/p>\n","protected":false},"author":3,"featured_media":8835,"comment_status":"open","ping_status":"open","sticky":false,"template":"","format":"standard","meta":{"footnotes":""},"categories":[15,18],"tags":[],"class_list":["post-8834","post","type-post","status-publish","format-standard","has-post-thumbnail","hentry","category-swiat","category-top-news"],"_links":{"self":[{"href":"https:\/\/radiopoloniawinnipeg.com\/index.php\/wp-json\/wp\/v2\/posts\/8834","targetHints":{"allow":["GET"]}}],"collection":[{"href":"https:\/\/radiopoloniawinnipeg.com\/index.php\/wp-json\/wp\/v2\/posts"}],"about":[{"href":"https:\/\/radiopoloniawinnipeg.com\/index.php\/wp-json\/wp\/v2\/types\/post"}],"author":[{"embeddable":true,"href":"https:\/\/radiopoloniawinnipeg.com\/index.php\/wp-json\/wp\/v2\/users\/3"}],"replies":[{"embeddable":true,"href":"https:\/\/radiopoloniawinnipeg.com\/index.php\/wp-json\/wp\/v2\/comments?post=8834"}],"version-history":[{"count":0,"href":"https:\/\/radiopoloniawinnipeg.com\/index.php\/wp-json\/wp\/v2\/posts\/8834\/revisions"}],"wp:featuredmedia":[{"embeddable":true,"href":"https:\/\/radiopoloniawinnipeg.com\/index.php\/wp-json\/wp\/v2\/media\/8835"}],"wp:attachment":[{"href":"https:\/\/radiopoloniawinnipeg.com\/index.php\/wp-json\/wp\/v2\/media?parent=8834"}],"wp:term":[{"taxonomy":"category","embeddable":true,"href":"https:\/\/radiopoloniawinnipeg.com\/index.php\/wp-json\/wp\/v2\/categories?post=8834"},{"taxonomy":"post_tag","embeddable":true,"href":"https:\/\/radiopoloniawinnipeg.com\/index.php\/wp-json\/wp\/v2\/tags?post=8834"}],"curies":[{"name":"wp","href":"https:\/\/api.w.org\/{rel}","templated":true}]}}