{"id":8836,"date":"2026-05-02T16:15:06","date_gmt":"2026-05-02T20:15:06","guid":{"rendered":"https:\/\/radiopoloniawinnipeg.com\/index.php\/2026\/05\/02\/tragiczny-wypadek-autobusu-w-meksyku-co-najmniej-11-ofiar-smiertelnych\/"},"modified":"2026-05-02T16:15:06","modified_gmt":"2026-05-02T20:15:06","slug":"tragiczny-wypadek-autobusu-w-meksyku-co-najmniej-11-ofiar-smiertelnych","status":"publish","type":"post","link":"https:\/\/radiopoloniawinnipeg.com\/index.php\/2026\/05\/02\/tragiczny-wypadek-autobusu-w-meksyku-co-najmniej-11-ofiar-smiertelnych\/","title":{"rendered":"Tragiczny wypadek autobusu w Meksyku. Co najmniej 11 ofiar \u015bmiertelnych"},"content":{"rendered":"<p><img decoding=\"async\" loading=\"lazy\" class=\"aligncenter size-custom-full-size wp-image-242833\" src=\"https:\/\/bejsment.com\/wp-content\/uploads\/2026\/05\/aawypadekmeksyk-636x359.jpg\" alt=\"\" width=\"636\" height=\"359\" \/><\/p>\n<p><strong>Co najmniej 11 os\u00f3b zgin\u0119\u0142o, a 31 zosta\u0142o rannych w wyniku wypadku autobusu turystycznego w zachodnim Meksyku. Do tragedii dosz\u0142o w stanie Nayarit podczas d\u0142ugiego weekendu zwi\u0105zanego ze \u015awi\u0119tem Pracy. S\u0142u\u017cby badaj\u0105 przyczyny zdarzenia; jedn\u0105 z rozwa\u017canych hipotez jest awaria uk\u0142adu hamulcowego.<\/strong><\/p>\n<p>Autobus, kt\u00f3ry wyruszy\u0142 ze stanu Jalisco, wypad\u0142 z drogi i dachowa\u0142 w pobli\u017cu miejscowo\u015bci Amatl\u00e1n de Ca\u00f1as. Jak poinformowa\u0142y w\u0142adze stanowe, cytowane przez Reutersa, pasa\u017cerowie byli w drodze do jednego z lokalnych o\u015brodk\u00f3w wypoczynkowych.<\/p>\n<p>W akcji ratunkowej uczestniczy\u0142y s\u0142u\u017cby ze stan\u00f3w Nayarit i Jalisco. Prowadzone dzia\u0142ania wymaga\u0142y czasowego zamkni\u0119cia odcinka drogi. R\u00f3wnolegle s\u0142u\u017cby techniczne oraz prokuratura wszcz\u0119\u0142y czynno\u015bci maj\u0105ce na celu ustalenie bezpo\u015brednich przyczyn katastrofy.<\/p>\n<p>Na materia\u0142ach udost\u0119pnionych przez ratownik\u00f3w wida\u0107 przewr\u00f3cony na bok, powa\u017cnie uszkodzony autokar, pokryty b\u0142otem. Skala zniszcze\u0144 wskazuje na du\u017c\u0105 si\u0142\u0119 uderzenia.<\/p>\n<p>Ze wst\u0119pnych ustale\u0144 lokalnej policji, przytaczanych przez dziennik El Universal, wynika, \u017ce \u015bledczy analizuj\u0105 mo\u017cliwo\u015b\u0107 awarii uk\u0142adu hamulcowego pojazdu. Jednocze\u015bnie Reuters przypomina, \u017ce w Ameryce \u0141aci\u0144skiej stosunkowo cz\u0119sto dochodzi do tragicznych w skutkach wypadk\u00f3w drogowych.<\/p>\n<p>We wrze\u015bniu ubieg\u0142ego roku w centralnym Meksyku co najmniej 10 os\u00f3b zgin\u0119\u0142o, a 61 zosta\u0142o rannych w wyniku zderzenia poci\u0105gu towarowego z pi\u0119trowym autobusem pasa\u017cerskim. Z kolei w lutym 2025 roku, w po\u0142udniowej cz\u0119\u015bci kraju, dosz\u0142o do jeszcze wi\u0119kszej katastrofy \u2013 w zderzeniu autobusu jad\u0105cego z Canc\u00fan do stanu Tabasco z ci\u0119\u017car\u00f3wk\u0105 zgin\u0119\u0142o ponad 40 os\u00f3b, a pojazd stan\u0105\u0142 w p\u0142omieniach.<\/p>\n<p>Reuters zwraca uwag\u0119, \u017ce autobusy dalekobie\u017cne pozostaj\u0105 kluczowym elementem infrastruktury transportowej w Meksyku, co wynika z niedostatecznie rozwini\u0119tej sieci pasa\u017cerskich po\u0142\u0105cze\u0144 kolejowych.<\/p>\n<p>Prezydent Claudia Sheinbaum zapowiedzia\u0142a rozbudow\u0119 krajowej sieci kolejowej jako jeden z priorytet\u00f3w swojej polityki. Inwestycje te maj\u0105 poprawi\u0107 skomunikowanie region\u00f3w p\u00f3\u0142nocnych i centralnych, a tak\u017ce zwi\u0119kszy\u0107 bezpiecze\u0144stwo podr\u00f3\u017cnych poprzez ograniczenie nat\u0119\u017cenia ruchu drogowego i zmniejszenie zale\u017cno\u015bci kraju od transportu autobusowego.<\/p>\n","protected":false},"excerpt":{"rendered":"<p>Co najmniej 11 os\u00f3b zgin\u0119\u0142o, a 31 zosta\u0142o rannych w wyniku wypadku autobusu turystycznego w zachodnim Meksyku. Do tragedii dosz\u0142o w stanie Nayarit podczas d\u0142ugiego&hellip;<\/p>\n","protected":false},"author":3,"featured_media":8837,"comment_status":"open","ping_status":"open","sticky":false,"template":"","format":"standard","meta":{"footnotes":""},"categories":[15,18],"tags":[],"class_list":["post-8836","post","type-post","status-publish","format-standard","has-post-thumbnail","hentry","category-swiat","category-top-news"],"_links":{"self":[{"href":"https:\/\/radiopoloniawinnipeg.com\/index.php\/wp-json\/wp\/v2\/posts\/8836","targetHints":{"allow":["GET"]}}],"collection":[{"href":"https:\/\/radiopoloniawinnipeg.com\/index.php\/wp-json\/wp\/v2\/posts"}],"about":[{"href":"https:\/\/radiopoloniawinnipeg.com\/index.php\/wp-json\/wp\/v2\/types\/post"}],"author":[{"embeddable":true,"href":"https:\/\/radiopoloniawinnipeg.com\/index.php\/wp-json\/wp\/v2\/users\/3"}],"replies":[{"embeddable":true,"href":"https:\/\/radiopoloniawinnipeg.com\/index.php\/wp-json\/wp\/v2\/comments?post=8836"}],"version-history":[{"count":0,"href":"https:\/\/radiopoloniawinnipeg.com\/index.php\/wp-json\/wp\/v2\/posts\/8836\/revisions"}],"wp:featuredmedia":[{"embeddable":true,"href":"https:\/\/radiopoloniawinnipeg.com\/index.php\/wp-json\/wp\/v2\/media\/8837"}],"wp:attachment":[{"href":"https:\/\/radiopoloniawinnipeg.com\/index.php\/wp-json\/wp\/v2\/media?parent=8836"}],"wp:term":[{"taxonomy":"category","embeddable":true,"href":"https:\/\/radiopoloniawinnipeg.com\/index.php\/wp-json\/wp\/v2\/categories?post=8836"},{"taxonomy":"post_tag","embeddable":true,"href":"https:\/\/radiopoloniawinnipeg.com\/index.php\/wp-json\/wp\/v2\/tags?post=8836"}],"curies":[{"name":"wp","href":"https:\/\/api.w.org\/{rel}","templated":true}]}}