{"id":887,"date":"2025-04-22T11:30:02","date_gmt":"2025-04-22T15:30:02","guid":{"rendered":"https:\/\/radiopoloniawinnipeg.com\/index.php\/2025\/04\/22\/pamiec-o-papiezu-franciszku-pozostaje-zywa-wsrod-rdzennych-kanadyjczykow\/"},"modified":"2025-04-22T11:30:02","modified_gmt":"2025-04-22T15:30:02","slug":"pamiec-o-papiezu-franciszku-pozostaje-zywa-wsrod-rdzennych-kanadyjczykow","status":"publish","type":"post","link":"https:\/\/radiopoloniawinnipeg.com\/index.php\/2025\/04\/22\/pamiec-o-papiezu-franciszku-pozostaje-zywa-wsrod-rdzennych-kanadyjczykow\/","title":{"rendered":"Pami\u0119\u0107 o papie\u017cu Franciszku pozostaje \u017cywa w\u015br\u00f3d rdzennych Kanadyjczyk\u00f3w"},"content":{"rendered":"<p>Cho\u0107 od wizyty papie\u017ca Franciszka w Kanadzie min\u0119\u0142y niemal trzy lata, jego s\u0142owa przeprosin za rol\u0119 Ko\u015bcio\u0142a katolickiego w systemie szk\u00f3\u0142 rezydencjalnych wci\u0105\u017c rezonuj\u0105 w\u015br\u00f3d wielu rdzennych ocala\u0142ych. \u2013 Jego przeprosiny nadal maj\u0105 dla nas ogromne znaczenie \u2013 powiedzia\u0142 Piita Irniq w wywiadzie udzielonym po otrzymaniu informacji o \u015bmierci papie\u017ca. Franciszek zmar\u0142 w wieku 88 lat. W lipcu 2022 roku Irniq by\u0142 w Iqaluit, gdzie papie\u017c zako\u0144czy\u0142 swoj\u0105 pielgrzymk\u0119 po Kanadzie, okre\u015blan\u0105 mianem \u201epielgrzymki pokutnej\u201d. Irniq, by\u0142y polityk, jako dziecko ucz\u0119szcza\u0142 do szko\u0142y z internatem w Chesterfield Inlet na terenie dzisiejszego Nunavut. Do\u015bwiadczy\u0142 tam przemocy ze strony zakonnicy oraz przymusowego odci\u0119cia od kultury i j\u0119zyka Inuit\u00f3w. W Nunavut Franciszek spotka\u0142 si\u0119 z ocala\u0142ymi, kt\u00f3rzy podzielili si\u0119 swoimi historiami, a tak\u017ce zaprezentowali tradycyjne ta\u0144ce, gr\u0119 na b\u0119bnach i \u015bpiew gard\u0142owy \u2013 praktyki, kt\u00f3re by\u0142y zakazane w szko\u0142ach rezydencjalnych. \u2013 Przyszed\u0142 do nas, by s\u0142ucha\u0107. Chcia\u0142 poczu\u0107, co prze\u017cyli\u015bmy. Mam dla niego ogromny szacunek \u2013 wspomina Irniq. \u2013 Zawsze uwa\u017ca\u0142em go za cz\u0142owieka pokoju, wsp\u00f3\u0142czucia i mi\u0142o\u015bci do wszystkich ludzi. Dla Irniqa szczeg\u00f3lne znaczenie mia\u0142o wykonanie ta\u0144ca b\u0119bnowego przed papie\u017cem \u2013 symboliczny gest oporu wobec pr\u00f3b asymilacji kulturowej. Wraz z synem przekaza\u0142 papie\u017cowi r\u0119cznie wykonany b\u0119ben. Przeprosiny papie\u017ca by\u0142y efektem wieloletnich stara\u0144 ze strony rdzennych spo\u0142eczno\u015bci. Ju\u017c w 2009 roku delegacja z Kanady, z\u0142o\u017cona m.in. z Phila Fontaine\u2019a i Piity Irniqa, spotka\u0142a si\u0119 z papie\u017cem Benedyktem XVI, prosz\u0105c o przeprosiny. Pro\u015bba ta zosta\u0142a wtedy odrzucona. Dopiero w 2015 roku Kanadyjska Komisja Prawdy i Pojednania formalnie wezwa\u0142a papie\u017ca do z\u0142o\u017cenia przeprosin na kanadyjskiej ziemi. W 2022 roku Franciszek spe\u0142ni\u0142 t\u0119 pro\u015bb\u0119, najpierw przepraszaj\u0105c w Watykanie, a nast\u0119pnie odwiedzaj\u0105c Kanad\u0119. W Maskwacis w Albercie papie\u017c wyrazi\u0142 wstyd i prosi\u0142 o przebaczenie za nadu\u017cycia, jakich dopu\u015bcili si\u0119 przedstawiciele Ko\u015bcio\u0142a, oraz za szkody wynikaj\u0105ce z polityki przymusowej asymilacji rdzennych dzieci. \u2013 Papie\u017c Franciszek by\u0142 cz\u0142owiekiem honoru \u2013 powiedzia\u0142 Phil Fontaine, by\u0142y szef Zgromadzenia Pierwszych Narod\u00f3w. \u2013 By\u0142 pokorny, odwa\u017cny i da\u0142 nadziej\u0119 na prawdziwe pojednanie. Fontaine jako jeden z pierwszych publicznie opowiedzia\u0142 o nadu\u017cyciach, jakich dozna\u0142 w szkole rezydencjalnej Fort Alexander w Manitobie w 1990 roku. Przypomnia\u0142, \u017ce oko\u0142o 150 tysi\u0119cy rdzennych dzieci by\u0142o zmuszonych do ucz\u0119szczania do szk\u00f3\u0142 rezydencjalnych, z czego ponad 60 procent prowadzi\u0142 Ko\u015bci\u00f3\u0142 katolicki. Cho\u0107 dla wielu przeprosiny Franciszka by\u0142y wa\u017cnym krokiem, cz\u0119\u015b\u0107 ocala\u0142ych krytykowa\u0142a go za brak konkretnych odniesie\u0144 do zbrodni i nadu\u017cy\u0107. Inni podkre\u015blali, \u017ce s\u0142owa musz\u0105 zosta\u0107 poparte czynami. \u2013 Ko\u015bci\u00f3\u0142 musi pozosta\u0107 zaanga\u017cowany w proces pojednania \u2013 m\u00f3wi\u0142 Fontaine. \u2013 Musi m\u00f3wi\u0107 prawd\u0119 i aktywnie wspiera\u0107 nas w tej trudnej drodze. Fontaine zaznaczy\u0142 te\u017c, \u017ce jednym z element\u00f3w tej drogi jest odzyskanie \u015bwi\u0119tych przedmiot\u00f3w, znajduj\u0105cych si\u0119 obecnie w posiadaniu Watykanu. Trwaj\u0105 rozmowy z przedstawicielami Stolicy Apostolskiej w sprawie ich zwrotu \u2013 i jak podkre\u015bli\u0142, nie spodziewa si\u0119, by \u015bmier\u0107 papie\u017ca wstrzyma\u0142a ten proces. W poniedzia\u0142ek Jocelyne Robinson, cz\u0142onkini plemienia Algonquin Anishnaabe, wzi\u0119\u0142a udzia\u0142 we mszy wielkanocnej w Vancouver, gdzie wsp\u00f3lnie z innymi wiernymi uczci\u0142a pami\u0119\u0107 zmar\u0142ego papie\u017ca. \u2013 Uznaj\u0119 jego przeprosiny za odwa\u017cny gest. Zrobi\u0142 wiele dobrego, szczeg\u00f3lnie pod koniec swojego pontyfikatu \u2013 powiedzia\u0142a. Ksi\u0105dz Cristino Bouvette, proboszcz parafii Sacred Heart w Strathmore w Albercie, r\u00f3wnie\u017c wspomina tamt\u0105 wizyt\u0119 z ogromnym szacunkiem. \u2013 Od tego czasu odby\u0142o si\u0119 wiele wa\u017cnych rozm\u00f3w. I wiem, \u017ce b\u0119d\u0105 trwa\u0142y dalej, bo cho\u0107 min\u0119\u0142y trzy lata, ludzie wci\u0105\u017c o tym intensywnie my\u015bl\u0105 \u2013 powiedzia\u0142. Bouvette, kt\u00f3ry by\u0142 krajowym dyrektorem liturgicznym papieskiej wizyty, sam ma korzenie w\u0142oskie, Kri i Metys\u00f3w. Jego babcia by\u0142a ocala\u0142\u0105 ze szko\u0142y rezydencjalnej. \u2013 Nie ma dnia, bym nie my\u015bla\u0142 o tamtych chwilach \u2013 wyzna\u0142. \u2013 Dla katolickiego ksi\u0119dza by\u0142o to do\u015bwiadczenie, kt\u00f3re zostaje na ca\u0142e \u017cycie. Na podst. Canadian Press<\/p>\n","protected":false},"excerpt":{"rendered":"<p>Cho\u0107 od wizyty papie\u017ca Franciszka w Kanadzie min\u0119\u0142y niemal trzy lata, jego s\u0142owa przeprosin za rol\u0119 Ko\u015bcio\u0142a katolickiego w systemie szk\u00f3\u0142 rezydencjalnych wci\u0105\u017c rezonuj\u0105 w\u015br\u00f3d&hellip;<\/p>\n","protected":false},"author":3,"featured_media":888,"comment_status":"open","ping_status":"open","sticky":false,"template":"","format":"standard","meta":{"footnotes":""},"categories":[12,18],"tags":[],"class_list":["post-887","post","type-post","status-publish","format-standard","has-post-thumbnail","hentry","category-kanada","category-top-news"],"_links":{"self":[{"href":"https:\/\/radiopoloniawinnipeg.com\/index.php\/wp-json\/wp\/v2\/posts\/887","targetHints":{"allow":["GET"]}}],"collection":[{"href":"https:\/\/radiopoloniawinnipeg.com\/index.php\/wp-json\/wp\/v2\/posts"}],"about":[{"href":"https:\/\/radiopoloniawinnipeg.com\/index.php\/wp-json\/wp\/v2\/types\/post"}],"author":[{"embeddable":true,"href":"https:\/\/radiopoloniawinnipeg.com\/index.php\/wp-json\/wp\/v2\/users\/3"}],"replies":[{"embeddable":true,"href":"https:\/\/radiopoloniawinnipeg.com\/index.php\/wp-json\/wp\/v2\/comments?post=887"}],"version-history":[{"count":0,"href":"https:\/\/radiopoloniawinnipeg.com\/index.php\/wp-json\/wp\/v2\/posts\/887\/revisions"}],"wp:featuredmedia":[{"embeddable":true,"href":"https:\/\/radiopoloniawinnipeg.com\/index.php\/wp-json\/wp\/v2\/media\/888"}],"wp:attachment":[{"href":"https:\/\/radiopoloniawinnipeg.com\/index.php\/wp-json\/wp\/v2\/media?parent=887"}],"wp:term":[{"taxonomy":"category","embeddable":true,"href":"https:\/\/radiopoloniawinnipeg.com\/index.php\/wp-json\/wp\/v2\/categories?post=887"},{"taxonomy":"post_tag","embeddable":true,"href":"https:\/\/radiopoloniawinnipeg.com\/index.php\/wp-json\/wp\/v2\/tags?post=887"}],"curies":[{"name":"wp","href":"https:\/\/api.w.org\/{rel}","templated":true}]}}